{"id":1404,"date":"2020-05-08T19:15:40","date_gmt":"2020-05-08T17:15:40","guid":{"rendered":"https:\/\/agora.xtec.cat\/iesguinovarda\/?p=1404"},"modified":"2020-06-22T06:47:48","modified_gmt":"2020-06-22T04:47:48","slug":"preinscripcio-curs-2020-2021-2","status":"publish","type":"post","link":"https:\/\/agora.xtec.cat\/iesguinovarda\/general\/preinscripcio-curs-2020-2021-2\/","title":{"rendered":"PREINSCRIPCI\u00d3 CURS 2020-2021"},"content":{"rendered":"<p><span style=\"text-decoration: underline;\"><span style=\"color: #ff6600;\"><strong>ESO<\/strong><\/span><\/span><\/p>\n<div>&#8211;\u00a0<b>Els alumnes de 1r, 2n i 3r d&#8217;ESO\u00a0<\/b>que vulguin continuar a l&#8217;Institut Guinovarda no cal que facin res. Tenen la pla\u00e7a garantida, queda confirmada autom\u00e0ticament.<\/div>\n<div><\/div>\n<div><\/div>\n<div><strong>&#8211; Per als alumnes provinents d&#8217;altres centres:<\/strong><\/div>\n<div><\/div>\n<div>Han de fer la preinscripci\u00f3:<\/div>\n<div><\/div>\n<p>DE FORMA TELEM\u00c0TICA: Del 13 al 22 de maig<\/p>\n<p>DE FORMA PRESENCIAL: Del 19 al 22 de maig.<span style=\"font-family: inherit; font-size: 1em;\">\u00a0Durant uns dies es podr\u00e0 fer presencialment, nom\u00e9s si hi hagut problemes en fer la preinscripci\u00f3 telem\u00e0tica o hi ha hagut la impossibilitat de fer-ho. No hi haur\u00e0 hores per a tothom. <\/span><span style=\"font-family: inherit; font-size: 1em;\">Caldr\u00e0 demanar\u00a0 clicant aqu\u00ed: <\/span><a style=\"font-family: inherit; font-size: 1em;\" href=\"https:\/\/aplicacions.gestioeducativa.gencat.cat\/pls\/apex\/f?p=CITA_PREVIA:4::::4:P4_TIPUS_CALENDARI,P4_DOMINI:01_Oblig,08047820\" target=\"_blank\" rel=\"noopener noreferrer\">CITA PR\u00c8VIA\u00a0<\/a><span style=\"font-family: inherit; font-size: 1em;\">.\u00a0<\/span><\/p>\n<p>Per a m\u00e9s informaci\u00f3 sobre documentaci\u00f3 i tr\u00e0mits clicar el seg\u00fcent enlla\u00e7: <a href=\"https:\/\/agora.xtec.cat\/iesguinovarda\/secretaria\/preincripcio\/preinscripcio-eso\/\">PREINSCRIPCI\u00d3 ESO<\/a><\/p>\n<p><span style=\"text-decoration: underline;\"><strong><span style=\"color: #ff6600; text-decoration: underline;\">BATXILLERAT<\/span><\/strong><\/span><\/p>\n<ul>\n<li>Els alumnes del Guinovarda de 4t d&#8217;ESO que vulguin fer Batxillerat no han de fer preinscripci\u00f3, ja han fet la reserva de pla\u00e7a en un q\u00fcestionari. Nom\u00e9s matr\u00edcula.<\/li>\n<li>Els alumnes que fan Batxillerat al Guinovarda i vulguin continuar fent Batxillerat, no cal que facin preinscripci\u00f3, nom\u00e9s matr\u00edcula.<\/li>\n<li>Per als alumnes provinents d&#8217;altres centres: Preinscripci\u00f3 del 27 de maig al 3 de juny<\/li>\n<\/ul>\n<p>Per a m\u00e9s informaci\u00f3 sobre documentaci\u00f3 i tr\u00e0mits clicar el seg\u00fcent enlla\u00e7: <a href=\"https:\/\/agora.xtec.cat\/iesguinovarda\/secretaria\/preincripcio\/preinscripcio-batxillerat\/\">PREINSCRIPCI\u00d3 BATXILLERAT<\/a><\/p>\n<p><span style=\"text-decoration: underline;\"><strong><span style=\"color: #ff6600; text-decoration: underline;\">CICLES FORMATIUS DE GRAU MITJ\u00c0<\/span><\/strong><\/span><\/p>\n<p>La preinscripci\u00f3 l&#8217;han de fer tots els alumnes independentment del centre del qual provinguin:<\/p>\n<p>Del 2 al 8 de juny<\/p>\n<p>Per a m\u00e9s informaci\u00f3 sobre documentaci\u00f3 i tr\u00e0mits clicar el seg\u00fcent enlla\u00e7: <a href=\"https:\/\/agora.xtec.cat\/iesguinovarda\/secretaria\/preincripcio\/preinscripcio-cicles-formatius\/\">PREINSCRIPCI\u00d3 CICLES<\/a><\/p>\n<p>&nbsp;<\/p>\n<p>&nbsp;<\/p>\n<p>&nbsp;<\/p>\n<p>&nbsp;<\/p>\n<p>&nbsp;<\/p>\n","protected":false},"excerpt":{"rendered":"<p>ESO<br \/>\n&#8211;\u00a0Els alumnes de 1r, 2n i 3r d&#8217;ESO\u00a0que vulguin continuar a l&#8217;Institut Guinovarda no cal que facin res. Tenen la pla\u00e7a garantida, queda confirmada autom\u00e0ticament.<\/p>\n<p>&#8211; Per als alumnes provinents d&#8217;altres centres:<\/p>\n<p>Han de fer la preinscripci\u00f3:<\/p>\n<p>DE FORMA TELEM\u00c0TICA: Del 13 al 22 de maig<br \/>\nDE FORMA PRESENCIAL:&hellip;  <a href=\"https:\/\/agora.xtec.cat\/iesguinovarda\/general\/preinscripcio-curs-2020-2021-2\/\" title=\"Read PREINSCRIPCI\u00d3 CURS 2020-2021\">Llegeix m\u00e9s\u00bb<\/a><\/p>\n","protected":false},"author":4,"featured_media":0,"comment_status":"closed","ping_status":"closed","sticky":false,"template":"","format":"standard","meta":{"_bbp_topic_count":0,"_bbp_reply_count":0,"_bbp_total_topic_count":0,"_bbp_total_reply_count":0,"_bbp_voice_count":0,"_bbp_anonymous_reply_count":0,"_bbp_topic_count_hidden":0,"_bbp_reply_count_hidden":0,"_bbp_forum_subforum_count":0,"footnotes":""},"categories":[1,29],"tags":[],"class_list":["post-1404","post","type-post","status-publish","format-standard","hentry","category-general","category-portada"],"post_mailing_queue_ids":[],"_links":{"self":[{"href":"https:\/\/agora.xtec.cat\/iesguinovarda\/wp-json\/wp\/v2\/posts\/1404","targetHints":{"allow":["GET"]}}],"collection":[{"href":"https:\/\/agora.xtec.cat\/iesguinovarda\/wp-json\/wp\/v2\/posts"}],"about":[{"href":"https:\/\/agora.xtec.cat\/iesguinovarda\/wp-json\/wp\/v2\/types\/post"}],"author":[{"embeddable":true,"href":"https:\/\/agora.xtec.cat\/iesguinovarda\/wp-json\/wp\/v2\/users\/4"}],"replies":[{"embeddable":true,"href":"https:\/\/agora.xtec.cat\/iesguinovarda\/wp-json\/wp\/v2\/comments?post=1404"}],"version-history":[{"count":3,"href":"https:\/\/agora.xtec.cat\/iesguinovarda\/wp-json\/wp\/v2\/posts\/1404\/revisions"}],"predecessor-version":[{"id":1508,"href":"https:\/\/agora.xtec.cat\/iesguinovarda\/wp-json\/wp\/v2\/posts\/1404\/revisions\/1508"}],"wp:attachment":[{"href":"https:\/\/agora.xtec.cat\/iesguinovarda\/wp-json\/wp\/v2\/media?parent=1404"}],"wp:term":[{"taxonomy":"category","embeddable":true,"href":"https:\/\/agora.xtec.cat\/iesguinovarda\/wp-json\/wp\/v2\/categories?post=1404"},{"taxonomy":"post_tag","embeddable":true,"href":"https:\/\/agora.xtec.cat\/iesguinovarda\/wp-json\/wp\/v2\/tags?post=1404"}],"curies":[{"name":"wp","href":"https:\/\/api.w.org\/{rel}","templated":true}]}}