{"id":1273,"date":"2020-04-01T19:35:55","date_gmt":"2020-04-01T17:35:55","guid":{"rendered":"https:\/\/agora.xtec.cat\/iesguinovarda\/?p=1273"},"modified":"2020-04-01T19:37:56","modified_gmt":"2020-04-01T17:37:56","slug":"romanc-del-covid-19","status":"publish","type":"post","link":"https:\/\/agora.xtec.cat\/iesguinovarda\/general\/romanc-del-covid-19\/","title":{"rendered":"Roman\u00e7 del Covid-19"},"content":{"rendered":"<p>Aquest temps de confinament i quarantena \u00e9s bon moment perqu\u00e8 flueixi la creativitat i deixar const\u00e0ncia d&#8217;aquesta situaci\u00f3 tan convulsa que ens est\u00e0 tocant viure. El Quim, juntament amb el seu pare, ambd\u00f3s m\u00fasics de professi\u00f3, ens presenten aquesta can\u00e7\u00f3 en forma de roman\u00e7 que parla, en clau sat\u00edrica, dels esdeveniments de les darreres setmanes.<br \/>\nLa m\u00fasica, que \u00e9s la d&#8217;un roman\u00e7 popular valenci\u00e0, el Roman\u00e7 de la Cileta, ha estat reharmonitzada per Ximo Caffarena (el pare del Quim) i, entre tots dos, li han adaptat la lletra.<\/p>\n<p><iframe loading=\"lazy\" title=\"Roman\u00e7 del Covid 19 - Quim San\u00e7 i Ximo Caffarena\" width=\"500\" height=\"281\" src=\"https:\/\/www.youtube.com\/embed\/5pEJPAC5HGQ?feature=oembed\" frameborder=\"0\" allow=\"accelerometer; autoplay; clipboard-write; encrypted-media; gyroscope; picture-in-picture; web-share\" referrerpolicy=\"strict-origin-when-cross-origin\" allowfullscreen><\/iframe><\/p>\n","protected":false},"excerpt":{"rendered":"<p>Aquest temps de confinament i quarantena \u00e9s bon moment perqu\u00e8 flueixi la creativitat i deixar const\u00e0ncia d&#8217;aquesta situaci\u00f3 tan convulsa que ens est\u00e0 tocant viure. El Quim, juntament amb el seu pare, ambd\u00f3s m\u00fasics de professi\u00f3, ens presenten aquesta can\u00e7\u00f3 en forma de roman\u00e7 que&hellip;  <a href=\"https:\/\/agora.xtec.cat\/iesguinovarda\/general\/romanc-del-covid-19\/\" title=\"Read Roman\u00e7 del Covid-19\">Llegeix m\u00e9s\u00bb<\/a><\/p>\n","protected":false},"author":5,"featured_media":1277,"comment_status":"closed","ping_status":"closed","sticky":false,"template":"","format":"standard","meta":{"_bbp_topic_count":0,"_bbp_reply_count":0,"_bbp_total_topic_count":0,"_bbp_total_reply_count":0,"_bbp_voice_count":0,"_bbp_anonymous_reply_count":0,"_bbp_topic_count_hidden":0,"_bbp_reply_count_hidden":0,"_bbp_forum_subforum_count":0,"footnotes":""},"categories":[1,29],"tags":[],"class_list":["post-1273","post","type-post","status-publish","format-standard","has-post-thumbnail","hentry","category-general","category-portada"],"post_mailing_queue_ids":[],"_links":{"self":[{"href":"https:\/\/agora.xtec.cat\/iesguinovarda\/wp-json\/wp\/v2\/posts\/1273","targetHints":{"allow":["GET"]}}],"collection":[{"href":"https:\/\/agora.xtec.cat\/iesguinovarda\/wp-json\/wp\/v2\/posts"}],"about":[{"href":"https:\/\/agora.xtec.cat\/iesguinovarda\/wp-json\/wp\/v2\/types\/post"}],"author":[{"embeddable":true,"href":"https:\/\/agora.xtec.cat\/iesguinovarda\/wp-json\/wp\/v2\/users\/5"}],"replies":[{"embeddable":true,"href":"https:\/\/agora.xtec.cat\/iesguinovarda\/wp-json\/wp\/v2\/comments?post=1273"}],"version-history":[{"count":3,"href":"https:\/\/agora.xtec.cat\/iesguinovarda\/wp-json\/wp\/v2\/posts\/1273\/revisions"}],"predecessor-version":[{"id":1276,"href":"https:\/\/agora.xtec.cat\/iesguinovarda\/wp-json\/wp\/v2\/posts\/1273\/revisions\/1276"}],"wp:featuredmedia":[{"embeddable":true,"href":"https:\/\/agora.xtec.cat\/iesguinovarda\/wp-json\/wp\/v2\/media\/1277"}],"wp:attachment":[{"href":"https:\/\/agora.xtec.cat\/iesguinovarda\/wp-json\/wp\/v2\/media?parent=1273"}],"wp:term":[{"taxonomy":"category","embeddable":true,"href":"https:\/\/agora.xtec.cat\/iesguinovarda\/wp-json\/wp\/v2\/categories?post=1273"},{"taxonomy":"post_tag","embeddable":true,"href":"https:\/\/agora.xtec.cat\/iesguinovarda\/wp-json\/wp\/v2\/tags?post=1273"}],"curies":[{"name":"wp","href":"https:\/\/api.w.org\/{rel}","templated":true}]}}