{"id":1151,"date":"2020-03-18T10:40:01","date_gmt":"2020-03-18T09:40:01","guid":{"rendered":"https:\/\/agora.xtec.cat\/iesguinovarda\/?p=1151"},"modified":"2020-03-26T09:41:34","modified_gmt":"2020-03-26T08:41:34","slug":"ajornada-la-preinscripcio","status":"publish","type":"post","link":"https:\/\/agora.xtec.cat\/iesguinovarda\/portada\/ajornada-la-preinscripcio\/","title":{"rendered":"AJORNADA LA PREINSCRIPCI\u00d3 i MATRICULACI\u00d3 DE TOTS ELS ENSENYAMENTS i\u00a0\u00a0LES PROVES DE SELECTIVITAT"},"content":{"rendered":"<div>\n<div>\n<p><span style=\"font-size: medium;\">El Departament d\u2019Educaci\u00f3 ajorna tots els tr\u00e0mits relacionats amb el procediment de preinscripci\u00f3 i matriculaci\u00f3 de l\u2019alumnat de tots els ensenyaments, en totes les etapes.<\/span><\/p>\n<p><span style=\"font-size: medium;\">El Departament est\u00e0 treballant per tal que els diferents processos de preinscripci\u00f3 i matriculaci\u00f3 es puguin dur a terme amb totes les garanties. Al mateix temps, treballa per tal d\u2019adequar els tr\u00e0mits pensant en les circumst\u00e0ncies actuals.<\/span><\/p>\n<p><span style=\"font-size: medium;\">Properament informar\u00e0 sobre el nou calendari d\u2019actuacions.<\/span><\/p>\n<p>Podeu consultar la documentaci\u00f3 que caldr\u00e0 presentar a l&#8217;apartat <a href=\"https:\/\/agora.xtec.cat\/iesguinovarda\/secretaria\/preincripcio\/\" target=\"_blank\" rel=\"noopener noreferrer\">preinscripci\u00f3<\/a> d&#8217;aquesta web.<\/p>\n<div><\/div>\n<p><span style=\"font-size: medium;\">Les proves de\u00a0<strong>selectivitat<\/strong>\u00a0queden ajornades fins al mes de\u00a0<strong>juliol<\/strong>.\u00a0<\/span><\/p>\n<p><a href=\"http:\/\/ensenyament.gencat.cat\/ca\/actualitat\/coronavirus\/\" target=\"_blank\" rel=\"noopener noreferrer\"><span style=\"color: #0000ff; font-size: medium;\">Comunicats del Departament d&#8217;Educaci\u00f3 i Informaci\u00f3 del Departament de Salut<\/span><\/a><\/p>\n<\/div>\n<\/div>\n<p>&nbsp;<\/p>\n<p>&nbsp;<\/p>\n","protected":false},"excerpt":{"rendered":"<p>El Departament d\u2019Educaci\u00f3 ajorna tots els tr\u00e0mits relacionats amb el procediment de preinscripci\u00f3 i matriculaci\u00f3 de l\u2019alumnat de tots els ensenyaments, en totes les etapes.<br \/>\nEl Departament est\u00e0 treballant per tal que els diferents processos de preinscripci\u00f3 i matriculaci\u00f3 es puguin dur a terme amb totes&hellip;  <a href=\"https:\/\/agora.xtec.cat\/iesguinovarda\/portada\/ajornada-la-preinscripcio\/\" title=\"Read AJORNADA LA PREINSCRIPCI\u00d3 i MATRICULACI\u00d3 DE TOTS ELS ENSENYAMENTS i\u00a0\u00a0LES PROVES DE SELECTIVITAT\">Llegeix m\u00e9s\u00bb<\/a><\/p>\n","protected":false},"author":3,"featured_media":0,"comment_status":"closed","ping_status":"closed","sticky":false,"template":"","format":"standard","meta":{"_bbp_topic_count":0,"_bbp_reply_count":0,"_bbp_total_topic_count":0,"_bbp_total_reply_count":0,"_bbp_voice_count":0,"_bbp_anonymous_reply_count":0,"_bbp_topic_count_hidden":0,"_bbp_reply_count_hidden":0,"_bbp_forum_subforum_count":0,"footnotes":""},"categories":[29],"tags":[],"class_list":["post-1151","post","type-post","status-publish","format-standard","hentry","category-portada"],"post_mailing_queue_ids":[],"_links":{"self":[{"href":"https:\/\/agora.xtec.cat\/iesguinovarda\/wp-json\/wp\/v2\/posts\/1151","targetHints":{"allow":["GET"]}}],"collection":[{"href":"https:\/\/agora.xtec.cat\/iesguinovarda\/wp-json\/wp\/v2\/posts"}],"about":[{"href":"https:\/\/agora.xtec.cat\/iesguinovarda\/wp-json\/wp\/v2\/types\/post"}],"author":[{"embeddable":true,"href":"https:\/\/agora.xtec.cat\/iesguinovarda\/wp-json\/wp\/v2\/users\/3"}],"replies":[{"embeddable":true,"href":"https:\/\/agora.xtec.cat\/iesguinovarda\/wp-json\/wp\/v2\/comments?post=1151"}],"version-history":[{"count":4,"href":"https:\/\/agora.xtec.cat\/iesguinovarda\/wp-json\/wp\/v2\/posts\/1151\/revisions"}],"predecessor-version":[{"id":1219,"href":"https:\/\/agora.xtec.cat\/iesguinovarda\/wp-json\/wp\/v2\/posts\/1151\/revisions\/1219"}],"wp:attachment":[{"href":"https:\/\/agora.xtec.cat\/iesguinovarda\/wp-json\/wp\/v2\/media?parent=1151"}],"wp:term":[{"taxonomy":"category","embeddable":true,"href":"https:\/\/agora.xtec.cat\/iesguinovarda\/wp-json\/wp\/v2\/categories?post=1151"},{"taxonomy":"post_tag","embeddable":true,"href":"https:\/\/agora.xtec.cat\/iesguinovarda\/wp-json\/wp\/v2\/tags?post=1151"}],"curies":[{"name":"wp","href":"https:\/\/api.w.org\/{rel}","templated":true}]}}