{"id":1085,"date":"2020-03-11T08:48:27","date_gmt":"2020-03-11T07:48:27","guid":{"rendered":"https:\/\/agora.xtec.cat\/iesguinovarda\/?p=1085"},"modified":"2020-03-20T12:11:30","modified_gmt":"2020-03-20T11:11:30","slug":"informacions-coronavirus","status":"publish","type":"post","link":"https:\/\/agora.xtec.cat\/iesguinovarda\/portada\/informacions-coronavirus\/","title":{"rendered":"L&#8217;INSTITUT GUINOVARDA ESTAR\u00c0 TANCAT FINS A NOU AV\u00cdS          #joemquedoacasa"},"content":{"rendered":"<div>De moment no hi ha data d&#8217;obertura d&#8217;escoles i instituts prevista, per tant i fins nova instrucci\u00f3 l&#8217;Institut est\u00e0 tancat.<\/div>\n<div><\/div>\n<div><span style=\"font-size: medium;\">\u00a0<\/span><\/div>\n<div><span style=\"font-size: medium;\">Aclarim que <strong>l&#8217;ordre de\u00a0suspensi\u00f3 de l&#8217;activitat<\/strong><\/span><span style=\"font-size: medium;\"><strong>\u00a0lectiva per part del Departament d&#8217;Educaci\u00f3 implica que tota aquella feina que el professorat demani a l&#8217;alumnat NO ser\u00e0\u00a0qualificable<\/strong>. Donarem orientacions, recomanarem tasques, enviarem material pedag\u00f2gic que contribuir\u00e0 al desenvolupament de l&#8217;autonomia personal dels alumnes i seran significatius per al seu aprenentatge, per\u00f2 en cap cas es qualificar\u00e0 els alumnes per les activitats que se&#8217;ls sol\u00b7licitin durant el temps de tancament.<br \/>\n<\/span><\/div>\n<div><\/div>\n<div><a href=\"https:\/\/www.ccma.cat\/324\/bargallo-reconeix-que-no-hi-ha-data-de-retorn-a-les-escoles-perque-el-confinament-sallargara\/noticia\/2998230\/\" target=\"_blank\" rel=\"noopener noreferrer\"><span style=\"color: #0000ff; font-size: medium;\">El conseller Bargall\u00f3 anuncia que no hi ha data de retorn a les escoles perqu\u00e8 el confinament s&#8217;allargar\u00e0<\/span><\/a><\/p>\n<div><span style=\"font-size: medium;\">\u00a0<\/span><\/div>\n<\/div>\n","protected":false},"excerpt":{"rendered":"<p>De moment no hi ha data d&#8217;obertura d&#8217;escoles i instituts prevista, per tant i fins nova instrucci\u00f3 l&#8217;Institut est\u00e0 tancat.<\/p>\n<p>\u00a0<br \/>\nAclarim que l&#8217;ordre de\u00a0suspensi\u00f3 de l&#8217;activitat\u00a0lectiva per part del Departament d&#8217;Educaci\u00f3 implica que tota aquella feina que el professorat demani a l&#8217;alumnat NO ser\u00e0\u00a0qualificable. Donarem orientacions,&hellip;  <a href=\"https:\/\/agora.xtec.cat\/iesguinovarda\/portada\/informacions-coronavirus\/\" title=\"Read L&#8217;INSTITUT GUINOVARDA ESTAR\u00c0 TANCAT FINS A NOU AV\u00cdS          #joemquedoacasa\">Llegeix m\u00e9s\u00bb<\/a><\/p>\n","protected":false},"author":4,"featured_media":0,"comment_status":"closed","ping_status":"closed","sticky":false,"template":"","format":"standard","meta":{"_bbp_topic_count":0,"_bbp_reply_count":0,"_bbp_total_topic_count":0,"_bbp_total_reply_count":0,"_bbp_voice_count":0,"_bbp_anonymous_reply_count":0,"_bbp_topic_count_hidden":0,"_bbp_reply_count_hidden":0,"_bbp_forum_subforum_count":0,"footnotes":""},"categories":[29],"tags":[],"class_list":["post-1085","post","type-post","status-publish","format-standard","hentry","category-portada"],"post_mailing_queue_ids":[],"_links":{"self":[{"href":"https:\/\/agora.xtec.cat\/iesguinovarda\/wp-json\/wp\/v2\/posts\/1085","targetHints":{"allow":["GET"]}}],"collection":[{"href":"https:\/\/agora.xtec.cat\/iesguinovarda\/wp-json\/wp\/v2\/posts"}],"about":[{"href":"https:\/\/agora.xtec.cat\/iesguinovarda\/wp-json\/wp\/v2\/types\/post"}],"author":[{"embeddable":true,"href":"https:\/\/agora.xtec.cat\/iesguinovarda\/wp-json\/wp\/v2\/users\/4"}],"replies":[{"embeddable":true,"href":"https:\/\/agora.xtec.cat\/iesguinovarda\/wp-json\/wp\/v2\/comments?post=1085"}],"version-history":[{"count":3,"href":"https:\/\/agora.xtec.cat\/iesguinovarda\/wp-json\/wp\/v2\/posts\/1085\/revisions"}],"predecessor-version":[{"id":1158,"href":"https:\/\/agora.xtec.cat\/iesguinovarda\/wp-json\/wp\/v2\/posts\/1085\/revisions\/1158"}],"wp:attachment":[{"href":"https:\/\/agora.xtec.cat\/iesguinovarda\/wp-json\/wp\/v2\/media?parent=1085"}],"wp:term":[{"taxonomy":"category","embeddable":true,"href":"https:\/\/agora.xtec.cat\/iesguinovarda\/wp-json\/wp\/v2\/categories?post=1085"},{"taxonomy":"post_tag","embeddable":true,"href":"https:\/\/agora.xtec.cat\/iesguinovarda\/wp-json\/wp\/v2\/tags?post=1085"}],"curies":[{"name":"wp","href":"https:\/\/api.w.org\/{rel}","templated":true}]}}