{"id":1076,"date":"2020-03-05T09:22:02","date_gmt":"2020-03-05T08:22:02","guid":{"rendered":"https:\/\/agora.xtec.cat\/iesguinovarda\/?p=1076"},"modified":"2020-03-05T09:22:02","modified_gmt":"2020-03-05T08:22:02","slug":"vaga-destudiants-6-de-marc","status":"publish","type":"post","link":"https:\/\/agora.xtec.cat\/iesguinovarda\/portada\/vaga-destudiants-6-de-marc\/","title":{"rendered":"Vaga d&#8217;estudiants  6 de mar\u00e7"},"content":{"rendered":"<p>Hi ha convocada una\u00a0vaga\u00a0d\u2019estudiants per divendres dia 6 de mar\u00e7 del 2020.<\/p>\n<p>Han demanat fer la\u00a0vaga\u00a0seguint el protocol establert pel centre tots els grups de 3r d\u2019ESO, 4t d\u2019ESO, Batxillerat i cicles formatius i per tant poden fer-la, EXCEPTE 3r ESO B que ha d&#8217;assistir\u00a0a classe ja que no l&#8217;ha\u00a0sol\u00b7licitat.<\/p>\n<p>L\u2019alumnat de 1r i 2n d\u2019ESO no t\u00e9 dret a fer\u00a0vaga.<\/p>\n<p>Recordem que el dret de fer\u00a0vaga\u00a0\u00e9s individual i que malgrat el grup classe hagi decidit donar suport a la\u00a0vaga, cada alumne i fam\u00edlia pot decidir si exerceix aquest dret i per tant si assisteix a classe o no. Els alumnes de 3r i 4t d\u2019ESO necessiten autoritzaci\u00f3 dels pares, mares o tutors legals per poder justificar aquesta falta com a\u00a0vaga.<\/p>\n<p>Les classes pels alumnes que assisteixin al centre es duran a terme amb normalitat. El professorat pot decidir si avan\u00e7a o no mat\u00e8ria, per\u00f2 no es poden dur a terme activitats avaluables.<\/p>\n","protected":false},"excerpt":{"rendered":"<p>Hi ha convocada una\u00a0vaga\u00a0d\u2019estudiants per divendres dia 6 de mar\u00e7 del 2020.<br \/>\nHan demanat fer la\u00a0vaga\u00a0seguint el protocol establert pel centre tots els grups de 3r d\u2019ESO, 4t d\u2019ESO, Batxillerat i cicles formatius i per tant poden fer-la, EXCEPTE 3r ESO B que ha d&#8217;assistir\u00a0a classe&hellip;  <a href=\"https:\/\/agora.xtec.cat\/iesguinovarda\/portada\/vaga-destudiants-6-de-marc\/\" title=\"Read Vaga d&#8217;estudiants  6 de mar\u00e7\">Llegeix m\u00e9s\u00bb<\/a><\/p>\n","protected":false},"author":4,"featured_media":0,"comment_status":"closed","ping_status":"closed","sticky":false,"template":"","format":"standard","meta":{"_bbp_topic_count":0,"_bbp_reply_count":0,"_bbp_total_topic_count":0,"_bbp_total_reply_count":0,"_bbp_voice_count":0,"_bbp_anonymous_reply_count":0,"_bbp_topic_count_hidden":0,"_bbp_reply_count_hidden":0,"_bbp_forum_subforum_count":0,"footnotes":""},"categories":[29],"tags":[],"class_list":["post-1076","post","type-post","status-publish","format-standard","hentry","category-portada"],"post_mailing_queue_ids":[],"_links":{"self":[{"href":"https:\/\/agora.xtec.cat\/iesguinovarda\/wp-json\/wp\/v2\/posts\/1076","targetHints":{"allow":["GET"]}}],"collection":[{"href":"https:\/\/agora.xtec.cat\/iesguinovarda\/wp-json\/wp\/v2\/posts"}],"about":[{"href":"https:\/\/agora.xtec.cat\/iesguinovarda\/wp-json\/wp\/v2\/types\/post"}],"author":[{"embeddable":true,"href":"https:\/\/agora.xtec.cat\/iesguinovarda\/wp-json\/wp\/v2\/users\/4"}],"replies":[{"embeddable":true,"href":"https:\/\/agora.xtec.cat\/iesguinovarda\/wp-json\/wp\/v2\/comments?post=1076"}],"version-history":[{"count":1,"href":"https:\/\/agora.xtec.cat\/iesguinovarda\/wp-json\/wp\/v2\/posts\/1076\/revisions"}],"predecessor-version":[{"id":1077,"href":"https:\/\/agora.xtec.cat\/iesguinovarda\/wp-json\/wp\/v2\/posts\/1076\/revisions\/1077"}],"wp:attachment":[{"href":"https:\/\/agora.xtec.cat\/iesguinovarda\/wp-json\/wp\/v2\/media?parent=1076"}],"wp:term":[{"taxonomy":"category","embeddable":true,"href":"https:\/\/agora.xtec.cat\/iesguinovarda\/wp-json\/wp\/v2\/categories?post=1076"},{"taxonomy":"post_tag","embeddable":true,"href":"https:\/\/agora.xtec.cat\/iesguinovarda\/wp-json\/wp\/v2\/tags?post=1076"}],"curies":[{"name":"wp","href":"https:\/\/api.w.org\/{rel}","templated":true}]}}