{"id":1061,"date":"2020-02-28T09:10:55","date_gmt":"2020-02-28T08:10:55","guid":{"rendered":"https:\/\/agora.xtec.cat\/iesguinovarda\/?p=1061"},"modified":"2020-02-28T09:10:55","modified_gmt":"2020-02-28T08:10:55","slug":"cava-i-xocolata","status":"publish","type":"post","link":"https:\/\/agora.xtec.cat\/iesguinovarda\/eso\/eso-3\/cava-i-xocolata\/","title":{"rendered":"Cava i xocolata!"},"content":{"rendered":"<p>El passat dia 17 de febrer, l&#8217;alumnat de 3r d&#8217;ESO va visitar la vinya i les bodegues d&#8217;Albet i Noya, on van descobrir com s&#8217;elabora la nostra beguda m\u00e9s internacional.<br \/>\nAix\u00ed mateix, tamb\u00e9 van visitar la f\u00e0brica de xocolata de Sant Sadurn\u00ed, on van gaudir del proc\u00e9s de creaci\u00f3 d&#8217;aquest dol\u00e7 que a hom agrada.<\/p>\n<p><a data-flickr-embed=\"true\" href=\"https:\/\/www.flickr.com\/photos\/insguinovarda\/albums\/72157713185185443\" title=\"Cava i xocolata, 3r d&#x27;ESO\"><img loading=\"lazy\" decoding=\"async\" src=\"https:\/\/live.staticflickr.com\/65535\/49560101763_477c11df29_z.jpg\" width=\"640\" height=\"480\" alt=\"Cava i xocolata, 3r d&#x27;ESO\"><\/a><script async src=\"\/\/embedr.flickr.com\/assets\/client-code.js\" charset=\"utf-8\"><\/script><\/p>\n","protected":false},"excerpt":{"rendered":"<p>El passat dia 17 de febrer, l&#8217;alumnat de 3r d&#8217;ESO va visitar la vinya i les bodegues d&#8217;Albet i Noya, on van descobrir com s&#8217;elabora la nostra beguda m\u00e9s internacional.<br \/>\nAix\u00ed mateix, tamb\u00e9 van visitar la f\u00e0brica de xocolata de Sant Sadurn\u00ed, on van gaudir del&hellip;  <a href=\"https:\/\/agora.xtec.cat\/iesguinovarda\/eso\/eso-3\/cava-i-xocolata\/\" title=\"Read Cava i xocolata!\">Llegeix m\u00e9s\u00bb<\/a><\/p>\n","protected":false},"author":5,"featured_media":1071,"comment_status":"closed","ping_status":"closed","sticky":false,"template":"","format":"standard","meta":{"_bbp_topic_count":0,"_bbp_reply_count":0,"_bbp_total_topic_count":0,"_bbp_total_reply_count":0,"_bbp_voice_count":0,"_bbp_anonymous_reply_count":0,"_bbp_topic_count_hidden":0,"_bbp_reply_count_hidden":0,"_bbp_forum_subforum_count":0,"footnotes":""},"categories":[6,29],"tags":[],"class_list":["post-1061","post","type-post","status-publish","format-standard","has-post-thumbnail","hentry","category-eso-3","category-portada"],"post_mailing_queue_ids":[],"_links":{"self":[{"href":"https:\/\/agora.xtec.cat\/iesguinovarda\/wp-json\/wp\/v2\/posts\/1061","targetHints":{"allow":["GET"]}}],"collection":[{"href":"https:\/\/agora.xtec.cat\/iesguinovarda\/wp-json\/wp\/v2\/posts"}],"about":[{"href":"https:\/\/agora.xtec.cat\/iesguinovarda\/wp-json\/wp\/v2\/types\/post"}],"author":[{"embeddable":true,"href":"https:\/\/agora.xtec.cat\/iesguinovarda\/wp-json\/wp\/v2\/users\/5"}],"replies":[{"embeddable":true,"href":"https:\/\/agora.xtec.cat\/iesguinovarda\/wp-json\/wp\/v2\/comments?post=1061"}],"version-history":[{"count":2,"href":"https:\/\/agora.xtec.cat\/iesguinovarda\/wp-json\/wp\/v2\/posts\/1061\/revisions"}],"predecessor-version":[{"id":1072,"href":"https:\/\/agora.xtec.cat\/iesguinovarda\/wp-json\/wp\/v2\/posts\/1061\/revisions\/1072"}],"wp:featuredmedia":[{"embeddable":true,"href":"https:\/\/agora.xtec.cat\/iesguinovarda\/wp-json\/wp\/v2\/media\/1071"}],"wp:attachment":[{"href":"https:\/\/agora.xtec.cat\/iesguinovarda\/wp-json\/wp\/v2\/media?parent=1061"}],"wp:term":[{"taxonomy":"category","embeddable":true,"href":"https:\/\/agora.xtec.cat\/iesguinovarda\/wp-json\/wp\/v2\/categories?post=1061"},{"taxonomy":"post_tag","embeddable":true,"href":"https:\/\/agora.xtec.cat\/iesguinovarda\/wp-json\/wp\/v2\/tags?post=1061"}],"curies":[{"name":"wp","href":"https:\/\/api.w.org\/{rel}","templated":true}]}}