{"id":73016,"date":"2026-04-16T13:10:46","date_gmt":"2026-04-16T11:10:46","guid":{"rendered":"https:\/\/agora.xtec.cat\/iesguindavols\/?p=73016"},"modified":"2026-04-16T13:11:39","modified_gmt":"2026-04-16T11:11:39","slug":"parla-en-catala-i-peta-ho","status":"publish","type":"post","link":"https:\/\/agora.xtec.cat\/iesguindavols\/general\/parla-en-catala-i-peta-ho\/","title":{"rendered":"Parla en catal\u00e0 i peta-ho!"},"content":{"rendered":"\n<p class=\"has-text-align-left\">Aquest \u00e9s el lema de la campanya de sensibilitzaci\u00f3 ling\u00fc\u00edstica promoguda des del <a href=\"https:\/\/www.instagram.com\/p\/DVapjnWCa9H\/\" data-type=\"link\" data-id=\"https:\/\/www.instagram.com\/p\/DVapjnWCa9H\/\" target=\"_blank\" rel=\"noreferrer noopener\">Pla<br>Educatiu d\u2019Entorn<\/a> (Ajuntament de Lleida) i el Departament d\u2019Educaci\u00f3 i Formaci\u00f3<br>Professional per promoure l\u2019\u00fas de la llengua catalana als centres educatius.<\/p>\n\n\n\n<p>La iniciativa, que es va endegar el dia 3 de mar\u00e7 (Dia de la Ce Trencada), t\u00e9 com a objectiu<br>prioritari reflexionar sobre l\u2019\u00fas de la nostra llengua a partir de la pregunta \u2018per a qu\u00e8 serveix<br>el catal\u00e0?\u2019, alhora que es pret\u00e9n normalitzar-ne el seu \u00fas de forma espont\u00e0nia en qualsevol<br>context i situaci\u00f3. A les experi\u00e8ncies de <a href=\"https:\/\/www.instagram.com\/p\/DVajlwrD-pU\/\" data-type=\"link\" data-id=\"https:\/\/www.instagram.com\/p\/DVajlwrD-pU\/\" target=\"_blank\" rel=\"noreferrer noopener\">persones influenciadores<\/a> que empren el catal\u00e0 de<br>forma regular i sense complexos, des de l\u2019institut Guind\u00e0vols hi sumem la nostra veu perqu\u00e8<br>creiem en el missatge: <strong>Parla en catal\u00e0 i peta-ho!<\/strong><\/p>\n\n\n\n<figure class=\"wp-block-embed is-type-video is-provider-youtube wp-block-embed-youtube wp-embed-aspect-9-16 wp-has-aspect-ratio\"><div class=\"wp-block-embed__wrapper\">\n<iframe loading=\"lazy\" title=\"INS Guind\u00e0vols  Per a qu\u00e8 serveix el catal\u00e0?\" width=\"422\" height=\"750\" src=\"https:\/\/www.youtube.com\/embed\/IMasPil8_o8?feature=oembed\" frameborder=\"0\" allow=\"accelerometer; autoplay; clipboard-write; encrypted-media; gyroscope; picture-in-picture; web-share\" referrerpolicy=\"strict-origin-when-cross-origin\" allowfullscreen><\/iframe>\n<\/div><\/figure>\n","protected":false},"excerpt":{"rendered":"<p>Aquest \u00e9s el lema de la campanya de sensibilitzaci\u00f3 ling\u00fc\u00edstica promoguda des del <a href=\"https:\/\/www.instagram.com\/p\/DVapjnWCa9H\/\" data-type=\"link\" data-id=\"https:\/\/www.instagram.com\/p\/DVapjnWCa9H\/\" target=\"_blank\" rel=\"noreferrer noopener\">PlaEducatiu d\u2019Entorn<\/a> (Ajuntament de Lleida) i el Departament d\u2019Educaci\u00f3 i Formaci\u00f3Professional per promoure l\u2019\u00fas de la llengua catalana als centres educatius.<\/p>\n<p>La iniciativa, que es va endegar&hellip;  <a href=\"https:\/\/agora.xtec.cat\/iesguindavols\/general\/parla-en-catala-i-peta-ho\/\" title=\"Read Parla en catal\u00e0 i peta-ho!\">Llegeix m\u00e9s\u00bb<\/a><\/p>\n","protected":false},"author":6,"featured_media":73020,"comment_status":"closed","ping_status":"open","sticky":false,"template":"","format":"standard","meta":{"_bbp_topic_count":0,"_bbp_reply_count":0,"_bbp_total_topic_count":0,"_bbp_total_reply_count":0,"_bbp_voice_count":0,"_bbp_anonymous_reply_count":0,"_bbp_topic_count_hidden":0,"_bbp_reply_count_hidden":0,"_bbp_forum_subforum_count":0,"footnotes":""},"categories":[107,1],"tags":[],"class_list":["post-73016","post","type-post","status-publish","format-standard","has-post-thumbnail","hentry","category-centre","category-general"],"post_mailing_queue_ids":[],"_links":{"self":[{"href":"https:\/\/agora.xtec.cat\/iesguindavols\/wp-json\/wp\/v2\/posts\/73016","targetHints":{"allow":["GET"]}}],"collection":[{"href":"https:\/\/agora.xtec.cat\/iesguindavols\/wp-json\/wp\/v2\/posts"}],"about":[{"href":"https:\/\/agora.xtec.cat\/iesguindavols\/wp-json\/wp\/v2\/types\/post"}],"author":[{"embeddable":true,"href":"https:\/\/agora.xtec.cat\/iesguindavols\/wp-json\/wp\/v2\/users\/6"}],"replies":[{"embeddable":true,"href":"https:\/\/agora.xtec.cat\/iesguindavols\/wp-json\/wp\/v2\/comments?post=73016"}],"version-history":[{"count":4,"href":"https:\/\/agora.xtec.cat\/iesguindavols\/wp-json\/wp\/v2\/posts\/73016\/revisions"}],"predecessor-version":[{"id":73021,"href":"https:\/\/agora.xtec.cat\/iesguindavols\/wp-json\/wp\/v2\/posts\/73016\/revisions\/73021"}],"wp:featuredmedia":[{"embeddable":true,"href":"https:\/\/agora.xtec.cat\/iesguindavols\/wp-json\/wp\/v2\/media\/73020"}],"wp:attachment":[{"href":"https:\/\/agora.xtec.cat\/iesguindavols\/wp-json\/wp\/v2\/media?parent=73016"}],"wp:term":[{"taxonomy":"category","embeddable":true,"href":"https:\/\/agora.xtec.cat\/iesguindavols\/wp-json\/wp\/v2\/categories?post=73016"},{"taxonomy":"post_tag","embeddable":true,"href":"https:\/\/agora.xtec.cat\/iesguindavols\/wp-json\/wp\/v2\/tags?post=73016"}],"curies":[{"name":"wp","href":"https:\/\/api.w.org\/{rel}","templated":true}]}}