{"id":72993,"date":"2026-04-08T11:04:08","date_gmt":"2026-04-08T09:04:08","guid":{"rendered":"https:\/\/agora.xtec.cat\/iesguindavols\/?p=72993"},"modified":"2026-04-08T11:04:08","modified_gmt":"2026-04-08T09:04:08","slug":"recepcio-institucional-a-la-diputacio-de-lleida-per-lalumnat-guardonat-a-spainskills","status":"publish","type":"post","link":"https:\/\/agora.xtec.cat\/iesguindavols\/general\/recepcio-institucional-a-la-diputacio-de-lleida-per-lalumnat-guardonat-a-spainskills\/","title":{"rendered":"Recepci\u00f3 institucional a la Diputaci\u00f3 de Lleida per l\u2019alumnat guardonat a SpainSkills"},"content":{"rendered":"\n<p>Aquesta setmana, dimarts dia 7 d&#8217;abril, l&#8217;alumna de l\u2019Institut Guind\u00e0vols, Aurembiaix Gabernet Sanahuja, ha participat en una recepci\u00f3 institucional a la Diputaci\u00f3 de Lleida, organitzada en reconeixement dels excel\u00b7lents resultats obtinguts al campionat SpainSkills.<\/p>\n\n\n\n<p>A l\u2019acte hi van assistir els tres medallistes lleidatans, entre els quals la nostra alumna, distingida amb la medalla de plata en l\u2019especialitat de Tecnologia de la Moda, juntament amb els guardonats en Forneria (medalla d\u2019or) i Cuina (medalla de bronze). La recepci\u00f3 va ser presidida pel president de la Diputaci\u00f3 de Lleida i pel vicepresident del Patronat de Promoci\u00f3 Econ\u00f2mica, que van felicitar personalment els premiats pels \u00e8xits assolits.&nbsp; En el decurs de l\u2019acte, el president de la Diputaci\u00f3 va obsequiar els participants amb un lot de productes lleidatans com a mostra de reconeixement.<\/p>\n\n\n\n<p>La trobada va servir per posar en valor l\u2019esfor\u00e7, la dedicaci\u00f3 i el talent de l\u2019alumnat premiat. Des de l\u2019Institut Guind\u00e0vols volem destacar especialment la traject\u00f2ria de la nostra alumna, que, amb aquest guard\u00f3, consolida el seu potencial i esdev\u00e9 un referent per a tota la comunitat educativa.<\/p>\n\n\n\n<p>Aquest \u00e8xit \u00e9s tamb\u00e9 fruit del treball constant del professorat i del ferm comprom\u00eds del centre amb una formaci\u00f3 de qualitat.<\/p>\n\n\n\n<p>Enhorabona!<\/p>\n\n\n\n<p><a href=\"https:\/\/www.diputaciolleida.cat\/recepcio-a-la-diputacio-dels-tres-alumnes-guardonats-als-spainskills\" target=\"_blank\" rel=\"noreferrer noopener\">NOT\u00cdCIA DIPUTACI\u00d3 DE LLEIDA<\/a><\/p>\n\n\n\n<figure class=\"wp-block-gallery has-nested-images columns-default is-cropped wp-block-gallery-1 is-layout-flex wp-block-gallery-is-layout-flex\">\n<figure class=\"wp-block-image size-large\"><a href=\"https:\/\/agora.xtec.cat\/iesguindavols\/wp-content\/uploads\/usu2923\/2026\/04\/Recepcio-dels-alumnes-guanyadors-del-campionat-SpainSkills.jpg\"><img loading=\"lazy\" decoding=\"async\" width=\"1024\" height=\"768\" data-id=\"72995\" src=\"https:\/\/agora.xtec.cat\/iesguindavols\/wp-content\/uploads\/usu2923\/2026\/04\/Recepcio-dels-alumnes-guanyadors-del-campionat-SpainSkills.jpg\" alt=\"\" class=\"wp-image-72995\" srcset=\"https:\/\/agora.xtec.cat\/iesguindavols\/wp-content\/uploads\/usu2923\/2026\/04\/Recepcio-dels-alumnes-guanyadors-del-campionat-SpainSkills.jpg 1024w, https:\/\/agora.xtec.cat\/iesguindavols\/wp-content\/uploads\/usu2923\/2026\/04\/Recepcio-dels-alumnes-guanyadors-del-campionat-SpainSkills-300x225.jpg 300w, https:\/\/agora.xtec.cat\/iesguindavols\/wp-content\/uploads\/usu2923\/2026\/04\/Recepcio-dels-alumnes-guanyadors-del-campionat-SpainSkills-768x576.jpg 768w, https:\/\/agora.xtec.cat\/iesguindavols\/wp-content\/uploads\/usu2923\/2026\/04\/Recepcio-dels-alumnes-guanyadors-del-campionat-SpainSkills-200x150.jpg 200w\" sizes=\"auto, (max-width: 1024px) 100vw, 1024px\" \/><\/a><\/figure>\n\n\n\n<figure class=\"wp-block-image size-large\"><a href=\"https:\/\/agora.xtec.cat\/iesguindavols\/wp-content\/uploads\/usu2923\/2026\/04\/Recepcio-a-la-Diputacio-alumnes-guardonats-1.jpg\"><img loading=\"lazy\" decoding=\"async\" width=\"1024\" height=\"768\" data-id=\"72994\" src=\"https:\/\/agora.xtec.cat\/iesguindavols\/wp-content\/uploads\/usu2923\/2026\/04\/Recepcio-a-la-Diputacio-alumnes-guardonats-1.jpg\" alt=\"\" class=\"wp-image-72994\" srcset=\"https:\/\/agora.xtec.cat\/iesguindavols\/wp-content\/uploads\/usu2923\/2026\/04\/Recepcio-a-la-Diputacio-alumnes-guardonats-1.jpg 1024w, https:\/\/agora.xtec.cat\/iesguindavols\/wp-content\/uploads\/usu2923\/2026\/04\/Recepcio-a-la-Diputacio-alumnes-guardonats-1-300x225.jpg 300w, https:\/\/agora.xtec.cat\/iesguindavols\/wp-content\/uploads\/usu2923\/2026\/04\/Recepcio-a-la-Diputacio-alumnes-guardonats-1-768x576.jpg 768w, https:\/\/agora.xtec.cat\/iesguindavols\/wp-content\/uploads\/usu2923\/2026\/04\/Recepcio-a-la-Diputacio-alumnes-guardonats-1-200x150.jpg 200w\" sizes=\"auto, (max-width: 1024px) 100vw, 1024px\" \/><\/a><\/figure>\n\n\n\n<figure class=\"wp-block-image size-large\"><a href=\"https:\/\/agora.xtec.cat\/iesguindavols\/wp-content\/uploads\/usu2923\/2026\/04\/Recepcio-dels-alumnes-guanyadors-del-campionat-SpainSkills-2.jpg\"><img loading=\"lazy\" decoding=\"async\" width=\"1024\" height=\"768\" data-id=\"72996\" src=\"https:\/\/agora.xtec.cat\/iesguindavols\/wp-content\/uploads\/usu2923\/2026\/04\/Recepcio-dels-alumnes-guanyadors-del-campionat-SpainSkills-2.jpg\" alt=\"\" class=\"wp-image-72996\" srcset=\"https:\/\/agora.xtec.cat\/iesguindavols\/wp-content\/uploads\/usu2923\/2026\/04\/Recepcio-dels-alumnes-guanyadors-del-campionat-SpainSkills-2.jpg 1024w, https:\/\/agora.xtec.cat\/iesguindavols\/wp-content\/uploads\/usu2923\/2026\/04\/Recepcio-dels-alumnes-guanyadors-del-campionat-SpainSkills-2-300x225.jpg 300w, https:\/\/agora.xtec.cat\/iesguindavols\/wp-content\/uploads\/usu2923\/2026\/04\/Recepcio-dels-alumnes-guanyadors-del-campionat-SpainSkills-2-768x576.jpg 768w, https:\/\/agora.xtec.cat\/iesguindavols\/wp-content\/uploads\/usu2923\/2026\/04\/Recepcio-dels-alumnes-guanyadors-del-campionat-SpainSkills-2-200x150.jpg 200w\" sizes=\"auto, (max-width: 1024px) 100vw, 1024px\" \/><\/a><\/figure>\n<\/figure>\n","protected":false},"excerpt":{"rendered":"<p>Aquesta setmana, dimarts dia 7 d&#8217;abril, l&#8217;alumna de l\u2019Institut Guind\u00e0vols, Aurembiaix Gabernet Sanahuja, ha participat en una recepci\u00f3 institucional a la Diputaci\u00f3 de Lleida, organitzada en reconeixement dels excel\u00b7lents resultats obtinguts al campionat SpainSkills.<\/p>\n<p>A l\u2019acte hi van assistir els tres medallistes lleidatans, entre els quals&hellip;  <a href=\"https:\/\/agora.xtec.cat\/iesguindavols\/general\/recepcio-institucional-a-la-diputacio-de-lleida-per-lalumnat-guardonat-a-spainskills\/\" title=\"Read Recepci\u00f3 institucional a la Diputaci\u00f3 de Lleida per l\u2019alumnat guardonat a SpainSkills\">Llegeix m\u00e9s\u00bb<\/a><\/p>\n","protected":false},"author":6,"featured_media":72994,"comment_status":"closed","ping_status":"open","sticky":false,"template":"","format":"standard","meta":{"_bbp_topic_count":0,"_bbp_reply_count":0,"_bbp_total_topic_count":0,"_bbp_total_reply_count":0,"_bbp_voice_count":0,"_bbp_anonymous_reply_count":0,"_bbp_topic_count_hidden":0,"_bbp_reply_count_hidden":0,"_bbp_forum_subforum_count":0,"footnotes":""},"categories":[185,107,1,134,181,182,161],"tags":[],"class_list":["post-72993","post","type-post","status-publish","format-standard","has-post-thumbnail","hentry","category-campionat-de-formacio-professional","category-centre","category-general","category-familia-professional-textil-confeccio-i-pell","category-tecnic-en-confeccio-i-moda","category-tecnic-superior-en-vestuari-a-mida-i-despectacle","category-tecnic-superior-en-patronatge-i-moda"],"post_mailing_queue_ids":[],"_links":{"self":[{"href":"https:\/\/agora.xtec.cat\/iesguindavols\/wp-json\/wp\/v2\/posts\/72993","targetHints":{"allow":["GET"]}}],"collection":[{"href":"https:\/\/agora.xtec.cat\/iesguindavols\/wp-json\/wp\/v2\/posts"}],"about":[{"href":"https:\/\/agora.xtec.cat\/iesguindavols\/wp-json\/wp\/v2\/types\/post"}],"author":[{"embeddable":true,"href":"https:\/\/agora.xtec.cat\/iesguindavols\/wp-json\/wp\/v2\/users\/6"}],"replies":[{"embeddable":true,"href":"https:\/\/agora.xtec.cat\/iesguindavols\/wp-json\/wp\/v2\/comments?post=72993"}],"version-history":[{"count":1,"href":"https:\/\/agora.xtec.cat\/iesguindavols\/wp-json\/wp\/v2\/posts\/72993\/revisions"}],"predecessor-version":[{"id":72997,"href":"https:\/\/agora.xtec.cat\/iesguindavols\/wp-json\/wp\/v2\/posts\/72993\/revisions\/72997"}],"wp:featuredmedia":[{"embeddable":true,"href":"https:\/\/agora.xtec.cat\/iesguindavols\/wp-json\/wp\/v2\/media\/72994"}],"wp:attachment":[{"href":"https:\/\/agora.xtec.cat\/iesguindavols\/wp-json\/wp\/v2\/media?parent=72993"}],"wp:term":[{"taxonomy":"category","embeddable":true,"href":"https:\/\/agora.xtec.cat\/iesguindavols\/wp-json\/wp\/v2\/categories?post=72993"},{"taxonomy":"post_tag","embeddable":true,"href":"https:\/\/agora.xtec.cat\/iesguindavols\/wp-json\/wp\/v2\/tags?post=72993"}],"curies":[{"name":"wp","href":"https:\/\/api.w.org\/{rel}","templated":true}]}}