{"id":72930,"date":"2026-03-04T23:27:58","date_gmt":"2026-03-04T22:27:58","guid":{"rendered":"https:\/\/agora.xtec.cat\/iesguindavols\/?p=72930"},"modified":"2026-03-04T23:27:58","modified_gmt":"2026-03-04T22:27:58","slug":"llegim-en-veu-alta","status":"publish","type":"post","link":"https:\/\/agora.xtec.cat\/iesguindavols\/general\/llegim-en-veu-alta\/","title":{"rendered":"Llegim en Veu Alta"},"content":{"rendered":"\n<p>5 alumnes participen al Certamen de Lectura en Veu Alta a celebrat el 4 de mar\u00e7 a l&#8217;INS Joan Or\u00f3.<\/p>\n\n\n\n<p>9 del mat\u00ed, nervis, darreres revisions, riures nerviosos, a punt per marxar amb la professora Montserrat Trepat cap al concurs. S\u00f3n la Djeneba Diallo de 1ESO B que participa a la categoria CORSARIS, de 1r i 2n d&#8217;ESO, la Biba Dembel\u00e9, el Samuel Gil, l&#8217;Aran Trece\u00f1o amb l&#8217;Adam Yahiaoui, que estava de reserva, que participen en equip en la categoria GRUP DE CORSARIS, els nostres lectors representants.<\/p>\n\n\n\n<p>Tot ha nascut, dies, mesos enrere a les sessions del Pla Lector a classe i ha culminat aquesta setmana amb els assajos, anotacions, correccions per arribar al concurs el m\u00e9s preparats possible. I ho han fet molt b\u00e9 i des d&#8217;aqu\u00ed els felicitem i els animem a seguir llegint i descobrint nous mons amagats a les p\u00e0gines dels llibres. Enhorabona tamb\u00e9 a tot l&#8217;equip de professorat del Pla Lector, bona feina!!<\/p>\n\n\n\n<div class=\"wp-block-getwid-images-stack\"><div class=\"wp-block-getwid-images-stack__wrapper\"><div class=\"wp-block-getwid-images-stack__chunk\"><div class=\"wp-block-getwid-images-stack__media-wrapper\"><div class=\"wp-block-getwid-images-stack__media-inner-wrapper\"><img loading=\"lazy\" decoding=\"async\" width=\"2040\" height=\"1536\" class=\"wp-block-getwid-images-stack__media wp-image-72933\" src=\"https:\/\/agora.xtec.cat\/iesguindavols\/wp-content\/uploads\/usu2923\/2026\/03\/WhatsApp-Image-2026-03-04-at-16.38.333.jpeg\" data-id=\"72933\" data-link=\"https:\/\/agora.xtec.cat\/iesguindavols\/?attachment_id=72933\" srcset=\"https:\/\/agora.xtec.cat\/iesguindavols\/wp-content\/uploads\/usu2923\/2026\/03\/WhatsApp-Image-2026-03-04-at-16.38.333.jpeg 2040w, https:\/\/agora.xtec.cat\/iesguindavols\/wp-content\/uploads\/usu2923\/2026\/03\/WhatsApp-Image-2026-03-04-at-16.38.333-300x226.jpeg 300w, https:\/\/agora.xtec.cat\/iesguindavols\/wp-content\/uploads\/usu2923\/2026\/03\/WhatsApp-Image-2026-03-04-at-16.38.333-1024x771.jpeg 1024w, https:\/\/agora.xtec.cat\/iesguindavols\/wp-content\/uploads\/usu2923\/2026\/03\/WhatsApp-Image-2026-03-04-at-16.38.333-768x578.jpeg 768w, https:\/\/agora.xtec.cat\/iesguindavols\/wp-content\/uploads\/usu2923\/2026\/03\/WhatsApp-Image-2026-03-04-at-16.38.333-1536x1157.jpeg 1536w, https:\/\/agora.xtec.cat\/iesguindavols\/wp-content\/uploads\/usu2923\/2026\/03\/WhatsApp-Image-2026-03-04-at-16.38.333-200x150.jpeg 200w\" sizes=\"auto, (max-width: 2040px) 100vw, 2040px\" \/><\/div><\/div><div class=\"wp-block-getwid-images-stack__media-wrapper\"><div class=\"wp-block-getwid-images-stack__media-inner-wrapper\"><img loading=\"lazy\" decoding=\"async\" width=\"1536\" height=\"2040\" class=\"wp-block-getwid-images-stack__media wp-image-72931\" src=\"https:\/\/agora.xtec.cat\/iesguindavols\/wp-content\/uploads\/usu2923\/2026\/03\/WhatsApp-Image-2026-03-04-at-16.38.332.jpeg\" data-id=\"72931\" data-link=\"https:\/\/agora.xtec.cat\/iesguindavols\/?attachment_id=72931\" srcset=\"https:\/\/agora.xtec.cat\/iesguindavols\/wp-content\/uploads\/usu2923\/2026\/03\/WhatsApp-Image-2026-03-04-at-16.38.332.jpeg 1536w, https:\/\/agora.xtec.cat\/iesguindavols\/wp-content\/uploads\/usu2923\/2026\/03\/WhatsApp-Image-2026-03-04-at-16.38.332-226x300.jpeg 226w, https:\/\/agora.xtec.cat\/iesguindavols\/wp-content\/uploads\/usu2923\/2026\/03\/WhatsApp-Image-2026-03-04-at-16.38.332-771x1024.jpeg 771w, https:\/\/agora.xtec.cat\/iesguindavols\/wp-content\/uploads\/usu2923\/2026\/03\/WhatsApp-Image-2026-03-04-at-16.38.332-768x1020.jpeg 768w, https:\/\/agora.xtec.cat\/iesguindavols\/wp-content\/uploads\/usu2923\/2026\/03\/WhatsApp-Image-2026-03-04-at-16.38.332-1157x1536.jpeg 1157w\" sizes=\"auto, (max-width: 1536px) 100vw, 1536px\" \/><\/div><\/div><div class=\"wp-block-getwid-images-stack__media-wrapper\"><div class=\"wp-block-getwid-images-stack__media-inner-wrapper\"><img loading=\"lazy\" decoding=\"async\" width=\"1536\" height=\"2040\" class=\"wp-block-getwid-images-stack__media wp-image-72932\" src=\"https:\/\/agora.xtec.cat\/iesguindavols\/wp-content\/uploads\/usu2923\/2026\/03\/WhatsApp-Image-2026-03-04-at-16.38.331.jpeg\" data-id=\"72932\" data-link=\"https:\/\/agora.xtec.cat\/iesguindavols\/?attachment_id=72932\" srcset=\"https:\/\/agora.xtec.cat\/iesguindavols\/wp-content\/uploads\/usu2923\/2026\/03\/WhatsApp-Image-2026-03-04-at-16.38.331.jpeg 1536w, https:\/\/agora.xtec.cat\/iesguindavols\/wp-content\/uploads\/usu2923\/2026\/03\/WhatsApp-Image-2026-03-04-at-16.38.331-226x300.jpeg 226w, https:\/\/agora.xtec.cat\/iesguindavols\/wp-content\/uploads\/usu2923\/2026\/03\/WhatsApp-Image-2026-03-04-at-16.38.331-771x1024.jpeg 771w, https:\/\/agora.xtec.cat\/iesguindavols\/wp-content\/uploads\/usu2923\/2026\/03\/WhatsApp-Image-2026-03-04-at-16.38.331-768x1020.jpeg 768w, https:\/\/agora.xtec.cat\/iesguindavols\/wp-content\/uploads\/usu2923\/2026\/03\/WhatsApp-Image-2026-03-04-at-16.38.331-1157x1536.jpeg 1157w\" sizes=\"auto, (max-width: 1536px) 100vw, 1536px\" \/><\/div><\/div><\/div><div class=\"wp-block-getwid-images-stack__chunk\"><div class=\"wp-block-getwid-images-stack__media-wrapper\"><div class=\"wp-block-getwid-images-stack__media-inner-wrapper\"><img loading=\"lazy\" decoding=\"async\" width=\"1536\" height=\"2040\" class=\"wp-block-getwid-images-stack__media wp-image-72934\" src=\"https:\/\/agora.xtec.cat\/iesguindavols\/wp-content\/uploads\/usu2923\/2026\/03\/WhatsApp-Image-2026-03-04-at-16.38.33.jpeg\" data-id=\"72934\" data-link=\"https:\/\/agora.xtec.cat\/iesguindavols\/?attachment_id=72934\" srcset=\"https:\/\/agora.xtec.cat\/iesguindavols\/wp-content\/uploads\/usu2923\/2026\/03\/WhatsApp-Image-2026-03-04-at-16.38.33.jpeg 1536w, https:\/\/agora.xtec.cat\/iesguindavols\/wp-content\/uploads\/usu2923\/2026\/03\/WhatsApp-Image-2026-03-04-at-16.38.33-226x300.jpeg 226w, https:\/\/agora.xtec.cat\/iesguindavols\/wp-content\/uploads\/usu2923\/2026\/03\/WhatsApp-Image-2026-03-04-at-16.38.33-771x1024.jpeg 771w, https:\/\/agora.xtec.cat\/iesguindavols\/wp-content\/uploads\/usu2923\/2026\/03\/WhatsApp-Image-2026-03-04-at-16.38.33-768x1020.jpeg 768w, https:\/\/agora.xtec.cat\/iesguindavols\/wp-content\/uploads\/usu2923\/2026\/03\/WhatsApp-Image-2026-03-04-at-16.38.33-1157x1536.jpeg 1157w\" sizes=\"auto, (max-width: 1536px) 100vw, 1536px\" \/><\/div><\/div><\/div><\/div><\/div>\n","protected":false},"excerpt":{"rendered":"<p>5 alumnes participen al Certamen de Lectura en Veu Alta a celebrat el 4 de mar\u00e7 a l&#8217;INS Joan Or\u00f3.<\/p>\n<p>9 del mat\u00ed, nervis, darreres revisions, riures nerviosos, a punt per marxar amb la professora Montserrat Trepat cap al concurs. S\u00f3n la Djeneba Diallo de 1ESO&hellip;  <a href=\"https:\/\/agora.xtec.cat\/iesguindavols\/general\/llegim-en-veu-alta\/\" title=\"Read Llegim en Veu Alta\">Llegeix m\u00e9s\u00bb<\/a><\/p>\n","protected":false},"author":50,"featured_media":72934,"comment_status":"closed","ping_status":"open","sticky":false,"template":"","format":"standard","meta":{"_bbp_topic_count":0,"_bbp_reply_count":0,"_bbp_total_topic_count":0,"_bbp_total_reply_count":0,"_bbp_voice_count":0,"_bbp_anonymous_reply_count":0,"_bbp_topic_count_hidden":0,"_bbp_reply_count_hidden":0,"_bbp_forum_subforum_count":0,"footnotes":""},"categories":[1],"tags":[],"class_list":["post-72930","post","type-post","status-publish","format-standard","has-post-thumbnail","hentry","category-general"],"post_mailing_queue_ids":[],"_links":{"self":[{"href":"https:\/\/agora.xtec.cat\/iesguindavols\/wp-json\/wp\/v2\/posts\/72930","targetHints":{"allow":["GET"]}}],"collection":[{"href":"https:\/\/agora.xtec.cat\/iesguindavols\/wp-json\/wp\/v2\/posts"}],"about":[{"href":"https:\/\/agora.xtec.cat\/iesguindavols\/wp-json\/wp\/v2\/types\/post"}],"author":[{"embeddable":true,"href":"https:\/\/agora.xtec.cat\/iesguindavols\/wp-json\/wp\/v2\/users\/50"}],"replies":[{"embeddable":true,"href":"https:\/\/agora.xtec.cat\/iesguindavols\/wp-json\/wp\/v2\/comments?post=72930"}],"version-history":[{"count":1,"href":"https:\/\/agora.xtec.cat\/iesguindavols\/wp-json\/wp\/v2\/posts\/72930\/revisions"}],"predecessor-version":[{"id":72935,"href":"https:\/\/agora.xtec.cat\/iesguindavols\/wp-json\/wp\/v2\/posts\/72930\/revisions\/72935"}],"wp:featuredmedia":[{"embeddable":true,"href":"https:\/\/agora.xtec.cat\/iesguindavols\/wp-json\/wp\/v2\/media\/72934"}],"wp:attachment":[{"href":"https:\/\/agora.xtec.cat\/iesguindavols\/wp-json\/wp\/v2\/media?parent=72930"}],"wp:term":[{"taxonomy":"category","embeddable":true,"href":"https:\/\/agora.xtec.cat\/iesguindavols\/wp-json\/wp\/v2\/categories?post=72930"},{"taxonomy":"post_tag","embeddable":true,"href":"https:\/\/agora.xtec.cat\/iesguindavols\/wp-json\/wp\/v2\/tags?post=72930"}],"curies":[{"name":"wp","href":"https:\/\/api.w.org\/{rel}","templated":true}]}}