{"id":72842,"date":"2026-02-06T17:48:20","date_gmt":"2026-02-06T16:48:20","guid":{"rendered":"https:\/\/agora.xtec.cat\/iesguindavols\/?p=72842"},"modified":"2026-02-06T17:48:20","modified_gmt":"2026-02-06T16:48:20","slug":"lectura-dels-classics-a-la-natura","status":"publish","type":"post","link":"https:\/\/agora.xtec.cat\/iesguindavols\/general\/lectura-dels-classics-a-la-natura\/","title":{"rendered":"Lectura dels cl\u00e0ssics a la natura"},"content":{"rendered":"\n<p>Un curs m\u00e9s, l\u2019alumnat de Llengua i cultura grega de 2n Batxillerat ha iniciat el club de lectura dels cl\u00e0ssics gaudint de la natura; engunay, la <em>Il\u00edada<\/em> d\u2019Homer ressona entre les fulles que la tardor i l\u2019hivern fa caure i que ens han recordat els versos del cant VI: \u201cTal com \u00e9s la naixen\u00e7a de les fulles, aix\u00ed \u00e9s tamb\u00e9 la del shomes. Les fulles, unes el vent les escampa per terra, altres el bosc les fa cr\u00e9ixer brotant, i arriba el temps de la primavera. Aix\u00ed \u00e9s el llinatge del shomes, un neix, i un altre mor (\u2026)\u201d<\/p>\n\n\n\n<div class=\"wp-block-getwid-images-slider has-arrows-inside has-dots-inside has-images-center has-cropped-images\"><div class=\"wp-block-getwid-images-slider__wrapper\" data-effect=\"slide\" data-slides-show=\"1\" data-slides-show-laptop=\"1\" data-slides-show-tablet=\"1\" data-slides-show-mobile=\"1\" data-slides-scroll=\"1\" data-autoplay=\"false\" data-pause-hover=\"false\" data-autoplay-speed=\"6000\" data-infinite=\"true\" data-animation-speed=\"800\" data-center-mode=\"false\" data-variable-width=\"false\" data-arrows=\"inside\" data-dots=\"inside\" data-spacing=\"none\"><div class=\"wp-block-getwid-images-slider__item\"><figure><img loading=\"lazy\" decoding=\"async\" width=\"1920\" height=\"2560\" src=\"https:\/\/agora.xtec.cat\/iesguindavols\/wp-content\/uploads\/usu2923\/2026\/02\/Lectura_Iliada1-scaled.jpg\" data-id=\"72857\" data-link=\"https:\/\/agora.xtec.cat\/iesguindavols\/?attachment_id=72857\" data-original-link=\"https:\/\/agora.xtec.cat\/iesguindavols\/wp-content\/uploads\/usu2923\/2026\/02\/Lectura_Iliada1-scaled.jpg\" class=\"wp-block-getwid-images-slider__image wp-image-72857\" srcset=\"https:\/\/agora.xtec.cat\/iesguindavols\/wp-content\/uploads\/usu2923\/2026\/02\/Lectura_Iliada1-scaled.jpg 1920w, https:\/\/agora.xtec.cat\/iesguindavols\/wp-content\/uploads\/usu2923\/2026\/02\/Lectura_Iliada1-225x300.jpg 225w, https:\/\/agora.xtec.cat\/iesguindavols\/wp-content\/uploads\/usu2923\/2026\/02\/Lectura_Iliada1-768x1024.jpg 768w, https:\/\/agora.xtec.cat\/iesguindavols\/wp-content\/uploads\/usu2923\/2026\/02\/Lectura_Iliada1-1152x1536.jpg 1152w, https:\/\/agora.xtec.cat\/iesguindavols\/wp-content\/uploads\/usu2923\/2026\/02\/Lectura_Iliada1-1536x2048.jpg 1536w\" sizes=\"auto, (max-width: 1920px) 100vw, 1920px\" \/><\/figure><\/div><div class=\"wp-block-getwid-images-slider__item\"><figure><img loading=\"lazy\" decoding=\"async\" width=\"1920\" height=\"2560\" src=\"https:\/\/agora.xtec.cat\/iesguindavols\/wp-content\/uploads\/usu2923\/2026\/02\/Lectura_Iliada3-scaled.jpg\" data-id=\"72856\" data-link=\"https:\/\/agora.xtec.cat\/iesguindavols\/?attachment_id=72856\" data-original-link=\"https:\/\/agora.xtec.cat\/iesguindavols\/wp-content\/uploads\/usu2923\/2026\/02\/Lectura_Iliada3-scaled.jpg\" class=\"wp-block-getwid-images-slider__image wp-image-72856\" srcset=\"https:\/\/agora.xtec.cat\/iesguindavols\/wp-content\/uploads\/usu2923\/2026\/02\/Lectura_Iliada3-scaled.jpg 1920w, https:\/\/agora.xtec.cat\/iesguindavols\/wp-content\/uploads\/usu2923\/2026\/02\/Lectura_Iliada3-225x300.jpg 225w, https:\/\/agora.xtec.cat\/iesguindavols\/wp-content\/uploads\/usu2923\/2026\/02\/Lectura_Iliada3-768x1024.jpg 768w, https:\/\/agora.xtec.cat\/iesguindavols\/wp-content\/uploads\/usu2923\/2026\/02\/Lectura_Iliada3-1152x1536.jpg 1152w, https:\/\/agora.xtec.cat\/iesguindavols\/wp-content\/uploads\/usu2923\/2026\/02\/Lectura_Iliada3-1536x2048.jpg 1536w\" sizes=\"auto, (max-width: 1920px) 100vw, 1920px\" \/><\/figure><\/div><div class=\"wp-block-getwid-images-slider__item\"><figure><img loading=\"lazy\" decoding=\"async\" width=\"2560\" height=\"1920\" src=\"https:\/\/agora.xtec.cat\/iesguindavols\/wp-content\/uploads\/usu2923\/2026\/02\/lectura_Iliada2-scaled.jpg\" data-id=\"72855\" data-link=\"https:\/\/agora.xtec.cat\/iesguindavols\/?attachment_id=72855\" data-original-link=\"https:\/\/agora.xtec.cat\/iesguindavols\/wp-content\/uploads\/usu2923\/2026\/02\/lectura_Iliada2-scaled.jpg\" class=\"wp-block-getwid-images-slider__image wp-image-72855\" srcset=\"https:\/\/agora.xtec.cat\/iesguindavols\/wp-content\/uploads\/usu2923\/2026\/02\/lectura_Iliada2-scaled.jpg 2560w, https:\/\/agora.xtec.cat\/iesguindavols\/wp-content\/uploads\/usu2923\/2026\/02\/lectura_Iliada2-300x225.jpg 300w, https:\/\/agora.xtec.cat\/iesguindavols\/wp-content\/uploads\/usu2923\/2026\/02\/lectura_Iliada2-1024x768.jpg 1024w, https:\/\/agora.xtec.cat\/iesguindavols\/wp-content\/uploads\/usu2923\/2026\/02\/lectura_Iliada2-768x576.jpg 768w, https:\/\/agora.xtec.cat\/iesguindavols\/wp-content\/uploads\/usu2923\/2026\/02\/lectura_Iliada2-1536x1152.jpg 1536w, https:\/\/agora.xtec.cat\/iesguindavols\/wp-content\/uploads\/usu2923\/2026\/02\/lectura_Iliada2-2048x1536.jpg 2048w, https:\/\/agora.xtec.cat\/iesguindavols\/wp-content\/uploads\/usu2923\/2026\/02\/lectura_Iliada2-200x150.jpg 200w\" sizes=\"auto, (max-width: 2560px) 100vw, 2560px\" \/><\/figure><\/div><\/div><\/div>\n","protected":false},"excerpt":{"rendered":"<p>Un curs m\u00e9s, l\u2019alumnat de Llengua i cultura grega de 2n Batxillerat ha iniciat el club de lectura dels cl\u00e0ssics gaudint de la natura; engunay, la Il\u00edada d\u2019Homer ressona entre les fulles que la tardor i l\u2019hivern fa caure i que ens han recordat els&hellip;  <a href=\"https:\/\/agora.xtec.cat\/iesguindavols\/general\/lectura-dels-classics-a-la-natura\/\" title=\"Read Lectura dels cl\u00e0ssics a la natura\">Llegeix m\u00e9s\u00bb<\/a><\/p>\n","protected":false},"author":50,"featured_media":72857,"comment_status":"closed","ping_status":"open","sticky":false,"template":"","format":"standard","meta":{"_bbp_topic_count":0,"_bbp_reply_count":0,"_bbp_total_topic_count":0,"_bbp_total_reply_count":0,"_bbp_voice_count":0,"_bbp_anonymous_reply_count":0,"_bbp_topic_count_hidden":0,"_bbp_reply_count_hidden":0,"_bbp_forum_subforum_count":0,"footnotes":""},"categories":[1],"tags":[],"class_list":["post-72842","post","type-post","status-publish","format-standard","has-post-thumbnail","hentry","category-general"],"post_mailing_queue_ids":[],"_links":{"self":[{"href":"https:\/\/agora.xtec.cat\/iesguindavols\/wp-json\/wp\/v2\/posts\/72842","targetHints":{"allow":["GET"]}}],"collection":[{"href":"https:\/\/agora.xtec.cat\/iesguindavols\/wp-json\/wp\/v2\/posts"}],"about":[{"href":"https:\/\/agora.xtec.cat\/iesguindavols\/wp-json\/wp\/v2\/types\/post"}],"author":[{"embeddable":true,"href":"https:\/\/agora.xtec.cat\/iesguindavols\/wp-json\/wp\/v2\/users\/50"}],"replies":[{"embeddable":true,"href":"https:\/\/agora.xtec.cat\/iesguindavols\/wp-json\/wp\/v2\/comments?post=72842"}],"version-history":[{"count":1,"href":"https:\/\/agora.xtec.cat\/iesguindavols\/wp-json\/wp\/v2\/posts\/72842\/revisions"}],"predecessor-version":[{"id":72858,"href":"https:\/\/agora.xtec.cat\/iesguindavols\/wp-json\/wp\/v2\/posts\/72842\/revisions\/72858"}],"wp:featuredmedia":[{"embeddable":true,"href":"https:\/\/agora.xtec.cat\/iesguindavols\/wp-json\/wp\/v2\/media\/72857"}],"wp:attachment":[{"href":"https:\/\/agora.xtec.cat\/iesguindavols\/wp-json\/wp\/v2\/media?parent=72842"}],"wp:term":[{"taxonomy":"category","embeddable":true,"href":"https:\/\/agora.xtec.cat\/iesguindavols\/wp-json\/wp\/v2\/categories?post=72842"},{"taxonomy":"post_tag","embeddable":true,"href":"https:\/\/agora.xtec.cat\/iesguindavols\/wp-json\/wp\/v2\/tags?post=72842"}],"curies":[{"name":"wp","href":"https:\/\/api.w.org\/{rel}","templated":true}]}}