{"id":72826,"date":"2026-02-05T12:24:23","date_gmt":"2026-02-05T11:24:23","guid":{"rendered":"https:\/\/agora.xtec.cat\/iesguindavols\/?p=72826"},"modified":"2026-02-07T09:33:34","modified_gmt":"2026-02-07T08:33:34","slug":"premiat-un-projecte-del-guindavols-sobre-ia","status":"publish","type":"post","link":"https:\/\/agora.xtec.cat\/iesguindavols\/general\/premiat-un-projecte-del-guindavols-sobre-ia\/","title":{"rendered":"Premiat un projecte del Guind\u00e0vols sobre IA"},"content":{"rendered":"\n<p class=\"has-text-align-left\">Un projecte de l\u2019Institut Guind\u00e0vols va ser premiat a l\u2019EdTech Congress Barcelona per utilitzar la intel\u00b7lig\u00e8ncia artificial per millorar l\u2019atenci\u00f3 en l\u2019\u00e0mbit laboral. El projecte La intel\u00b7lig\u00e8ncia artificial en el sector t\u00e8xtil, promou fer servir aquesta tecnologia per simular processos reals de disseny i producci\u00f3 t\u00e8xtil en formaci\u00f3 professional.<\/p>\n\n\n\n<p>Aquest congr\u00e9s sobre tecnologia i educaci\u00f3 que se celebra a Barcelona els dies 4 i 5 de febres ha premiat un total de 13 projectes que ofereixen millores en el m\u00f3n educatiu. Participen un total de 81 experts de 61 empreses de tot el territori.<\/p>\n\n\n\n<p>El projecte ha estat dirigit per les professores S\u00f2nia Gil i Carme Molt\u00f3.<\/p>\n\n\n\n<p>El projecte ja va ser premiat anteriorment al <strong>Concurs Iberoameric\u00e0 d\u2019Intel\u00b7lig\u00e8ncia Artificial en Educaci\u00f3.<\/strong><\/p>\n\n\n\n<p><strong><a href=\"https:\/\/agora.xtec.cat\/iesguindavols\/general\/linstitut-guindavols-guanyador-del-concurs-iberoamerica-dintelligencia-artificial-en-educacio\/\">Veieu not\u00edcia aqu\u00ed<\/a><\/strong><\/p>\n\n\n\n<figure class=\"wp-block-embed is-type-video is-provider-youtube wp-block-embed-youtube wp-embed-aspect-16-9 wp-has-aspect-ratio\"><div class=\"wp-block-embed__wrapper\">\n<iframe loading=\"lazy\" title=\"V\u00eddeo IA moda edtech\" width=\"500\" height=\"281\" src=\"https:\/\/www.youtube.com\/embed\/z8es0T7n1fo?feature=oembed\" frameborder=\"0\" allow=\"accelerometer; autoplay; clipboard-write; encrypted-media; gyroscope; picture-in-picture; web-share\" referrerpolicy=\"strict-origin-when-cross-origin\" allowfullscreen><\/iframe>\n<\/div><\/figure>\n\n\n\n<figure class=\"wp-block-image size-large\"><a href=\"https:\/\/agora.xtec.cat\/iesguindavols\/wp-content\/uploads\/usu2923\/2026\/02\/WhatsApp-Image-2026-02-04-at-11.24.48.jpeg\"><img loading=\"lazy\" decoding=\"async\" width=\"768\" height=\"1024\" src=\"https:\/\/agora.xtec.cat\/iesguindavols\/wp-content\/uploads\/usu2923\/2026\/02\/WhatsApp-Image-2026-02-04-at-11.24.48-768x1024.jpeg\" alt=\"\" class=\"wp-image-72827\" srcset=\"https:\/\/agora.xtec.cat\/iesguindavols\/wp-content\/uploads\/usu2923\/2026\/02\/WhatsApp-Image-2026-02-04-at-11.24.48-768x1024.jpeg 768w, https:\/\/agora.xtec.cat\/iesguindavols\/wp-content\/uploads\/usu2923\/2026\/02\/WhatsApp-Image-2026-02-04-at-11.24.48-225x300.jpeg 225w, https:\/\/agora.xtec.cat\/iesguindavols\/wp-content\/uploads\/usu2923\/2026\/02\/WhatsApp-Image-2026-02-04-at-11.24.48-1152x1536.jpeg 1152w, https:\/\/agora.xtec.cat\/iesguindavols\/wp-content\/uploads\/usu2923\/2026\/02\/WhatsApp-Image-2026-02-04-at-11.24.48.jpeg 1200w\" sizes=\"auto, (max-width: 768px) 100vw, 768px\" \/><\/a><\/figure>\n\n\n\n<figure class=\"wp-block-image size-large\"><a href=\"https:\/\/agora.xtec.cat\/iesguindavols\/wp-content\/uploads\/usu2923\/2026\/02\/WhatsApp-Image-2026-02-04-at-21.58.10.jpeg\"><img loading=\"lazy\" decoding=\"async\" width=\"1024\" height=\"768\" src=\"https:\/\/agora.xtec.cat\/iesguindavols\/wp-content\/uploads\/usu2923\/2026\/02\/WhatsApp-Image-2026-02-04-at-21.58.10-1024x768.jpeg\" alt=\"\" class=\"wp-image-72828\" srcset=\"https:\/\/agora.xtec.cat\/iesguindavols\/wp-content\/uploads\/usu2923\/2026\/02\/WhatsApp-Image-2026-02-04-at-21.58.10-1024x768.jpeg 1024w, https:\/\/agora.xtec.cat\/iesguindavols\/wp-content\/uploads\/usu2923\/2026\/02\/WhatsApp-Image-2026-02-04-at-21.58.10-300x225.jpeg 300w, https:\/\/agora.xtec.cat\/iesguindavols\/wp-content\/uploads\/usu2923\/2026\/02\/WhatsApp-Image-2026-02-04-at-21.58.10-768x576.jpeg 768w, https:\/\/agora.xtec.cat\/iesguindavols\/wp-content\/uploads\/usu2923\/2026\/02\/WhatsApp-Image-2026-02-04-at-21.58.10-1536x1152.jpeg 1536w, https:\/\/agora.xtec.cat\/iesguindavols\/wp-content\/uploads\/usu2923\/2026\/02\/WhatsApp-Image-2026-02-04-at-21.58.10-200x150.jpeg 200w, https:\/\/agora.xtec.cat\/iesguindavols\/wp-content\/uploads\/usu2923\/2026\/02\/WhatsApp-Image-2026-02-04-at-21.58.10.jpeg 2000w\" sizes=\"auto, (max-width: 1024px) 100vw, 1024px\" \/><\/a><\/figure>\n","protected":false},"excerpt":{"rendered":"<p>Un projecte de l\u2019Institut Guind\u00e0vols va ser premiat a l\u2019EdTech Congress Barcelona per utilitzar la intel\u00b7lig\u00e8ncia artificial per millorar l\u2019atenci\u00f3 en l\u2019\u00e0mbit laboral. El projecte La intel\u00b7lig\u00e8ncia artificial en el sector t\u00e8xtil, promou fer servir aquesta tecnologia per simular processos reals de disseny i producci\u00f3&hellip;  <a href=\"https:\/\/agora.xtec.cat\/iesguindavols\/general\/premiat-un-projecte-del-guindavols-sobre-ia\/\" title=\"Read Premiat un projecte del Guind\u00e0vols sobre IA\">Llegeix m\u00e9s\u00bb<\/a><\/p>\n","protected":false},"author":6,"featured_media":72828,"comment_status":"closed","ping_status":"open","sticky":false,"template":"","format":"standard","meta":{"_bbp_topic_count":0,"_bbp_reply_count":0,"_bbp_total_topic_count":0,"_bbp_total_reply_count":0,"_bbp_voice_count":0,"_bbp_anonymous_reply_count":0,"_bbp_topic_count_hidden":0,"_bbp_reply_count_hidden":0,"_bbp_forum_subforum_count":0,"footnotes":""},"categories":[30,1,134,181,161],"tags":[],"class_list":["post-72826","post","type-post","status-publish","format-standard","has-post-thumbnail","hentry","category-cicles-formatius","category-general","category-familia-professional-textil-confeccio-i-pell","category-tecnic-en-confeccio-i-moda","category-tecnic-superior-en-patronatge-i-moda"],"post_mailing_queue_ids":[],"_links":{"self":[{"href":"https:\/\/agora.xtec.cat\/iesguindavols\/wp-json\/wp\/v2\/posts\/72826","targetHints":{"allow":["GET"]}}],"collection":[{"href":"https:\/\/agora.xtec.cat\/iesguindavols\/wp-json\/wp\/v2\/posts"}],"about":[{"href":"https:\/\/agora.xtec.cat\/iesguindavols\/wp-json\/wp\/v2\/types\/post"}],"author":[{"embeddable":true,"href":"https:\/\/agora.xtec.cat\/iesguindavols\/wp-json\/wp\/v2\/users\/6"}],"replies":[{"embeddable":true,"href":"https:\/\/agora.xtec.cat\/iesguindavols\/wp-json\/wp\/v2\/comments?post=72826"}],"version-history":[{"count":2,"href":"https:\/\/agora.xtec.cat\/iesguindavols\/wp-json\/wp\/v2\/posts\/72826\/revisions"}],"predecessor-version":[{"id":72875,"href":"https:\/\/agora.xtec.cat\/iesguindavols\/wp-json\/wp\/v2\/posts\/72826\/revisions\/72875"}],"wp:featuredmedia":[{"embeddable":true,"href":"https:\/\/agora.xtec.cat\/iesguindavols\/wp-json\/wp\/v2\/media\/72828"}],"wp:attachment":[{"href":"https:\/\/agora.xtec.cat\/iesguindavols\/wp-json\/wp\/v2\/media?parent=72826"}],"wp:term":[{"taxonomy":"category","embeddable":true,"href":"https:\/\/agora.xtec.cat\/iesguindavols\/wp-json\/wp\/v2\/categories?post=72826"},{"taxonomy":"post_tag","embeddable":true,"href":"https:\/\/agora.xtec.cat\/iesguindavols\/wp-json\/wp\/v2\/tags?post=72826"}],"curies":[{"name":"wp","href":"https:\/\/api.w.org\/{rel}","templated":true}]}}