{"id":72748,"date":"2026-01-14T18:26:41","date_gmt":"2026-01-14T17:26:41","guid":{"rendered":"https:\/\/agora.xtec.cat\/iesguindavols\/?p=72748"},"modified":"2026-01-15T08:35:45","modified_gmt":"2026-01-15T07:35:45","slug":"un-conte-de-nadal","status":"publish","type":"post","link":"https:\/\/agora.xtec.cat\/iesguindavols\/general\/un-conte-de-nadal\/","title":{"rendered":"Un conte de Nadal"},"content":{"rendered":"\n<p class=\"has-text-align-left\">El Pla de Lectura de l\u2019INS Guind\u00e0vols vol potenciar la lectura en veu alta i l\u2019expressi\u00f3 oral per millorar les compet\u00e8ncies i l\u2019aprenentatge. Per aquest motiu, el desembre passat,\u00a0 l\u2019alumnat de 1 d\u2019ESO A i B respectivament, van anar a explicar un conte als m\u00e9s petits de les escoles Ciutat Jard\u00ed i Pr\u00e0ctiques II.<\/p>\n\n\n\n<p class=\"has-text-align-left\">Explicar un conte als infants posa en contacte alumnat petit i jove, potencia la imaginaci\u00f3 i motiva l\u2019adquisici\u00f3 d\u2019aquestes compet\u00e8ncies.<\/p>\n\n\n\n<figure class=\"wp-block-image size-large\"><a href=\"https:\/\/agora.xtec.cat\/iesguindavols\/wp-content\/uploads\/usu2923\/2026\/01\/IMG-20260114-WA0002.jpg\"><img loading=\"lazy\" decoding=\"async\" width=\"1024\" height=\"461\" src=\"https:\/\/agora.xtec.cat\/iesguindavols\/wp-content\/uploads\/usu2923\/2026\/01\/IMG-20260114-WA0002-1024x461.jpg\" alt=\"\" class=\"wp-image-72742\" srcset=\"https:\/\/agora.xtec.cat\/iesguindavols\/wp-content\/uploads\/usu2923\/2026\/01\/IMG-20260114-WA0002-1024x461.jpg 1024w, https:\/\/agora.xtec.cat\/iesguindavols\/wp-content\/uploads\/usu2923\/2026\/01\/IMG-20260114-WA0002-300x135.jpg 300w, https:\/\/agora.xtec.cat\/iesguindavols\/wp-content\/uploads\/usu2923\/2026\/01\/IMG-20260114-WA0002-768x346.jpg 768w, https:\/\/agora.xtec.cat\/iesguindavols\/wp-content\/uploads\/usu2923\/2026\/01\/IMG-20260114-WA0002-1536x691.jpg 1536w, https:\/\/agora.xtec.cat\/iesguindavols\/wp-content\/uploads\/usu2923\/2026\/01\/IMG-20260114-WA0002.jpg 1600w\" sizes=\"auto, (max-width: 1024px) 100vw, 1024px\" \/><\/a><\/figure>\n\n\n\n<figure class=\"wp-block-image size-large\"><a href=\"https:\/\/agora.xtec.cat\/iesguindavols\/wp-content\/uploads\/usu2923\/2026\/01\/IMG-20260114-WA0003.jpg\"><img loading=\"lazy\" decoding=\"async\" width=\"1024\" height=\"461\" src=\"https:\/\/agora.xtec.cat\/iesguindavols\/wp-content\/uploads\/usu2923\/2026\/01\/IMG-20260114-WA0003-1024x461.jpg\" alt=\"\" class=\"wp-image-72744\" srcset=\"https:\/\/agora.xtec.cat\/iesguindavols\/wp-content\/uploads\/usu2923\/2026\/01\/IMG-20260114-WA0003-1024x461.jpg 1024w, https:\/\/agora.xtec.cat\/iesguindavols\/wp-content\/uploads\/usu2923\/2026\/01\/IMG-20260114-WA0003-300x135.jpg 300w, https:\/\/agora.xtec.cat\/iesguindavols\/wp-content\/uploads\/usu2923\/2026\/01\/IMG-20260114-WA0003-768x346.jpg 768w, https:\/\/agora.xtec.cat\/iesguindavols\/wp-content\/uploads\/usu2923\/2026\/01\/IMG-20260114-WA0003-1536x691.jpg 1536w, https:\/\/agora.xtec.cat\/iesguindavols\/wp-content\/uploads\/usu2923\/2026\/01\/IMG-20260114-WA0003.jpg 1600w\" sizes=\"auto, (max-width: 1024px) 100vw, 1024px\" \/><\/a><\/figure>\n\n\n\n<figure class=\"wp-block-image size-large\"><a href=\"https:\/\/agora.xtec.cat\/iesguindavols\/wp-content\/uploads\/usu2923\/2026\/01\/IMG-20260114-WA0001.jpg\"><img loading=\"lazy\" decoding=\"async\" width=\"1024\" height=\"558\" src=\"https:\/\/agora.xtec.cat\/iesguindavols\/wp-content\/uploads\/usu2923\/2026\/01\/IMG-20260114-WA0001-1024x558.jpg\" alt=\"\" class=\"wp-image-72743\" srcset=\"https:\/\/agora.xtec.cat\/iesguindavols\/wp-content\/uploads\/usu2923\/2026\/01\/IMG-20260114-WA0001-1024x558.jpg 1024w, https:\/\/agora.xtec.cat\/iesguindavols\/wp-content\/uploads\/usu2923\/2026\/01\/IMG-20260114-WA0001-300x164.jpg 300w, https:\/\/agora.xtec.cat\/iesguindavols\/wp-content\/uploads\/usu2923\/2026\/01\/IMG-20260114-WA0001-768x419.jpg 768w, https:\/\/agora.xtec.cat\/iesguindavols\/wp-content\/uploads\/usu2923\/2026\/01\/IMG-20260114-WA0001-1536x837.jpg 1536w, https:\/\/agora.xtec.cat\/iesguindavols\/wp-content\/uploads\/usu2923\/2026\/01\/IMG-20260114-WA0001.jpg 1600w\" sizes=\"auto, (max-width: 1024px) 100vw, 1024px\" \/><\/a><\/figure>\n","protected":false},"excerpt":{"rendered":"<p>El Pla de Lectura de l\u2019INS Guind\u00e0vols vol potenciar la lectura en veu alta i l\u2019expressi\u00f3 oral per millorar les compet\u00e8ncies i l\u2019aprenentatge. Per aquest motiu, el desembre passat,\u00a0 l\u2019alumnat de 1 d\u2019ESO A i B respectivament, van anar a explicar un conte als m\u00e9s&hellip;  <a href=\"https:\/\/agora.xtec.cat\/iesguindavols\/general\/un-conte-de-nadal\/\" title=\"Read Un conte de Nadal\">Llegeix m\u00e9s\u00bb<\/a><\/p>\n","protected":false},"author":115,"featured_media":72743,"comment_status":"closed","ping_status":"open","sticky":false,"template":"","format":"standard","meta":{"_bbp_topic_count":0,"_bbp_reply_count":0,"_bbp_total_topic_count":0,"_bbp_total_reply_count":0,"_bbp_voice_count":0,"_bbp_anonymous_reply_count":0,"_bbp_topic_count_hidden":0,"_bbp_reply_count_hidden":0,"_bbp_forum_subforum_count":0,"footnotes":""},"categories":[109,110,4,9,10,1],"tags":[318],"class_list":["post-72748","post","type-post","status-publish","format-standard","has-post-thumbnail","hentry","category-activitats","category-eso-al-guindavols","category-eso-1","category-eso-1a","category-eso-1b","category-general","tag-pla-lector"],"post_mailing_queue_ids":[],"_links":{"self":[{"href":"https:\/\/agora.xtec.cat\/iesguindavols\/wp-json\/wp\/v2\/posts\/72748","targetHints":{"allow":["GET"]}}],"collection":[{"href":"https:\/\/agora.xtec.cat\/iesguindavols\/wp-json\/wp\/v2\/posts"}],"about":[{"href":"https:\/\/agora.xtec.cat\/iesguindavols\/wp-json\/wp\/v2\/types\/post"}],"author":[{"embeddable":true,"href":"https:\/\/agora.xtec.cat\/iesguindavols\/wp-json\/wp\/v2\/users\/115"}],"replies":[{"embeddable":true,"href":"https:\/\/agora.xtec.cat\/iesguindavols\/wp-json\/wp\/v2\/comments?post=72748"}],"version-history":[{"count":1,"href":"https:\/\/agora.xtec.cat\/iesguindavols\/wp-json\/wp\/v2\/posts\/72748\/revisions"}],"predecessor-version":[{"id":72749,"href":"https:\/\/agora.xtec.cat\/iesguindavols\/wp-json\/wp\/v2\/posts\/72748\/revisions\/72749"}],"wp:featuredmedia":[{"embeddable":true,"href":"https:\/\/agora.xtec.cat\/iesguindavols\/wp-json\/wp\/v2\/media\/72743"}],"wp:attachment":[{"href":"https:\/\/agora.xtec.cat\/iesguindavols\/wp-json\/wp\/v2\/media?parent=72748"}],"wp:term":[{"taxonomy":"category","embeddable":true,"href":"https:\/\/agora.xtec.cat\/iesguindavols\/wp-json\/wp\/v2\/categories?post=72748"},{"taxonomy":"post_tag","embeddable":true,"href":"https:\/\/agora.xtec.cat\/iesguindavols\/wp-json\/wp\/v2\/tags?post=72748"}],"curies":[{"name":"wp","href":"https:\/\/api.w.org\/{rel}","templated":true}]}}