{"id":72671,"date":"2025-11-06T08:54:30","date_gmt":"2025-11-06T07:54:30","guid":{"rendered":"https:\/\/agora.xtec.cat\/iesguindavols\/?p=72671"},"modified":"2025-11-06T08:54:30","modified_gmt":"2025-11-06T07:54:30","slug":"doblet-per-al-guindavols-als-premis-recerca-jove","status":"publish","type":"post","link":"https:\/\/agora.xtec.cat\/iesguindavols\/general\/doblet-per-al-guindavols-als-premis-recerca-jove\/","title":{"rendered":"DOBLET PER AL GUIND\u00c0VOLS ALS PREMIS RECERCA JOVE\u00a0"},"content":{"rendered":"\n<p>Dissabte 25 d\u2019octubre es va celebrar a l&#8217;auditori de Barcelona l\u2019acte de lliurament dels Premis Recerca Jove 2024, presidit per la\u00a0consellera de Recerca i Universitats, N\u00faria Montserrat, premis que\u00a0distingeixen anualment els treballs de recerca d\u2019estudiants de secund\u00e0ria, batxillerat i cicles formatius.\u00a0 En l&#8217;edici\u00f3 d&#8217;enguany\u00a0l&#8217;Institut Guind\u00e0vols de Lleida va ser reconegut per partida doble: d\u2019una banda, l&#8217;alumna Sara Inssi Belhadi, va guanyar un primer premi (dotat amb 850 euros), amb el seu treball de recerca \u201cLa imatge de la dona al refranyer tarifit\u201d, tutoritzat per la professora Teresa Quintill\u00e0 Zanuy; d\u2019altra banda, el propi centre va guanyar el Premi Regin\u00f3 de Centre 2024, per la seva tasca impulsora de l\u2019equitat de g\u00e8nere i prevenci\u00f3 de viol\u00e8ncies sexistes, la integraci\u00f3 de la perspectiva de g\u00e8nere al centre i la promoci\u00f3 de la recerca en q\u00fcestions de g\u00e8nere.\u00a0<\/p>\n\n\n\n<figure class=\"wp-block-gallery has-nested-images columns-default is-cropped wp-block-gallery-1 is-layout-flex wp-block-gallery-is-layout-flex\">\n<figure class=\"wp-block-image size-large\"><a href=\"https:\/\/agora.xtec.cat\/iesguindavols\/wp-content\/uploads\/usu2923\/2025\/11\/36a70091-bbcd-4068-be5c-1939a6e9971f.jpg\"><img loading=\"lazy\" decoding=\"async\" width=\"858\" height=\"1024\" data-id=\"72672\" src=\"https:\/\/agora.xtec.cat\/iesguindavols\/wp-content\/uploads\/usu2923\/2025\/11\/36a70091-bbcd-4068-be5c-1939a6e9971f-858x1024.jpg\" alt=\"\" class=\"wp-image-72672\" srcset=\"https:\/\/agora.xtec.cat\/iesguindavols\/wp-content\/uploads\/usu2923\/2025\/11\/36a70091-bbcd-4068-be5c-1939a6e9971f-858x1024.jpg 858w, https:\/\/agora.xtec.cat\/iesguindavols\/wp-content\/uploads\/usu2923\/2025\/11\/36a70091-bbcd-4068-be5c-1939a6e9971f-251x300.jpg 251w, https:\/\/agora.xtec.cat\/iesguindavols\/wp-content\/uploads\/usu2923\/2025\/11\/36a70091-bbcd-4068-be5c-1939a6e9971f-768x917.jpg 768w, https:\/\/agora.xtec.cat\/iesguindavols\/wp-content\/uploads\/usu2923\/2025\/11\/36a70091-bbcd-4068-be5c-1939a6e9971f-1287x1536.jpg 1287w, https:\/\/agora.xtec.cat\/iesguindavols\/wp-content\/uploads\/usu2923\/2025\/11\/36a70091-bbcd-4068-be5c-1939a6e9971f.jpg 1478w\" sizes=\"auto, (max-width: 858px) 100vw, 858px\" \/><\/a><\/figure>\n\n\n\n<figure class=\"wp-block-image size-large\"><a href=\"https:\/\/agora.xtec.cat\/iesguindavols\/wp-content\/uploads\/usu2923\/2025\/11\/36529539-8dda-4ce6-b6af-7f9cf304d00d.jpg\"><img loading=\"lazy\" decoding=\"async\" width=\"768\" height=\"1024\" data-id=\"72673\" src=\"https:\/\/agora.xtec.cat\/iesguindavols\/wp-content\/uploads\/usu2923\/2025\/11\/36529539-8dda-4ce6-b6af-7f9cf304d00d-768x1024.jpg\" alt=\"\" class=\"wp-image-72673\" srcset=\"https:\/\/agora.xtec.cat\/iesguindavols\/wp-content\/uploads\/usu2923\/2025\/11\/36529539-8dda-4ce6-b6af-7f9cf304d00d-768x1024.jpg 768w, https:\/\/agora.xtec.cat\/iesguindavols\/wp-content\/uploads\/usu2923\/2025\/11\/36529539-8dda-4ce6-b6af-7f9cf304d00d-225x300.jpg 225w, https:\/\/agora.xtec.cat\/iesguindavols\/wp-content\/uploads\/usu2923\/2025\/11\/36529539-8dda-4ce6-b6af-7f9cf304d00d-1152x1536.jpg 1152w, https:\/\/agora.xtec.cat\/iesguindavols\/wp-content\/uploads\/usu2923\/2025\/11\/36529539-8dda-4ce6-b6af-7f9cf304d00d.jpg 1500w\" sizes=\"auto, (max-width: 768px) 100vw, 768px\" \/><\/a><\/figure>\n<\/figure>\n","protected":false},"excerpt":{"rendered":"<p>Dissabte 25 d\u2019octubre es va celebrar a l&#8217;auditori de Barcelona l\u2019acte de lliurament dels Premis Recerca Jove 2024, presidit per la\u00a0consellera de Recerca i Universitats, N\u00faria Montserrat, premis que\u00a0distingeixen anualment els treballs de recerca d\u2019estudiants de secund\u00e0ria, batxillerat i cicles formatius.\u00a0 En l&#8217;edici\u00f3 d&#8217;enguany\u00a0l&#8217;Institut Guind\u00e0vols&hellip;  <a href=\"https:\/\/agora.xtec.cat\/iesguindavols\/general\/doblet-per-al-guindavols-als-premis-recerca-jove\/\" title=\"Read DOBLET PER AL GUIND\u00c0VOLS ALS PREMIS RECERCA JOVE\u00a0\">Llegeix m\u00e9s\u00bb<\/a><\/p>\n","protected":false},"author":6,"featured_media":72672,"comment_status":"closed","ping_status":"open","sticky":false,"template":"","format":"standard","meta":{"_bbp_topic_count":0,"_bbp_reply_count":0,"_bbp_total_topic_count":0,"_bbp_total_reply_count":0,"_bbp_voice_count":0,"_bbp_anonymous_reply_count":0,"_bbp_topic_count_hidden":0,"_bbp_reply_count_hidden":0,"_bbp_forum_subforum_count":0,"footnotes":""},"categories":[8,107,1],"tags":[],"class_list":["post-72671","post","type-post","status-publish","format-standard","has-post-thumbnail","hentry","category-batxillerat","category-centre","category-general"],"post_mailing_queue_ids":[],"_links":{"self":[{"href":"https:\/\/agora.xtec.cat\/iesguindavols\/wp-json\/wp\/v2\/posts\/72671","targetHints":{"allow":["GET"]}}],"collection":[{"href":"https:\/\/agora.xtec.cat\/iesguindavols\/wp-json\/wp\/v2\/posts"}],"about":[{"href":"https:\/\/agora.xtec.cat\/iesguindavols\/wp-json\/wp\/v2\/types\/post"}],"author":[{"embeddable":true,"href":"https:\/\/agora.xtec.cat\/iesguindavols\/wp-json\/wp\/v2\/users\/6"}],"replies":[{"embeddable":true,"href":"https:\/\/agora.xtec.cat\/iesguindavols\/wp-json\/wp\/v2\/comments?post=72671"}],"version-history":[{"count":1,"href":"https:\/\/agora.xtec.cat\/iesguindavols\/wp-json\/wp\/v2\/posts\/72671\/revisions"}],"predecessor-version":[{"id":72674,"href":"https:\/\/agora.xtec.cat\/iesguindavols\/wp-json\/wp\/v2\/posts\/72671\/revisions\/72674"}],"wp:featuredmedia":[{"embeddable":true,"href":"https:\/\/agora.xtec.cat\/iesguindavols\/wp-json\/wp\/v2\/media\/72672"}],"wp:attachment":[{"href":"https:\/\/agora.xtec.cat\/iesguindavols\/wp-json\/wp\/v2\/media?parent=72671"}],"wp:term":[{"taxonomy":"category","embeddable":true,"href":"https:\/\/agora.xtec.cat\/iesguindavols\/wp-json\/wp\/v2\/categories?post=72671"},{"taxonomy":"post_tag","embeddable":true,"href":"https:\/\/agora.xtec.cat\/iesguindavols\/wp-json\/wp\/v2\/tags?post=72671"}],"curies":[{"name":"wp","href":"https:\/\/api.w.org\/{rel}","templated":true}]}}