{"id":72590,"date":"2025-09-09T19:02:16","date_gmt":"2025-09-09T17:02:16","guid":{"rendered":"https:\/\/agora.xtec.cat\/iesguindavols\/?p=72590"},"modified":"2025-09-09T19:02:17","modified_gmt":"2025-09-09T17:02:17","slug":"2n-premi-argo-de-la-uab-pel-seu-tdr-projecte-oreneta-a-les-borges-blanques","status":"publish","type":"post","link":"https:\/\/agora.xtec.cat\/iesguindavols\/general\/2n-premi-argo-de-la-uab-pel-seu-tdr-projecte-oreneta-a-les-borges-blanques\/","title":{"rendered":"2n premi Arg\u00f3 de la UAB pel seu tdr \u201cprojecte oreneta a les Borges Blanques\u201d"},"content":{"rendered":"\n<p>El passat juny la Jana Gin\u00e9 Bodet va rebre el 2n premi Arg\u00f3 de la Universitat Aut\u00f2noma de Barcelona en l\u2019\u00e0mbit de bioci\u00e8ncies pel seu treball \u201cEl projecte oreneta a les Borges Blanques\u201d. En el seu treball ha estudiat amb rigor cient\u00edfic la poblaci\u00f3 d\u2019orenetes de les Borges Blanques i ha fet propostes per la seva conservaci\u00f3. El treball ha estat tutoritzat per l\u2019Alba Guiral.<\/p>\n\n\n\n<figure class=\"wp-block-image size-large\"><a href=\"https:\/\/agora.xtec.cat\/iesguindavols\/wp-content\/uploads\/usu2923\/2025\/09\/PHOTO-2025-07-08-20-42-24.jpg\"><img loading=\"lazy\" decoding=\"async\" width=\"768\" height=\"1024\" src=\"https:\/\/agora.xtec.cat\/iesguindavols\/wp-content\/uploads\/usu2923\/2025\/09\/PHOTO-2025-07-08-20-42-24-768x1024.jpg\" alt=\"\" class=\"wp-image-72591\" srcset=\"https:\/\/agora.xtec.cat\/iesguindavols\/wp-content\/uploads\/usu2923\/2025\/09\/PHOTO-2025-07-08-20-42-24-768x1024.jpg 768w, https:\/\/agora.xtec.cat\/iesguindavols\/wp-content\/uploads\/usu2923\/2025\/09\/PHOTO-2025-07-08-20-42-24-225x300.jpg 225w, https:\/\/agora.xtec.cat\/iesguindavols\/wp-content\/uploads\/usu2923\/2025\/09\/PHOTO-2025-07-08-20-42-24-1152x1536.jpg 1152w, https:\/\/agora.xtec.cat\/iesguindavols\/wp-content\/uploads\/usu2923\/2025\/09\/PHOTO-2025-07-08-20-42-24.jpg 1200w\" sizes=\"auto, (max-width: 768px) 100vw, 768px\" \/><\/a><\/figure>\n","protected":false},"excerpt":{"rendered":"<p>El passat juny la Jana Gin\u00e9 Bodet va rebre el 2n premi Arg\u00f3 de la Universitat Aut\u00f2noma de Barcelona en l\u2019\u00e0mbit de bioci\u00e8ncies pel seu treball \u201cEl projecte oreneta a les Borges Blanques\u201d. En el seu treball ha estudiat amb rigor cient\u00edfic la poblaci\u00f3 d\u2019orenetes&hellip;  <a href=\"https:\/\/agora.xtec.cat\/iesguindavols\/general\/2n-premi-argo-de-la-uab-pel-seu-tdr-projecte-oreneta-a-les-borges-blanques\/\" title=\"Read 2n premi Arg\u00f3 de la UAB pel seu tdr \u201cprojecte oreneta a les Borges Blanques\u201d\">Llegeix m\u00e9s\u00bb<\/a><\/p>\n","protected":false},"author":6,"featured_media":72591,"comment_status":"closed","ping_status":"open","sticky":false,"template":"","format":"standard","meta":{"_bbp_topic_count":0,"_bbp_reply_count":0,"_bbp_total_topic_count":0,"_bbp_total_reply_count":0,"_bbp_voice_count":0,"_bbp_anonymous_reply_count":0,"_bbp_topic_count_hidden":0,"_bbp_reply_count_hidden":0,"_bbp_forum_subforum_count":0,"footnotes":""},"categories":[8,107,1],"tags":[162],"class_list":["post-72590","post","type-post","status-publish","format-standard","has-post-thumbnail","hentry","category-batxillerat","category-centre","category-general","tag-premis"],"post_mailing_queue_ids":[],"_links":{"self":[{"href":"https:\/\/agora.xtec.cat\/iesguindavols\/wp-json\/wp\/v2\/posts\/72590","targetHints":{"allow":["GET"]}}],"collection":[{"href":"https:\/\/agora.xtec.cat\/iesguindavols\/wp-json\/wp\/v2\/posts"}],"about":[{"href":"https:\/\/agora.xtec.cat\/iesguindavols\/wp-json\/wp\/v2\/types\/post"}],"author":[{"embeddable":true,"href":"https:\/\/agora.xtec.cat\/iesguindavols\/wp-json\/wp\/v2\/users\/6"}],"replies":[{"embeddable":true,"href":"https:\/\/agora.xtec.cat\/iesguindavols\/wp-json\/wp\/v2\/comments?post=72590"}],"version-history":[{"count":1,"href":"https:\/\/agora.xtec.cat\/iesguindavols\/wp-json\/wp\/v2\/posts\/72590\/revisions"}],"predecessor-version":[{"id":72592,"href":"https:\/\/agora.xtec.cat\/iesguindavols\/wp-json\/wp\/v2\/posts\/72590\/revisions\/72592"}],"wp:featuredmedia":[{"embeddable":true,"href":"https:\/\/agora.xtec.cat\/iesguindavols\/wp-json\/wp\/v2\/media\/72591"}],"wp:attachment":[{"href":"https:\/\/agora.xtec.cat\/iesguindavols\/wp-json\/wp\/v2\/media?parent=72590"}],"wp:term":[{"taxonomy":"category","embeddable":true,"href":"https:\/\/agora.xtec.cat\/iesguindavols\/wp-json\/wp\/v2\/categories?post=72590"},{"taxonomy":"post_tag","embeddable":true,"href":"https:\/\/agora.xtec.cat\/iesguindavols\/wp-json\/wp\/v2\/tags?post=72590"}],"curies":[{"name":"wp","href":"https:\/\/api.w.org\/{rel}","templated":true}]}}