{"id":72260,"date":"2025-02-24T13:30:00","date_gmt":"2025-02-24T12:30:00","guid":{"rendered":"https:\/\/agora.xtec.cat\/iesguindavols\/?p=72260"},"modified":"2025-05-04T13:56:30","modified_gmt":"2025-05-04T11:56:30","slug":"esquiada-24-25-de-lalumnat-de-cicles-formatius-i-eso","status":"publish","type":"post","link":"https:\/\/agora.xtec.cat\/iesguindavols\/general\/esquiada-24-25-de-lalumnat-de-cicles-formatius-i-eso\/","title":{"rendered":"Esquiada de l&#8217;alumnat de cicles formatius i ESO"},"content":{"rendered":"\n<p>Els passats 19, 20 i 21 de febrer, l\u2019alumnat de cicles formatius i de l\u2019ESO va participar en una sortida d\u2019esqu\u00ed a Port Ain\u00e9, una activitat que combina esport, conviv\u00e8ncia i descobriment del territori.<\/p>\n\n\n\n<p>Durant tres dies, els i les alumnes van poder gaudir de l\u2019esqu\u00ed en un entorn privilegiat i amb prou bona neu, tot allotjant-se a l\u2019hostal Can Josep de Sort, on van compartir moments de grup i van refor\u00e7ar els vincles entre companys i companyes.<\/p>\n\n\n\n<p>A m\u00e9s de l\u2019activitat esportiva, el grup va fer una visita molt enriquidora a la formatgeria de la cooperativa Tros de Sort, on van con\u00e8ixer de primera m\u00e0 alguns dels secrets de l\u2019elaboraci\u00f3 dels seus formatges artesans i van descobrir el valor del projecte cooperatiu que hi ha al darrere d\u2019aquest producte local.<\/p>\n\n\n<div class=\"wp-block-image\">\n<figure class=\"aligncenter size-full is-resized\"><a href=\"https:\/\/agora.xtec.cat\/iesguindavols\/wp-content\/uploads\/usu2923\/2025\/05\/PHOTO-2025-02-21-18-02-14-1.jpg\"><img loading=\"lazy\" decoding=\"async\" width=\"640\" height=\"480\" src=\"https:\/\/agora.xtec.cat\/iesguindavols\/wp-content\/uploads\/usu2923\/2025\/05\/PHOTO-2025-02-21-18-02-14-1.jpg\" alt=\"\" class=\"wp-image-72262\" style=\"width:835px;height:auto\" srcset=\"https:\/\/agora.xtec.cat\/iesguindavols\/wp-content\/uploads\/usu2923\/2025\/05\/PHOTO-2025-02-21-18-02-14-1.jpg 640w, https:\/\/agora.xtec.cat\/iesguindavols\/wp-content\/uploads\/usu2923\/2025\/05\/PHOTO-2025-02-21-18-02-14-1-300x225.jpg 300w, https:\/\/agora.xtec.cat\/iesguindavols\/wp-content\/uploads\/usu2923\/2025\/05\/PHOTO-2025-02-21-18-02-14-1-200x150.jpg 200w\" sizes=\"auto, (max-width: 640px) 100vw, 640px\" \/><\/a><\/figure><\/div>\n\n\n<p><\/p>\n\n\n<div class=\"wp-block-image\">\n<figure class=\"aligncenter size-full is-resized\"><a href=\"https:\/\/agora.xtec.cat\/iesguindavols\/wp-content\/uploads\/usu2923\/2025\/05\/IMG_4466-1.jpg\"><img loading=\"lazy\" decoding=\"async\" width=\"856\" height=\"642\" src=\"https:\/\/agora.xtec.cat\/iesguindavols\/wp-content\/uploads\/usu2923\/2025\/05\/IMG_4466-1.jpg\" alt=\"\" class=\"wp-image-72266\" style=\"width:836px;height:auto\" srcset=\"https:\/\/agora.xtec.cat\/iesguindavols\/wp-content\/uploads\/usu2923\/2025\/05\/IMG_4466-1.jpg 856w, https:\/\/agora.xtec.cat\/iesguindavols\/wp-content\/uploads\/usu2923\/2025\/05\/IMG_4466-1-300x225.jpg 300w, https:\/\/agora.xtec.cat\/iesguindavols\/wp-content\/uploads\/usu2923\/2025\/05\/IMG_4466-1-768x576.jpg 768w, https:\/\/agora.xtec.cat\/iesguindavols\/wp-content\/uploads\/usu2923\/2025\/05\/IMG_4466-1-200x150.jpg 200w\" sizes=\"auto, (max-width: 856px) 100vw, 856px\" \/><\/a><\/figure><\/div>","protected":false},"excerpt":{"rendered":"<p>Els passats 19, 20 i 21 de febrer, l\u2019alumnat de cicles formatius i de l\u2019ESO va participar en una sortida d\u2019esqu\u00ed a Port Ain\u00e9, una activitat que combina esport, conviv\u00e8ncia i descobriment del territori.<\/p>\n<p>Durant tres dies, els i les alumnes van poder gaudir de l\u2019esqu\u00ed&hellip;  <a href=\"https:\/\/agora.xtec.cat\/iesguindavols\/general\/esquiada-24-25-de-lalumnat-de-cicles-formatius-i-eso\/\" title=\"Read Esquiada de l&#8217;alumnat de cicles formatius i ESO\">Llegeix m\u00e9s\u00bb<\/a><\/p>\n","protected":false},"author":5,"featured_media":72261,"comment_status":"closed","ping_status":"closed","sticky":false,"template":"","format":"standard","meta":{"_bbp_topic_count":0,"_bbp_reply_count":0,"_bbp_total_topic_count":0,"_bbp_total_reply_count":0,"_bbp_voice_count":0,"_bbp_anonymous_reply_count":0,"_bbp_topic_count_hidden":0,"_bbp_reply_count_hidden":0,"_bbp_forum_subforum_count":0,"footnotes":""},"categories":[30,1],"tags":[],"class_list":["post-72260","post","type-post","status-publish","format-standard","has-post-thumbnail","hentry","category-cicles-formatius","category-general"],"post_mailing_queue_ids":[],"_links":{"self":[{"href":"https:\/\/agora.xtec.cat\/iesguindavols\/wp-json\/wp\/v2\/posts\/72260","targetHints":{"allow":["GET"]}}],"collection":[{"href":"https:\/\/agora.xtec.cat\/iesguindavols\/wp-json\/wp\/v2\/posts"}],"about":[{"href":"https:\/\/agora.xtec.cat\/iesguindavols\/wp-json\/wp\/v2\/types\/post"}],"author":[{"embeddable":true,"href":"https:\/\/agora.xtec.cat\/iesguindavols\/wp-json\/wp\/v2\/users\/5"}],"replies":[{"embeddable":true,"href":"https:\/\/agora.xtec.cat\/iesguindavols\/wp-json\/wp\/v2\/comments?post=72260"}],"version-history":[{"count":6,"href":"https:\/\/agora.xtec.cat\/iesguindavols\/wp-json\/wp\/v2\/posts\/72260\/revisions"}],"predecessor-version":[{"id":72273,"href":"https:\/\/agora.xtec.cat\/iesguindavols\/wp-json\/wp\/v2\/posts\/72260\/revisions\/72273"}],"wp:featuredmedia":[{"embeddable":true,"href":"https:\/\/agora.xtec.cat\/iesguindavols\/wp-json\/wp\/v2\/media\/72261"}],"wp:attachment":[{"href":"https:\/\/agora.xtec.cat\/iesguindavols\/wp-json\/wp\/v2\/media?parent=72260"}],"wp:term":[{"taxonomy":"category","embeddable":true,"href":"https:\/\/agora.xtec.cat\/iesguindavols\/wp-json\/wp\/v2\/categories?post=72260"},{"taxonomy":"post_tag","embeddable":true,"href":"https:\/\/agora.xtec.cat\/iesguindavols\/wp-json\/wp\/v2\/tags?post=72260"}],"curies":[{"name":"wp","href":"https:\/\/api.w.org\/{rel}","templated":true}]}}