{"id":72173,"date":"2025-03-27T20:57:50","date_gmt":"2025-03-27T19:57:50","guid":{"rendered":"https:\/\/agora.xtec.cat\/iesguindavols\/?p=72173"},"modified":"2025-06-02T07:22:47","modified_gmt":"2025-06-02T05:22:47","slug":"xxive-premi-literari-carme-ribes","status":"publish","type":"post","link":"https:\/\/agora.xtec.cat\/iesguindavols\/general\/xxive-premi-literari-carme-ribes\/","title":{"rendered":"XXIV\u00e8 Premi Literari Carme Ribes"},"content":{"rendered":"\n<div style=\"height:19px\" aria-hidden=\"true\" class=\"wp-block-spacer\"><\/div>\n\n\n\n<p>Aquest any 2025 arribem a les 25na edici\u00f3 del Premi Literari\u00a0<em>Carme Ribes<\/em>\u00a0que els departaments de lleng\u00fces de l&#8217;Institut Guind\u00e0vols convoquen cada any per Sant Jordi. Enguany el lema dels escrits que es prensenten\u00a0\u00e9s &#8220;Caragolar-se de riure&#8221;. Tot l&#8217;alumnat s&#8217;hi pot presentar en catal\u00e0, castell\u00e0, angl\u00e8s o franc\u00e8s. Tenen fins el 2 d&#8217;abril de termini.\u00a0<\/p>\n\n\n\n<div style=\"height:14px\" aria-hidden=\"true\" class=\"wp-block-spacer\"><\/div>\n\n\n\n<p>Salut i lletres!\u00a0<\/p>\n\n\n\n<div style=\"height:36px\" aria-hidden=\"true\" class=\"wp-block-spacer\"><\/div>\n\n\n<div class=\"wp-block-image\">\n<figure class=\"aligncenter size-full is-resized\"><a href=\"https:\/\/agora.xtec.cat\/iesguindavols\/wp-content\/uploads\/usu2923\/2025\/03\/Yellow-Comic-Coming-Soon-Instagram-Story.png\"><img loading=\"lazy\" decoding=\"async\" width=\"1080\" height=\"1920\" src=\"https:\/\/agora.xtec.cat\/iesguindavols\/wp-content\/uploads\/usu2923\/2025\/03\/Yellow-Comic-Coming-Soon-Instagram-Story.png\" alt=\"\" class=\"wp-image-72175\" style=\"width:400px\" srcset=\"https:\/\/agora.xtec.cat\/iesguindavols\/wp-content\/uploads\/usu2923\/2025\/03\/Yellow-Comic-Coming-Soon-Instagram-Story.png 1080w, https:\/\/agora.xtec.cat\/iesguindavols\/wp-content\/uploads\/usu2923\/2025\/03\/Yellow-Comic-Coming-Soon-Instagram-Story-169x300.png 169w, https:\/\/agora.xtec.cat\/iesguindavols\/wp-content\/uploads\/usu2923\/2025\/03\/Yellow-Comic-Coming-Soon-Instagram-Story-576x1024.png 576w, https:\/\/agora.xtec.cat\/iesguindavols\/wp-content\/uploads\/usu2923\/2025\/03\/Yellow-Comic-Coming-Soon-Instagram-Story-768x1365.png 768w, https:\/\/agora.xtec.cat\/iesguindavols\/wp-content\/uploads\/usu2923\/2025\/03\/Yellow-Comic-Coming-Soon-Instagram-Story-864x1536.png 864w\" sizes=\"auto, (max-width: 1080px) 100vw, 1080px\" \/><\/a><\/figure><\/div>\n\n\n<div style=\"height:46px\" aria-hidden=\"true\" class=\"wp-block-spacer\"><\/div>\n\n\n\n<div data-wp-interactive=\"core\/file\" class=\"wp-block-file\"><object data-wp-bind--hidden=\"!state.hasPdfPreview\" hidden class=\"wp-block-file__embed\" data=\"https:\/\/agora.xtec.cat\/iesguindavols\/wp-content\/uploads\/usu2923\/2025\/03\/triptic-2025.pdf\" type=\"application\/pdf\" style=\"width:100%;height:944px\" aria-label=\"Incrustaci\u00f3 del fitxer triptic-2025.\"><\/object><a id=\"wp-block-file--media-b0116c78-70d1-46fd-9ecb-7720d84d679a\" href=\"https:\/\/agora.xtec.cat\/iesguindavols\/wp-content\/uploads\/usu2923\/2025\/03\/triptic-2025.pdf\">triptic-2025<\/a><a href=\"https:\/\/agora.xtec.cat\/iesguindavols\/wp-content\/uploads\/usu2923\/2025\/03\/triptic-2025.pdf\" class=\"wp-block-file__button wp-element-button\" download aria-describedby=\"wp-block-file--media-b0116c78-70d1-46fd-9ecb-7720d84d679a\">Baixa<\/a><\/div>\n","protected":false},"excerpt":{"rendered":"<p>Aquest any 2025 arribem a les 25na edici\u00f3 del Premi Literari\u00a0Carme Ribes\u00a0que els departaments de lleng\u00fces de l&#8217;Institut Guind\u00e0vols convoquen cada any per Sant Jordi. Enguany el lema dels escrits que es prensenten\u00a0\u00e9s &#8220;Caragolar-se de riure&#8221;. Tot l&#8217;alumnat s&#8217;hi pot presentar en catal\u00e0, castell\u00e0, angl\u00e8s&hellip;  <a href=\"https:\/\/agora.xtec.cat\/iesguindavols\/general\/xxive-premi-literari-carme-ribes\/\" title=\"Read XXIV\u00e8 Premi Literari Carme Ribes\">Llegeix m\u00e9s\u00bb<\/a><\/p>\n","protected":false},"author":23,"featured_media":72187,"comment_status":"closed","ping_status":"open","sticky":false,"template":"","format":"gallery","meta":{"_bbp_topic_count":0,"_bbp_reply_count":0,"_bbp_total_topic_count":0,"_bbp_total_reply_count":0,"_bbp_voice_count":0,"_bbp_anonymous_reply_count":0,"_bbp_topic_count_hidden":0,"_bbp_reply_count_hidden":0,"_bbp_forum_subforum_count":0,"footnotes":""},"categories":[1],"tags":[155,162,38],"class_list":["post-72173","post","type-post","status-publish","format-gallery","has-post-thumbnail","hentry","category-general","tag-eso","tag-premis","tag-sant-jordi","post_format-post-format-gallery"],"post_mailing_queue_ids":[],"_links":{"self":[{"href":"https:\/\/agora.xtec.cat\/iesguindavols\/wp-json\/wp\/v2\/posts\/72173","targetHints":{"allow":["GET"]}}],"collection":[{"href":"https:\/\/agora.xtec.cat\/iesguindavols\/wp-json\/wp\/v2\/posts"}],"about":[{"href":"https:\/\/agora.xtec.cat\/iesguindavols\/wp-json\/wp\/v2\/types\/post"}],"author":[{"embeddable":true,"href":"https:\/\/agora.xtec.cat\/iesguindavols\/wp-json\/wp\/v2\/users\/23"}],"replies":[{"embeddable":true,"href":"https:\/\/agora.xtec.cat\/iesguindavols\/wp-json\/wp\/v2\/comments?post=72173"}],"version-history":[{"count":6,"href":"https:\/\/agora.xtec.cat\/iesguindavols\/wp-json\/wp\/v2\/posts\/72173\/revisions"}],"predecessor-version":[{"id":72198,"href":"https:\/\/agora.xtec.cat\/iesguindavols\/wp-json\/wp\/v2\/posts\/72173\/revisions\/72198"}],"wp:featuredmedia":[{"embeddable":true,"href":"https:\/\/agora.xtec.cat\/iesguindavols\/wp-json\/wp\/v2\/media\/72187"}],"wp:attachment":[{"href":"https:\/\/agora.xtec.cat\/iesguindavols\/wp-json\/wp\/v2\/media?parent=72173"}],"wp:term":[{"taxonomy":"category","embeddable":true,"href":"https:\/\/agora.xtec.cat\/iesguindavols\/wp-json\/wp\/v2\/categories?post=72173"},{"taxonomy":"post_tag","embeddable":true,"href":"https:\/\/agora.xtec.cat\/iesguindavols\/wp-json\/wp\/v2\/tags?post=72173"}],"curies":[{"name":"wp","href":"https:\/\/api.w.org\/{rel}","templated":true}]}}