{"id":70342,"date":"2024-12-04T14:08:15","date_gmt":"2024-12-04T13:08:15","guid":{"rendered":"https:\/\/agora.xtec.cat\/iesguindavols\/?p=70342"},"modified":"2025-01-09T12:25:02","modified_gmt":"2025-01-09T11:25:02","slug":"donacio-dun-compressor-de-caragol-de-292kw","status":"publish","type":"post","link":"https:\/\/agora.xtec.cat\/iesguindavols\/general\/donacio-dun-compressor-de-caragol-de-292kw\/","title":{"rendered":"Donaci\u00f3 d\u2019un compressor de caragol de 292 kW"},"content":{"rendered":"\n<p>L&#8217;empresa Vall Companys a trav\u00e9s, de l\u2019empresa de fabricaci\u00f3 de caldereria, muntatges i instal\u00b7lacions industrials Serveis tecnol\u00f2gics de Ponent SL, el passat mes de novembre, ens va fer donaci\u00f3 al departament d\u2019instal\u00b7laci\u00f3 i manteniment de l\u2019Institut Guind\u00e0vols, d\u2019un compressor de caragol d\u2019amon\u00edac de la marca AERZEN, model VMY356M de 292 kW de pot\u00e8ncia i d\u2019un cabal de 1694 m3\/h amb capacitat variable i de gran valor per a l\u2019aprenentatge de l\u2019alumnat de formaci\u00f3 professional d\u2019instal\u00b7lacions frigor\u00edfiques. Aquest equip permetr\u00e0 realitzar pr\u00e0ctiques de manteniment, reglatge i posada en marxa d\u2019aquest tipus de compressors, molt utilitzats en grans instal\u00b7lacions de fred industrial.<br>El conjunt de la comunitat educativa de formaci\u00f3 professional i del centre, aix\u00ed com la direcci\u00f3 d&#8217;aquest, estem molt satisfets i valorem molt aquests tipus de col\u00b7laboraci\u00f3 amb les empreses del sector de l\u2019entorn.\u00a0Moltes\u00a0gr\u00e0cies!<\/p>\n\n\n\n<p><\/p>\n\n\n\n<figure class=\"wp-block-image size-large\"><a href=\"https:\/\/agora.xtec.cat\/iesguindavols\/wp-content\/uploads\/usu2923\/2024\/12\/noticia-compressor.jpg\"><img loading=\"lazy\" decoding=\"async\" width=\"1024\" height=\"768\" src=\"https:\/\/agora.xtec.cat\/iesguindavols\/wp-content\/uploads\/usu2923\/2024\/12\/noticia-compressor-1024x768.jpg\" alt=\"\" class=\"wp-image-70344\" srcset=\"https:\/\/agora.xtec.cat\/iesguindavols\/wp-content\/uploads\/usu2923\/2024\/12\/noticia-compressor-1024x768.jpg 1024w, https:\/\/agora.xtec.cat\/iesguindavols\/wp-content\/uploads\/usu2923\/2024\/12\/noticia-compressor-300x225.jpg 300w, https:\/\/agora.xtec.cat\/iesguindavols\/wp-content\/uploads\/usu2923\/2024\/12\/noticia-compressor-768x576.jpg 768w, https:\/\/agora.xtec.cat\/iesguindavols\/wp-content\/uploads\/usu2923\/2024\/12\/noticia-compressor-1536x1152.jpg 1536w, https:\/\/agora.xtec.cat\/iesguindavols\/wp-content\/uploads\/usu2923\/2024\/12\/noticia-compressor-200x150.jpg 200w, https:\/\/agora.xtec.cat\/iesguindavols\/wp-content\/uploads\/usu2923\/2024\/12\/noticia-compressor.jpg 1600w\" sizes=\"auto, (max-width: 1024px) 100vw, 1024px\" \/><\/a><\/figure>\n","protected":false},"excerpt":{"rendered":"<p>L&#8217;empresa Vall Companys a trav\u00e9s, de l\u2019empresa de fabricaci\u00f3 de caldereria, muntatges i instal\u00b7lacions industrials Serveis tecnol\u00f2gics de Ponent SL, el passat mes de novembre, ens va fer donaci\u00f3 al departament d\u2019instal\u00b7laci\u00f3 i manteniment de l\u2019Institut Guind\u00e0vols, d\u2019un compressor de caragol d\u2019amon\u00edac de la marca&hellip;  <a href=\"https:\/\/agora.xtec.cat\/iesguindavols\/general\/donacio-dun-compressor-de-caragol-de-292kw\/\" title=\"Read Donaci\u00f3 d\u2019un compressor de caragol de 292 kW\">Llegeix m\u00e9s\u00bb<\/a><\/p>\n","protected":false},"author":6,"featured_media":70344,"comment_status":"closed","ping_status":"open","sticky":false,"template":"","format":"standard","meta":{"_bbp_topic_count":0,"_bbp_reply_count":0,"_bbp_total_topic_count":0,"_bbp_total_reply_count":0,"_bbp_voice_count":0,"_bbp_anonymous_reply_count":0,"_bbp_topic_count_hidden":0,"_bbp_reply_count_hidden":0,"_bbp_forum_subforum_count":0,"footnotes":""},"categories":[122,123,30,1,128],"tags":[],"class_list":["post-70342","post","type-post","status-publish","format-standard","has-post-thumbnail","hentry","category-cf-grau-mitja","category-cf-grau-superior","category-cicles-formatius","category-general","category-familia-professional-dinstallacio-i-manteniment"],"post_mailing_queue_ids":[],"_links":{"self":[{"href":"https:\/\/agora.xtec.cat\/iesguindavols\/wp-json\/wp\/v2\/posts\/70342","targetHints":{"allow":["GET"]}}],"collection":[{"href":"https:\/\/agora.xtec.cat\/iesguindavols\/wp-json\/wp\/v2\/posts"}],"about":[{"href":"https:\/\/agora.xtec.cat\/iesguindavols\/wp-json\/wp\/v2\/types\/post"}],"author":[{"embeddable":true,"href":"https:\/\/agora.xtec.cat\/iesguindavols\/wp-json\/wp\/v2\/users\/6"}],"replies":[{"embeddable":true,"href":"https:\/\/agora.xtec.cat\/iesguindavols\/wp-json\/wp\/v2\/comments?post=70342"}],"version-history":[{"count":6,"href":"https:\/\/agora.xtec.cat\/iesguindavols\/wp-json\/wp\/v2\/posts\/70342\/revisions"}],"predecessor-version":[{"id":70421,"href":"https:\/\/agora.xtec.cat\/iesguindavols\/wp-json\/wp\/v2\/posts\/70342\/revisions\/70421"}],"wp:featuredmedia":[{"embeddable":true,"href":"https:\/\/agora.xtec.cat\/iesguindavols\/wp-json\/wp\/v2\/media\/70344"}],"wp:attachment":[{"href":"https:\/\/agora.xtec.cat\/iesguindavols\/wp-json\/wp\/v2\/media?parent=70342"}],"wp:term":[{"taxonomy":"category","embeddable":true,"href":"https:\/\/agora.xtec.cat\/iesguindavols\/wp-json\/wp\/v2\/categories?post=70342"},{"taxonomy":"post_tag","embeddable":true,"href":"https:\/\/agora.xtec.cat\/iesguindavols\/wp-json\/wp\/v2\/tags?post=70342"}],"curies":[{"name":"wp","href":"https:\/\/api.w.org\/{rel}","templated":true}]}}