{"id":69604,"date":"2024-03-08T10:07:38","date_gmt":"2024-03-08T09:07:38","guid":{"rendered":"https:\/\/agora.xtec.cat\/iesguindavols\/?p=69604"},"modified":"2024-03-08T10:27:17","modified_gmt":"2024-03-08T09:27:17","slug":"vista-installacio-nuclear-vandellos-i","status":"publish","type":"post","link":"https:\/\/agora.xtec.cat\/iesguindavols\/general\/vista-installacio-nuclear-vandellos-i\/","title":{"rendered":"Vista instal\u00b7laci\u00f3 nuclear Vandell\u00f3s I"},"content":{"rendered":"<p>El passat dimecres 6 de mar\u00e7 de 2024 els alumnes dels CFGM d\u2019Instal\u00b7lacions frigor\u00edfiques i de calefacci\u00f3 van visitar la instal\u00b7laci\u00f3 nuclear Vandell\u00f2s I (Enresa).<\/p>\n<p><a href=\"https:\/\/agora.xtec.cat\/iesguindavols\/wp-content\/uploads\/usu2923\/2024\/03\/Vandellos_4.jpg\"><img loading=\"lazy\" decoding=\"async\" class=\"wp-image-69602 aligncenter\" src=\"https:\/\/agora.xtec.cat\/iesguindavols\/wp-content\/uploads\/usu2923\/2024\/03\/Vandellos_4.jpg\" alt=\"\" width=\"329\" height=\"301\" srcset=\"https:\/\/agora.xtec.cat\/iesguindavols\/wp-content\/uploads\/usu2923\/2024\/03\/Vandellos_4.jpg 1024w, https:\/\/agora.xtec.cat\/iesguindavols\/wp-content\/uploads\/usu2923\/2024\/03\/Vandellos_4-300x275.jpg 300w, https:\/\/agora.xtec.cat\/iesguindavols\/wp-content\/uploads\/usu2923\/2024\/03\/Vandellos_4-768x703.jpg 768w\" sizes=\"auto, (max-width: 329px) 100vw, 329px\" \/><\/a><\/p>\n<p>Aquesta visita educativa a l&#8217;antiga central nuclear, actualment en fase de lat\u00e8ncia, va tenir una durada aproximada de 3 hores que va incloure una proposta pedag\u00f2gica que pretenia complementar la formaci\u00f3 dels estudiants, en aspectes relatius a la gesti\u00f3 dels residus radioactius i el desmantellament d&#8217;instal\u00b7lacions nuclears, ja pot ser un coneixement \u00fatil i una experi\u00e8ncia \u00fanica per ampliar la formaci\u00f3 de l&#8217;alumnat.<\/p>\n<p><a href=\"https:\/\/agora.xtec.cat\/iesguindavols\/wp-content\/uploads\/usu2923\/2024\/03\/Vandellos_2.jpg\"><img loading=\"lazy\" decoding=\"async\" class=\"wp-image-69600 aligncenter\" src=\"https:\/\/agora.xtec.cat\/iesguindavols\/wp-content\/uploads\/usu2923\/2024\/03\/Vandellos_2.jpg\" alt=\"\" width=\"394\" height=\"296\" srcset=\"https:\/\/agora.xtec.cat\/iesguindavols\/wp-content\/uploads\/usu2923\/2024\/03\/Vandellos_2.jpg 1024w, https:\/\/agora.xtec.cat\/iesguindavols\/wp-content\/uploads\/usu2923\/2024\/03\/Vandellos_2-300x225.jpg 300w, https:\/\/agora.xtec.cat\/iesguindavols\/wp-content\/uploads\/usu2923\/2024\/03\/Vandellos_2-768x576.jpg 768w, https:\/\/agora.xtec.cat\/iesguindavols\/wp-content\/uploads\/usu2923\/2024\/03\/Vandellos_2-200x150.jpg 200w\" sizes=\"auto, (max-width: 394px) 100vw, 394px\" \/><\/a><\/p>\n<p>La proposta pedag\u00f2gica va constar de tres blocs:<br \/>\n\u2022 Confer\u00e8ncia\/xerrada sobre Enresa: La gesti\u00f3 dels residus radioactius i el desmantellament d&#8217;instal\u00b7lacions nuclears.<br \/>\n\u2022 Activitats en grup a la Sala Interactiva.<br \/>\n\u2022 Visita i recorregut per la instal\u00b7laci\u00f3, amb explicacions relatives al desmantellament de la central nuclear, situaci\u00f3 actual i les proves quinquennals dutes a terme per Enresa.<\/p>\n<p><a href=\"https:\/\/agora.xtec.cat\/iesguindavols\/wp-content\/uploads\/usu2923\/2024\/03\/Vandellos_3-rotated.jpg\"><img loading=\"lazy\" decoding=\"async\" class=\"wp-image-69601 aligncenter\" src=\"https:\/\/agora.xtec.cat\/iesguindavols\/wp-content\/uploads\/usu2923\/2024\/03\/Vandellos_3-768x1024.jpg\" alt=\"\" width=\"221\" height=\"295\" srcset=\"https:\/\/agora.xtec.cat\/iesguindavols\/wp-content\/uploads\/usu2923\/2024\/03\/Vandellos_3-768x1024.jpg 768w, https:\/\/agora.xtec.cat\/iesguindavols\/wp-content\/uploads\/usu2923\/2024\/03\/Vandellos_3-225x300.jpg 225w, https:\/\/agora.xtec.cat\/iesguindavols\/wp-content\/uploads\/usu2923\/2024\/03\/Vandellos_3-rotated.jpg 1024w\" sizes=\"auto, (max-width: 221px) 100vw, 221px\" \/><\/a><br \/>\nUn agra\u00efment per tota la gesti\u00f3 a l\u2019empresa Enresa, empresa p\u00fablica que va realitzar el desmantellament de la CN Vandell\u00f2s I, va adquirir el comprom\u00eds de mantenir i refor\u00e7ar la relaci\u00f3 amb l&#8217;entorn, aix\u00ed com de divulgar la seva tasca.<\/p>\n<p>En acabar la visita a la central vam completar la sortida fent una vista al poble de l\u2019Hospitalet de l\u2019Infant.<\/p>\n<p>&nbsp;<\/p>\n","protected":false},"excerpt":{"rendered":"<p>El passat dimecres 6 de mar\u00e7 de 2024 els alumnes dels CFGM d\u2019Instal\u00b7lacions frigor\u00edfiques i de calefacci\u00f3 van visitar la instal\u00b7laci\u00f3 nuclear Vandell\u00f2s I (Enresa).<br \/>\n<a href=\"https:\/\/agora.xtec.cat\/iesguindavols\/wp-content\/uploads\/usu2923\/2024\/03\/Vandellos_4.jpg\"><\/a><br \/>\nAquesta visita educativa a l&#8217;antiga central nuclear, actualment en fase de lat\u00e8ncia, va tenir una durada aproximada de 3 hores&hellip;  <a href=\"https:\/\/agora.xtec.cat\/iesguindavols\/general\/vista-installacio-nuclear-vandellos-i\/\" title=\"Read Vista instal\u00b7laci\u00f3 nuclear Vandell\u00f3s I\">Llegeix m\u00e9s\u00bb<\/a><\/p>\n","protected":false},"author":30,"featured_media":69605,"comment_status":"open","ping_status":"closed","sticky":false,"template":"","format":"standard","meta":{"_bbp_topic_count":0,"_bbp_reply_count":0,"_bbp_total_topic_count":0,"_bbp_total_reply_count":0,"_bbp_voice_count":0,"_bbp_anonymous_reply_count":0,"_bbp_topic_count_hidden":0,"_bbp_reply_count_hidden":0,"_bbp_forum_subforum_count":0,"footnotes":""},"categories":[122,1,125,126],"tags":[],"class_list":["post-69604","post","type-post","status-publish","format-standard","has-post-thumbnail","hentry","category-cf-grau-mitja","category-general","category-tecnic-en-installacions-de-produccio-de-calor","category-tecnic-en-installacions-frigorifiques-i-de-climatitzacio"],"post_mailing_queue_ids":[],"_links":{"self":[{"href":"https:\/\/agora.xtec.cat\/iesguindavols\/wp-json\/wp\/v2\/posts\/69604","targetHints":{"allow":["GET"]}}],"collection":[{"href":"https:\/\/agora.xtec.cat\/iesguindavols\/wp-json\/wp\/v2\/posts"}],"about":[{"href":"https:\/\/agora.xtec.cat\/iesguindavols\/wp-json\/wp\/v2\/types\/post"}],"author":[{"embeddable":true,"href":"https:\/\/agora.xtec.cat\/iesguindavols\/wp-json\/wp\/v2\/users\/30"}],"replies":[{"embeddable":true,"href":"https:\/\/agora.xtec.cat\/iesguindavols\/wp-json\/wp\/v2\/comments?post=69604"}],"version-history":[{"count":1,"href":"https:\/\/agora.xtec.cat\/iesguindavols\/wp-json\/wp\/v2\/posts\/69604\/revisions"}],"predecessor-version":[{"id":69606,"href":"https:\/\/agora.xtec.cat\/iesguindavols\/wp-json\/wp\/v2\/posts\/69604\/revisions\/69606"}],"wp:featuredmedia":[{"embeddable":true,"href":"https:\/\/agora.xtec.cat\/iesguindavols\/wp-json\/wp\/v2\/media\/69605"}],"wp:attachment":[{"href":"https:\/\/agora.xtec.cat\/iesguindavols\/wp-json\/wp\/v2\/media?parent=69604"}],"wp:term":[{"taxonomy":"category","embeddable":true,"href":"https:\/\/agora.xtec.cat\/iesguindavols\/wp-json\/wp\/v2\/categories?post=69604"},{"taxonomy":"post_tag","embeddable":true,"href":"https:\/\/agora.xtec.cat\/iesguindavols\/wp-json\/wp\/v2\/tags?post=69604"}],"curies":[{"name":"wp","href":"https:\/\/api.w.org\/{rel}","templated":true}]}}