{"id":69271,"date":"2024-01-30T09:42:46","date_gmt":"2024-01-30T08:42:46","guid":{"rendered":"https:\/\/agora.xtec.cat\/iesguindavols\/?p=69271"},"modified":"2024-02-23T09:29:32","modified_gmt":"2024-02-23T08:29:32","slug":"activitats-75-50-anys","status":"publish","type":"post","link":"https:\/\/agora.xtec.cat\/iesguindavols\/general\/activitats-75-50-anys\/","title":{"rendered":"ACTIVITATS 75-50 ANYS"},"content":{"rendered":"<p style=\"text-align: justify;\">El dijous 18 de gener es van reunir tots els directors de l&#8217;institut d&#8217;en\u00e7\u00e0 que es va construir el nou edifici, que aquest curs fa <span class=\"hiddenGreenError\">50<\/span>\u00a0anys.<br \/>\nHa estat una reuni\u00f3 on cada director i directora han exposat diferents idees per a la commemoraci\u00f3 d&#8217;aquest aniversari i els 75 anys de la instituci\u00f3.<br \/>\nLa idea \u00e9s continuar la difusi\u00f3 a les xarxes socials amb el lema &#8220;jo soc <span class=\"hiddenSpellError\">Gind\u00e0vols<\/span>&#8221; <span style=\"color: #00ccff;\">@Guindavols<\/span>, on alumnat, professorat i altres persones que han passat pel centre deixen el seu testimoni.<br \/>\nTamb\u00e9 s&#8217;ha valorat la possibilitat de fer un acte a la primavera i obrir-lo a tothom que d&#8217;una manera o altra ha format part de la vida del nostre centre.<br \/>\nHa estat tot un honor poder reunir a tots els directors i la directora que han participat activament en\u00a0la hist\u00f2ria\u00a0de l&#8217;institut\u00a0<span class=\"hiddenSpellError\">Guind\u00e0vols<\/span>.<\/p>\n<p><img loading=\"lazy\" decoding=\"async\" class=\"aligncenter size-large wp-image-69272\" src=\"https:\/\/agora.xtec.cat\/iesguindavols\/wp-content\/uploads\/usu2923\/2024\/01\/DIRECTORS-1024x768.jpg\" alt=\"\" width=\"1024\" height=\"768\" srcset=\"https:\/\/agora.xtec.cat\/iesguindavols\/wp-content\/uploads\/usu2923\/2024\/01\/DIRECTORS-1024x768.jpg 1024w, https:\/\/agora.xtec.cat\/iesguindavols\/wp-content\/uploads\/usu2923\/2024\/01\/DIRECTORS-300x225.jpg 300w, https:\/\/agora.xtec.cat\/iesguindavols\/wp-content\/uploads\/usu2923\/2024\/01\/DIRECTORS-768x576.jpg 768w, https:\/\/agora.xtec.cat\/iesguindavols\/wp-content\/uploads\/usu2923\/2024\/01\/DIRECTORS-1536x1152.jpg 1536w, https:\/\/agora.xtec.cat\/iesguindavols\/wp-content\/uploads\/usu2923\/2024\/01\/DIRECTORS-2048x1536.jpg 2048w, https:\/\/agora.xtec.cat\/iesguindavols\/wp-content\/uploads\/usu2923\/2024\/01\/DIRECTORS-200x150.jpg 200w\" sizes=\"auto, (max-width: 1024px) 100vw, 1024px\" \/><\/p>\n","protected":false},"excerpt":{"rendered":"<p>El dijous 18 de gener es van reunir tots els directors de l&#8217;institut d&#8217;en\u00e7\u00e0 que es va construir el nou edifici, que aquest curs fa 50\u00a0anys.<br \/>\nHa estat una reuni\u00f3 on cada director i directora han exposat diferents idees per a la commemoraci\u00f3 d&#8217;aquest aniversari i&hellip;  <a href=\"https:\/\/agora.xtec.cat\/iesguindavols\/general\/activitats-75-50-anys\/\" title=\"Read ACTIVITATS 75-50 ANYS\">Llegeix m\u00e9s\u00bb<\/a><\/p>\n","protected":false},"author":6,"featured_media":69272,"comment_status":"open","ping_status":"closed","sticky":false,"template":"","format":"standard","meta":{"_bbp_topic_count":0,"_bbp_reply_count":0,"_bbp_total_topic_count":0,"_bbp_total_reply_count":0,"_bbp_voice_count":0,"_bbp_anonymous_reply_count":0,"_bbp_topic_count_hidden":0,"_bbp_reply_count_hidden":0,"_bbp_forum_subforum_count":0,"footnotes":""},"categories":[1],"tags":[],"class_list":["post-69271","post","type-post","status-publish","format-standard","has-post-thumbnail","hentry","category-general"],"post_mailing_queue_ids":[],"_links":{"self":[{"href":"https:\/\/agora.xtec.cat\/iesguindavols\/wp-json\/wp\/v2\/posts\/69271","targetHints":{"allow":["GET"]}}],"collection":[{"href":"https:\/\/agora.xtec.cat\/iesguindavols\/wp-json\/wp\/v2\/posts"}],"about":[{"href":"https:\/\/agora.xtec.cat\/iesguindavols\/wp-json\/wp\/v2\/types\/post"}],"author":[{"embeddable":true,"href":"https:\/\/agora.xtec.cat\/iesguindavols\/wp-json\/wp\/v2\/users\/6"}],"replies":[{"embeddable":true,"href":"https:\/\/agora.xtec.cat\/iesguindavols\/wp-json\/wp\/v2\/comments?post=69271"}],"version-history":[{"count":3,"href":"https:\/\/agora.xtec.cat\/iesguindavols\/wp-json\/wp\/v2\/posts\/69271\/revisions"}],"predecessor-version":[{"id":69275,"href":"https:\/\/agora.xtec.cat\/iesguindavols\/wp-json\/wp\/v2\/posts\/69271\/revisions\/69275"}],"wp:featuredmedia":[{"embeddable":true,"href":"https:\/\/agora.xtec.cat\/iesguindavols\/wp-json\/wp\/v2\/media\/69272"}],"wp:attachment":[{"href":"https:\/\/agora.xtec.cat\/iesguindavols\/wp-json\/wp\/v2\/media?parent=69271"}],"wp:term":[{"taxonomy":"category","embeddable":true,"href":"https:\/\/agora.xtec.cat\/iesguindavols\/wp-json\/wp\/v2\/categories?post=69271"},{"taxonomy":"post_tag","embeddable":true,"href":"https:\/\/agora.xtec.cat\/iesguindavols\/wp-json\/wp\/v2\/tags?post=69271"}],"curies":[{"name":"wp","href":"https:\/\/api.w.org\/{rel}","templated":true}]}}