{"id":68515,"date":"2023-11-08T13:21:57","date_gmt":"2023-11-08T12:21:57","guid":{"rendered":"https:\/\/agora.xtec.cat\/iesguindavols\/?p=68515"},"modified":"2023-11-09T00:39:56","modified_gmt":"2023-11-08T23:39:56","slug":"geometria-a-la-seu-vella","status":"publish","type":"post","link":"https:\/\/agora.xtec.cat\/iesguindavols\/general\/geometria-a-la-seu-vella\/","title":{"rendered":"Geometria a la Seu vella"},"content":{"rendered":"<p><a href=\"https:\/\/agora.xtec.cat\/iesguindavols\/wp-content\/uploads\/usu2923\/2023\/11\/Geometria-de-la-Seu-Vella.jpg\"><img loading=\"lazy\" decoding=\"async\" class=\"alignnone size-large wp-image-68516\" src=\"https:\/\/agora.xtec.cat\/iesguindavols\/wp-content\/uploads\/usu2923\/2023\/11\/Geometria-de-la-Seu-Vella-1024x427.jpg\" alt=\"Geometria de la Seu Vella\" width=\"1024\" height=\"427\" srcset=\"https:\/\/agora.xtec.cat\/iesguindavols\/wp-content\/uploads\/usu2923\/2023\/11\/Geometria-de-la-Seu-Vella-1024x427.jpg 1024w, https:\/\/agora.xtec.cat\/iesguindavols\/wp-content\/uploads\/usu2923\/2023\/11\/Geometria-de-la-Seu-Vella-300x125.jpg 300w, https:\/\/agora.xtec.cat\/iesguindavols\/wp-content\/uploads\/usu2923\/2023\/11\/Geometria-de-la-Seu-Vella-768x320.jpg 768w, https:\/\/agora.xtec.cat\/iesguindavols\/wp-content\/uploads\/usu2923\/2023\/11\/Geometria-de-la-Seu-Vella.jpg 1200w\" sizes=\"auto, (max-width: 1024px) 100vw, 1024px\" \/><\/a><\/p>\n<p>El passat 25 d\u2019octubre, alumnat de 4t d\u2019ESO va anar a la Seu Vella per realitzar activitats matem\u00e0tiques de mesura indirecta de longituds inaccessibles, utilitzant diferents tipus d\u2019aparells de mesura de longituds i d\u2019angles. Les dades recollides despr\u00e9s s\u2019han utilitzat en els c\u00e0lculs trigonom\u00e8trics i geom\u00e8trics que han perm\u00e8s determinar les dist\u00e0ncies que es volien mesurar.<\/p>\n<p><a href=\"https:\/\/agora.xtec.cat\/iesguindavols\/wp-content\/uploads\/usu2923\/2023\/11\/20231025_121557-1024x576-1.jpg\"><img loading=\"lazy\" decoding=\"async\" class=\"alignnone size-full wp-image-68543\" src=\"https:\/\/agora.xtec.cat\/iesguindavols\/wp-content\/uploads\/usu2923\/2023\/11\/20231025_121557-1024x576-1.jpg\" alt=\"\" width=\"1024\" height=\"576\" srcset=\"https:\/\/agora.xtec.cat\/iesguindavols\/wp-content\/uploads\/usu2923\/2023\/11\/20231025_121557-1024x576-1.jpg 1024w, https:\/\/agora.xtec.cat\/iesguindavols\/wp-content\/uploads\/usu2923\/2023\/11\/20231025_121557-1024x576-1-300x169.jpg 300w, https:\/\/agora.xtec.cat\/iesguindavols\/wp-content\/uploads\/usu2923\/2023\/11\/20231025_121557-1024x576-1-768x432.jpg 768w\" sizes=\"auto, (max-width: 1024px) 100vw, 1024px\" \/><\/a><\/p>\n<p>&nbsp;<\/p>\n","protected":false},"excerpt":{"rendered":"<p><a href=\"https:\/\/agora.xtec.cat\/iesguindavols\/wp-content\/uploads\/usu2923\/2023\/11\/Geometria-de-la-Seu-Vella.jpg\"><\/a><br \/>\nEl passat 25 d\u2019octubre, alumnat de 4t d\u2019ESO va anar a la Seu Vella per realitzar activitats matem\u00e0tiques de mesura indirecta de longituds inaccessibles, utilitzant diferents tipus d\u2019aparells de mesura de longituds i d\u2019angles. Les dades recollides despr\u00e9s s\u2019han utilitzat en els c\u00e0lculs trigonom\u00e8trics&hellip;  <a href=\"https:\/\/agora.xtec.cat\/iesguindavols\/general\/geometria-a-la-seu-vella\/\" title=\"Read Geometria a la Seu vella\">Llegeix m\u00e9s\u00bb<\/a><\/p>\n","protected":false},"author":23,"featured_media":68516,"comment_status":"open","ping_status":"closed","sticky":false,"template":"","format":"standard","meta":{"_bbp_topic_count":0,"_bbp_reply_count":0,"_bbp_total_topic_count":0,"_bbp_total_reply_count":0,"_bbp_voice_count":0,"_bbp_anonymous_reply_count":0,"_bbp_topic_count_hidden":0,"_bbp_reply_count_hidden":0,"_bbp_forum_subforum_count":0,"footnotes":""},"categories":[109,107,110,1,177,143,144],"tags":[],"class_list":["post-68515","post","type-post","status-publish","format-standard","has-post-thumbnail","hentry","category-activitats","category-centre","category-eso-al-guindavols","category-general","category-matematiques","category-noticies","category-novetats"],"post_mailing_queue_ids":[],"_links":{"self":[{"href":"https:\/\/agora.xtec.cat\/iesguindavols\/wp-json\/wp\/v2\/posts\/68515","targetHints":{"allow":["GET"]}}],"collection":[{"href":"https:\/\/agora.xtec.cat\/iesguindavols\/wp-json\/wp\/v2\/posts"}],"about":[{"href":"https:\/\/agora.xtec.cat\/iesguindavols\/wp-json\/wp\/v2\/types\/post"}],"author":[{"embeddable":true,"href":"https:\/\/agora.xtec.cat\/iesguindavols\/wp-json\/wp\/v2\/users\/23"}],"replies":[{"embeddable":true,"href":"https:\/\/agora.xtec.cat\/iesguindavols\/wp-json\/wp\/v2\/comments?post=68515"}],"version-history":[{"count":4,"href":"https:\/\/agora.xtec.cat\/iesguindavols\/wp-json\/wp\/v2\/posts\/68515\/revisions"}],"predecessor-version":[{"id":68545,"href":"https:\/\/agora.xtec.cat\/iesguindavols\/wp-json\/wp\/v2\/posts\/68515\/revisions\/68545"}],"wp:featuredmedia":[{"embeddable":true,"href":"https:\/\/agora.xtec.cat\/iesguindavols\/wp-json\/wp\/v2\/media\/68516"}],"wp:attachment":[{"href":"https:\/\/agora.xtec.cat\/iesguindavols\/wp-json\/wp\/v2\/media?parent=68515"}],"wp:term":[{"taxonomy":"category","embeddable":true,"href":"https:\/\/agora.xtec.cat\/iesguindavols\/wp-json\/wp\/v2\/categories?post=68515"},{"taxonomy":"post_tag","embeddable":true,"href":"https:\/\/agora.xtec.cat\/iesguindavols\/wp-json\/wp\/v2\/tags?post=68515"}],"curies":[{"name":"wp","href":"https:\/\/api.w.org\/{rel}","templated":true}]}}