{"id":68499,"date":"2023-11-02T18:01:32","date_gmt":"2023-11-02T17:01:32","guid":{"rendered":"https:\/\/agora.xtec.cat\/iesguindavols\/?p=68499"},"modified":"2023-11-09T00:01:55","modified_gmt":"2023-11-08T23:01:55","slug":"guindavols-en-accio","status":"publish","type":"post","link":"https:\/\/agora.xtec.cat\/iesguindavols\/general\/guindavols-en-accio\/","title":{"rendered":"Guind\u00e0vols en acci\u00f3"},"content":{"rendered":"<p><a href=\"https:\/\/agora.xtec.cat\/iesguindavols\/wp-content\/uploads\/usu2923\/2023\/11\/IMG_20231028_135815-1200x500_c.jpg\"><img loading=\"lazy\" decoding=\"async\" class=\"alignnone size-large wp-image-68502\" src=\"https:\/\/agora.xtec.cat\/iesguindavols\/wp-content\/uploads\/usu2923\/2023\/11\/IMG_20231028_135815-1200x500_c-1024x427.jpg\" alt=\"Guind\u00e0vols en acci\u00f3\" width=\"1024\" height=\"427\" srcset=\"https:\/\/agora.xtec.cat\/iesguindavols\/wp-content\/uploads\/usu2923\/2023\/11\/IMG_20231028_135815-1200x500_c-1024x427.jpg 1024w, https:\/\/agora.xtec.cat\/iesguindavols\/wp-content\/uploads\/usu2923\/2023\/11\/IMG_20231028_135815-1200x500_c-300x125.jpg 300w, https:\/\/agora.xtec.cat\/iesguindavols\/wp-content\/uploads\/usu2923\/2023\/11\/IMG_20231028_135815-1200x500_c-768x320.jpg 768w, https:\/\/agora.xtec.cat\/iesguindavols\/wp-content\/uploads\/usu2923\/2023\/11\/IMG_20231028_135815-1200x500_c.jpg 1200w\" sizes=\"auto, (max-width: 1024px) 100vw, 1024px\" \/><\/a><\/p>\n<p>Els dies 26, 27, i 28 d\u2019octubre \u00a0es va \u00a0celebrar a\u00a0 Viladecans la final del concurs internacional\u00a0<strong>Ciencia en Acci\u00f3n<\/strong>.<\/p>\n<p>Entre els 90 projectes finalistes de caire cient\u00edfic i tecnol\u00f2gic, 5 van ser exposats \u00a0pels alumnes de l\u2019Institut Guind\u00e0vols. Miguel Mu\u00f1oz, Paula G\u00f3mez, Ivet G\u00fcell, Adri\u00e0 Amor\u00f3s, Maria Mimbrera i Paula Pijuan, i tutorats\u00a0 pels professors Pere Picoy i Anicet Cosialls.<\/p>\n<p>A m\u00e9s, Paula G\u00f3mez va estar guardonada amb una menci\u00f3 honor\u00edfica en la modalitat de demostracions de f\u00edsica.<\/p>\n<p><a href=\"https:\/\/agora.xtec.cat\/iesguindavols\/wp-content\/uploads\/usu2923\/2023\/11\/IMG_20231029_123549-576x1024-1.jpg\"><img loading=\"lazy\" decoding=\"async\" class=\" wp-image-68537 aligncenter\" src=\"https:\/\/agora.xtec.cat\/iesguindavols\/wp-content\/uploads\/usu2923\/2023\/11\/IMG_20231029_123549-576x1024-1.jpg\" alt=\"\" width=\"415\" height=\"738\" srcset=\"https:\/\/agora.xtec.cat\/iesguindavols\/wp-content\/uploads\/usu2923\/2023\/11\/IMG_20231029_123549-576x1024-1.jpg 576w, https:\/\/agora.xtec.cat\/iesguindavols\/wp-content\/uploads\/usu2923\/2023\/11\/IMG_20231029_123549-576x1024-1-169x300.jpg 169w\" sizes=\"auto, (max-width: 415px) 100vw, 415px\" \/><\/a><\/p>\n","protected":false},"excerpt":{"rendered":"<p><a href=\"https:\/\/agora.xtec.cat\/iesguindavols\/wp-content\/uploads\/usu2923\/2023\/11\/IMG_20231028_135815-1200x500_c.jpg\"><\/a><br \/>\nEls dies 26, 27, i 28 d\u2019octubre \u00a0es va \u00a0celebrar a\u00a0 Viladecans la final del concurs internacional\u00a0Ciencia en Acci\u00f3n.<br \/>\nEntre els 90 projectes finalistes de caire cient\u00edfic i tecnol\u00f2gic, 5 van ser exposats \u00a0pels alumnes de l\u2019Institut Guind\u00e0vols. Miguel Mu\u00f1oz, Paula G\u00f3mez, Ivet G\u00fcell, Adri\u00e0&hellip;  <a href=\"https:\/\/agora.xtec.cat\/iesguindavols\/general\/guindavols-en-accio\/\" title=\"Read Guind\u00e0vols en acci\u00f3\">Llegeix m\u00e9s\u00bb<\/a><\/p>\n","protected":false},"author":23,"featured_media":68502,"comment_status":"open","ping_status":"closed","sticky":false,"template":"","format":"standard","meta":{"_bbp_topic_count":0,"_bbp_reply_count":0,"_bbp_total_topic_count":0,"_bbp_total_reply_count":0,"_bbp_voice_count":0,"_bbp_anonymous_reply_count":0,"_bbp_topic_count_hidden":0,"_bbp_reply_count_hidden":0,"_bbp_forum_subforum_count":0,"footnotes":""},"categories":[8,107,108,1,143,144,150],"tags":[],"class_list":["post-68499","post","type-post","status-publish","format-standard","has-post-thumbnail","hentry","category-batxillerat","category-centre","category-ciencies-experimentals","category-general","category-noticies","category-novetats","category-projectes"],"post_mailing_queue_ids":[],"_links":{"self":[{"href":"https:\/\/agora.xtec.cat\/iesguindavols\/wp-json\/wp\/v2\/posts\/68499","targetHints":{"allow":["GET"]}}],"collection":[{"href":"https:\/\/agora.xtec.cat\/iesguindavols\/wp-json\/wp\/v2\/posts"}],"about":[{"href":"https:\/\/agora.xtec.cat\/iesguindavols\/wp-json\/wp\/v2\/types\/post"}],"author":[{"embeddable":true,"href":"https:\/\/agora.xtec.cat\/iesguindavols\/wp-json\/wp\/v2\/users\/23"}],"replies":[{"embeddable":true,"href":"https:\/\/agora.xtec.cat\/iesguindavols\/wp-json\/wp\/v2\/comments?post=68499"}],"version-history":[{"count":6,"href":"https:\/\/agora.xtec.cat\/iesguindavols\/wp-json\/wp\/v2\/posts\/68499\/revisions"}],"predecessor-version":[{"id":68541,"href":"https:\/\/agora.xtec.cat\/iesguindavols\/wp-json\/wp\/v2\/posts\/68499\/revisions\/68541"}],"wp:featuredmedia":[{"embeddable":true,"href":"https:\/\/agora.xtec.cat\/iesguindavols\/wp-json\/wp\/v2\/media\/68502"}],"wp:attachment":[{"href":"https:\/\/agora.xtec.cat\/iesguindavols\/wp-json\/wp\/v2\/media?parent=68499"}],"wp:term":[{"taxonomy":"category","embeddable":true,"href":"https:\/\/agora.xtec.cat\/iesguindavols\/wp-json\/wp\/v2\/categories?post=68499"},{"taxonomy":"post_tag","embeddable":true,"href":"https:\/\/agora.xtec.cat\/iesguindavols\/wp-json\/wp\/v2\/tags?post=68499"}],"curies":[{"name":"wp","href":"https:\/\/api.w.org\/{rel}","templated":true}]}}