{"id":68421,"date":"2021-10-14T12:12:01","date_gmt":"2021-10-14T10:12:01","guid":{"rendered":"https:\/\/agora.xtec.cat\/iesguindavols\/?p=68421"},"modified":"2023-06-22T12:15:16","modified_gmt":"2023-06-22T10:15:16","slug":"erasmusdays-2","status":"publish","type":"post","link":"https:\/\/agora.xtec.cat\/iesguindavols\/general\/erasmusdays-2\/","title":{"rendered":"ERASMUSDAYS"},"content":{"rendered":"<p><a href=\"https:\/\/agora.xtec.cat\/iesguindavols\/wp-content\/uploads\/usu2923\/2023\/06\/IMG_0206-1200x500_c.jpg\"><img loading=\"lazy\" decoding=\"async\" class=\"alignnone size-full wp-image-68422\" src=\"https:\/\/agora.xtec.cat\/iesguindavols\/wp-content\/uploads\/usu2923\/2023\/06\/IMG_0206-1200x500_c.jpg\" alt=\"\" width=\"1200\" height=\"500\" srcset=\"https:\/\/agora.xtec.cat\/iesguindavols\/wp-content\/uploads\/usu2923\/2023\/06\/IMG_0206-1200x500_c.jpg 1200w, https:\/\/agora.xtec.cat\/iesguindavols\/wp-content\/uploads\/usu2923\/2023\/06\/IMG_0206-1200x500_c-300x125.jpg 300w, https:\/\/agora.xtec.cat\/iesguindavols\/wp-content\/uploads\/usu2923\/2023\/06\/IMG_0206-1200x500_c-1024x427.jpg 1024w, https:\/\/agora.xtec.cat\/iesguindavols\/wp-content\/uploads\/usu2923\/2023\/06\/IMG_0206-1200x500_c-768x320.jpg 768w\" sizes=\"auto, (max-width: 1200px) 100vw, 1200px\" \/><\/a><\/p>\n<p>Del 10 al 15 d\u2019octubre es celebren els\u00a0<strong>Erasmus Days<\/strong>\u00a0per tal de fer difusi\u00f3 dels projectes que es duen a terme dins del programa Erasmus+ implicant a la comunitat educativa i a la ciutadania en general. Aquest any 2021, es celebren els dies 14,15 i 16 d\u2019octubre.<\/p>\n<p>L\u2019objectiu principal de la campanya \u00e9s :<\/p>\n<p>*realitzar activitats de comunicaci\u00f3 i difusi\u00f3 per contar les experi\u00e8ncies de mobilitat i cooperaci\u00f3 a Europa<\/p>\n<p>* promoure les oportunitats finan\u00e7ades per la Uni\u00f3 Europea i<\/p>\n<p>*ampliar la difusi\u00f3 i impacte dels projectes Erasmus+ i els valors comuns europeus.<\/p>\n<p>Els \u201cErasmusDays\u201d suposen una oportunitat per difondre i donar visibilitat als projectes Erasmus+ que en el nostre Centre \u00e9s\u00a0<strong>Smart Mobility 2.0<\/strong>.<\/p>\n<p>Aquest mat\u00ed, l\u2019alumnat de 1r i 2n de Batxillerat ,<\/p>\n<p>Joan M\u00aa, Helena, N\u00faria, Paula, Jounaida, Natasha, Sirin, Ares, Maroua, Gemma, Paula, Ivet, Joan, Jaume i Aitana ,ha mantingut una confer\u00e8ncia via Zoom amb l\u2019alumnat del Centre Hellenstein -Gymnasyum de Heidenheim , Alemanya i del Centre Seyhan Anadolu Lisesi d\u2019Adana, Turqu\u00eda, on han posat en com\u00fa la feina duta a terme.<\/p>\n<p>Seguirem amb les connexions!<\/p>\n<p>Let\u2019s Keep in touch!!<\/p>\n<p><a href=\"https:\/\/agora.xtec.cat\/iesguindavols\/wp-content\/uploads\/usu2923\/2023\/06\/IMG_0204.JPG-nggid0521699-ngg0dyn-240x160x100-00f0w010c011r110f110r010t010-1.jpg\"><img loading=\"lazy\" decoding=\"async\" class=\"alignnone size-full wp-image-68424\" src=\"https:\/\/agora.xtec.cat\/iesguindavols\/wp-content\/uploads\/usu2923\/2023\/06\/IMG_0204.JPG-nggid0521699-ngg0dyn-240x160x100-00f0w010c011r110f110r010t010-1.jpg\" alt=\"\" width=\"240\" height=\"160\" \/><\/a> <a href=\"https:\/\/agora.xtec.cat\/iesguindavols\/wp-content\/uploads\/usu2923\/2023\/06\/IMG_0204.JPG-nggid0521699-ngg0dyn-240x160x100-00f0w010c011r110f110r010t010.jpg\"><img loading=\"lazy\" decoding=\"async\" class=\"alignnone size-full wp-image-68425\" src=\"https:\/\/agora.xtec.cat\/iesguindavols\/wp-content\/uploads\/usu2923\/2023\/06\/IMG_0204.JPG-nggid0521699-ngg0dyn-240x160x100-00f0w010c011r110f110r010t010.jpg\" alt=\"\" width=\"240\" height=\"160\" \/><\/a> <a href=\"https:\/\/agora.xtec.cat\/iesguindavols\/wp-content\/uploads\/usu2923\/2023\/06\/IMG_0205.JPG-nggid0521696-ngg0dyn-240x160x100-00f0w010c011r110f110r010t010.jpg\"><img loading=\"lazy\" decoding=\"async\" class=\"alignnone size-full wp-image-68426\" src=\"https:\/\/agora.xtec.cat\/iesguindavols\/wp-content\/uploads\/usu2923\/2023\/06\/IMG_0205.JPG-nggid0521696-ngg0dyn-240x160x100-00f0w010c011r110f110r010t010.jpg\" alt=\"\" width=\"240\" height=\"160\" \/><\/a> <a href=\"https:\/\/agora.xtec.cat\/iesguindavols\/wp-content\/uploads\/usu2923\/2023\/06\/IMG_0206.jpg-nggid0521697-ngg0dyn-240x160x100-00f0w010c011r110f110r010t010.jpg\"><img loading=\"lazy\" decoding=\"async\" class=\"alignnone size-full wp-image-68427\" src=\"https:\/\/agora.xtec.cat\/iesguindavols\/wp-content\/uploads\/usu2923\/2023\/06\/IMG_0206.jpg-nggid0521697-ngg0dyn-240x160x100-00f0w010c011r110f110r010t010.jpg\" alt=\"\" width=\"240\" height=\"160\" \/><\/a> <a href=\"https:\/\/agora.xtec.cat\/iesguindavols\/wp-content\/uploads\/usu2923\/2023\/06\/IMG_0209.jpg-nggid0521698-ngg0dyn-240x160x100-00f0w010c011r110f110r010t010.jpg\"><img loading=\"lazy\" decoding=\"async\" class=\"alignnone size-full wp-image-68428\" src=\"https:\/\/agora.xtec.cat\/iesguindavols\/wp-content\/uploads\/usu2923\/2023\/06\/IMG_0209.jpg-nggid0521698-ngg0dyn-240x160x100-00f0w010c011r110f110r010t010.jpg\" alt=\"\" width=\"240\" height=\"160\" \/><\/a><\/p>\n","protected":false},"excerpt":{"rendered":"<p><a href=\"https:\/\/agora.xtec.cat\/iesguindavols\/wp-content\/uploads\/usu2923\/2023\/06\/IMG_0206-1200x500_c.jpg\"><\/a><br \/>\nDel 10 al 15 d\u2019octubre es celebren els\u00a0Erasmus Days\u00a0per tal de fer difusi\u00f3 dels projectes que es duen a terme dins del programa Erasmus+ implicant a la comunitat educativa i a la ciutadania en general. Aquest any 2021, es celebren els dies 14,15 i&hellip;  <a href=\"https:\/\/agora.xtec.cat\/iesguindavols\/general\/erasmusdays-2\/\" title=\"Read ERASMUSDAYS\">Llegeix m\u00e9s\u00bb<\/a><\/p>\n","protected":false},"author":6,"featured_media":68422,"comment_status":"open","ping_status":"closed","sticky":false,"template":"","format":"standard","meta":{"_bbp_topic_count":0,"_bbp_reply_count":0,"_bbp_total_topic_count":0,"_bbp_total_reply_count":0,"_bbp_voice_count":0,"_bbp_anonymous_reply_count":0,"_bbp_topic_count_hidden":0,"_bbp_reply_count_hidden":0,"_bbp_forum_subforum_count":0,"footnotes":""},"categories":[109,164,8,107,251,281,110,1,143,144,29],"tags":[],"class_list":["post-68421","post","type-post","status-publish","format-standard","has-post-thumbnail","hentry","category-activitats","category-angles","category-batxillerat","category-centre","category-education-2","category-erasmus","category-eso-al-guindavols","category-general","category-noticies","category-novetats","category-portada"],"post_mailing_queue_ids":[],"_links":{"self":[{"href":"https:\/\/agora.xtec.cat\/iesguindavols\/wp-json\/wp\/v2\/posts\/68421","targetHints":{"allow":["GET"]}}],"collection":[{"href":"https:\/\/agora.xtec.cat\/iesguindavols\/wp-json\/wp\/v2\/posts"}],"about":[{"href":"https:\/\/agora.xtec.cat\/iesguindavols\/wp-json\/wp\/v2\/types\/post"}],"author":[{"embeddable":true,"href":"https:\/\/agora.xtec.cat\/iesguindavols\/wp-json\/wp\/v2\/users\/6"}],"replies":[{"embeddable":true,"href":"https:\/\/agora.xtec.cat\/iesguindavols\/wp-json\/wp\/v2\/comments?post=68421"}],"version-history":[{"count":2,"href":"https:\/\/agora.xtec.cat\/iesguindavols\/wp-json\/wp\/v2\/posts\/68421\/revisions"}],"predecessor-version":[{"id":68430,"href":"https:\/\/agora.xtec.cat\/iesguindavols\/wp-json\/wp\/v2\/posts\/68421\/revisions\/68430"}],"wp:featuredmedia":[{"embeddable":true,"href":"https:\/\/agora.xtec.cat\/iesguindavols\/wp-json\/wp\/v2\/media\/68422"}],"wp:attachment":[{"href":"https:\/\/agora.xtec.cat\/iesguindavols\/wp-json\/wp\/v2\/media?parent=68421"}],"wp:term":[{"taxonomy":"category","embeddable":true,"href":"https:\/\/agora.xtec.cat\/iesguindavols\/wp-json\/wp\/v2\/categories?post=68421"},{"taxonomy":"post_tag","embeddable":true,"href":"https:\/\/agora.xtec.cat\/iesguindavols\/wp-json\/wp\/v2\/tags?post=68421"}],"curies":[{"name":"wp","href":"https:\/\/api.w.org\/{rel}","templated":true}]}}