{"id":68406,"date":"2021-10-21T12:03:53","date_gmt":"2021-10-21T10:03:53","guid":{"rendered":"https:\/\/agora.xtec.cat\/iesguindavols\/?p=68406"},"modified":"2023-06-22T12:07:48","modified_gmt":"2023-06-22T10:07:48","slug":"joan-oro-i-lalumnat-de-1r-deso","status":"publish","type":"post","link":"https:\/\/agora.xtec.cat\/iesguindavols\/general\/joan-oro-i-lalumnat-de-1r-deso\/","title":{"rendered":"Joan Or\u00f3 i l\u2019alumnat de 1r d\u2019ESO"},"content":{"rendered":"<p><a href=\"https:\/\/agora.xtec.cat\/iesguindavols\/wp-content\/uploads\/usu2923\/2023\/06\/Joan-Oro-1-1200x500_c.jpeg\"><img loading=\"lazy\" decoding=\"async\" class=\"alignnone size-full wp-image-68407\" src=\"https:\/\/agora.xtec.cat\/iesguindavols\/wp-content\/uploads\/usu2923\/2023\/06\/Joan-Oro-1-1200x500_c.jpeg\" alt=\"\" width=\"1200\" height=\"500\" srcset=\"https:\/\/agora.xtec.cat\/iesguindavols\/wp-content\/uploads\/usu2923\/2023\/06\/Joan-Oro-1-1200x500_c.jpeg 1200w, https:\/\/agora.xtec.cat\/iesguindavols\/wp-content\/uploads\/usu2923\/2023\/06\/Joan-Oro-1-1200x500_c-300x125.jpeg 300w, https:\/\/agora.xtec.cat\/iesguindavols\/wp-content\/uploads\/usu2923\/2023\/06\/Joan-Oro-1-1200x500_c-1024x427.jpeg 1024w, https:\/\/agora.xtec.cat\/iesguindavols\/wp-content\/uploads\/usu2923\/2023\/06\/Joan-Oro-1-1200x500_c-768x320.jpeg 768w\" sizes=\"auto, (max-width: 1200px) 100vw, 1200px\" \/><\/a><\/p>\n<p>Els alumnes de 1r d\u2019ESO han visitat l\u2019exposici\u00f3 inaugurada recentment al Parc de l\u2019Aigua sobre el cient\u00edfic lleidat\u00e0 Joan Or\u00f3.<\/p>\n<p><a href=\"https:\/\/agora.xtec.cat\/iesguindavols\/wp-content\/uploads\/usu2923\/2023\/06\/Joan-Oro-3-806x1024-1.jpeg\"><img loading=\"lazy\" decoding=\"async\" class=\"alignnone size-full wp-image-68408\" src=\"https:\/\/agora.xtec.cat\/iesguindavols\/wp-content\/uploads\/usu2923\/2023\/06\/Joan-Oro-3-806x1024-1.jpeg\" alt=\"\" width=\"806\" height=\"1024\" srcset=\"https:\/\/agora.xtec.cat\/iesguindavols\/wp-content\/uploads\/usu2923\/2023\/06\/Joan-Oro-3-806x1024-1.jpeg 806w, https:\/\/agora.xtec.cat\/iesguindavols\/wp-content\/uploads\/usu2923\/2023\/06\/Joan-Oro-3-806x1024-1-236x300.jpeg 236w, https:\/\/agora.xtec.cat\/iesguindavols\/wp-content\/uploads\/usu2923\/2023\/06\/Joan-Oro-3-806x1024-1-768x976.jpeg 768w\" sizes=\"auto, (max-width: 806px) 100vw, 806px\" \/><\/a><\/p>\n<p>Dins del projecte \u201c Coneguem Lleida, coneguem Guind\u00e0vols\u201d els alumnes han pogut con\u00e8ixer l\u2019obra del cient\u00edfic lleidat\u00e0 i han descobert que els seus estudis van ser claus per entendre l\u2019origen de la vida al nostre planeta. Aix\u00ed mateix, els han explicat que va col\u00b7laborar en projectes d\u2019investigaci\u00f3 espacial de la NASA, com el projecte Apol\u00b7lo, i el projecte Viking.<\/p>\n<p><a href=\"https:\/\/agora.xtec.cat\/iesguindavols\/wp-content\/uploads\/usu2923\/2023\/06\/Joan-Oro-12.jpeg\"><img loading=\"lazy\" decoding=\"async\" class=\"alignnone size-full wp-image-68409\" src=\"https:\/\/agora.xtec.cat\/iesguindavols\/wp-content\/uploads\/usu2923\/2023\/06\/Joan-Oro-12.jpeg\" alt=\"\" width=\"1024\" height=\"768\" srcset=\"https:\/\/agora.xtec.cat\/iesguindavols\/wp-content\/uploads\/usu2923\/2023\/06\/Joan-Oro-12.jpeg 1024w, https:\/\/agora.xtec.cat\/iesguindavols\/wp-content\/uploads\/usu2923\/2023\/06\/Joan-Oro-12-300x225.jpeg 300w, https:\/\/agora.xtec.cat\/iesguindavols\/wp-content\/uploads\/usu2923\/2023\/06\/Joan-Oro-12-768x576.jpeg 768w, https:\/\/agora.xtec.cat\/iesguindavols\/wp-content\/uploads\/usu2923\/2023\/06\/Joan-Oro-12-200x150.jpeg 200w\" sizes=\"auto, (max-width: 1024px) 100vw, 1024px\" \/><\/a><\/p>\n<p>L\u2019exposici\u00f3 recull alguns objectes personals d\u2019en Joan Or\u00f3, com el seu ordinador, una maqueta de Mart i de la Lluna, fragments de meteorits, petites roques lunars i alguns dels nombrosos diplomes i premis que va rebre durant la seva carrera.<\/p>\n<p><a href=\"https:\/\/agora.xtec.cat\/iesguindavols\/wp-content\/uploads\/usu2923\/2023\/06\/Joan-Oro-4-1024x768-1.jpeg\"><img loading=\"lazy\" decoding=\"async\" class=\"alignnone size-full wp-image-68410\" src=\"https:\/\/agora.xtec.cat\/iesguindavols\/wp-content\/uploads\/usu2923\/2023\/06\/Joan-Oro-4-1024x768-1.jpeg\" alt=\"\" width=\"1024\" height=\"768\" srcset=\"https:\/\/agora.xtec.cat\/iesguindavols\/wp-content\/uploads\/usu2923\/2023\/06\/Joan-Oro-4-1024x768-1.jpeg 1024w, https:\/\/agora.xtec.cat\/iesguindavols\/wp-content\/uploads\/usu2923\/2023\/06\/Joan-Oro-4-1024x768-1-300x225.jpeg 300w, https:\/\/agora.xtec.cat\/iesguindavols\/wp-content\/uploads\/usu2923\/2023\/06\/Joan-Oro-4-1024x768-1-768x576.jpeg 768w, https:\/\/agora.xtec.cat\/iesguindavols\/wp-content\/uploads\/usu2923\/2023\/06\/Joan-Oro-4-1024x768-1-200x150.jpeg 200w\" sizes=\"auto, (max-width: 1024px) 100vw, 1024px\" \/><\/a><\/p>\n<p>L\u2019exposici\u00f3 organitzada per la Fundaci\u00f3 Joan Or\u00f3 intenta apropar i donar a con\u00e8ixer el personatge per fomentar la vocaci\u00f3 cient\u00edfica entre els m\u00e9s joves.<\/p>\n<p><a href=\"https:\/\/agora.xtec.cat\/iesguindavols\/wp-content\/uploads\/usu2923\/2023\/06\/Joan-Oro-8-768x1024-1.jpeg\"><img loading=\"lazy\" decoding=\"async\" class=\"alignnone size-full wp-image-68411\" src=\"https:\/\/agora.xtec.cat\/iesguindavols\/wp-content\/uploads\/usu2923\/2023\/06\/Joan-Oro-8-768x1024-1.jpeg\" alt=\"\" width=\"768\" height=\"1024\" srcset=\"https:\/\/agora.xtec.cat\/iesguindavols\/wp-content\/uploads\/usu2923\/2023\/06\/Joan-Oro-8-768x1024-1.jpeg 768w, https:\/\/agora.xtec.cat\/iesguindavols\/wp-content\/uploads\/usu2923\/2023\/06\/Joan-Oro-8-768x1024-1-225x300.jpeg 225w\" sizes=\"auto, (max-width: 768px) 100vw, 768px\" \/><\/a><\/p>\n<p>&nbsp;<\/p>\n","protected":false},"excerpt":{"rendered":"<p><a href=\"https:\/\/agora.xtec.cat\/iesguindavols\/wp-content\/uploads\/usu2923\/2023\/06\/Joan-Oro-1-1200x500_c.jpeg\"><\/a><br \/>\nEls alumnes de 1r d\u2019ESO han visitat l\u2019exposici\u00f3 inaugurada recentment al Parc de l\u2019Aigua sobre el cient\u00edfic lleidat\u00e0 Joan Or\u00f3.<br \/>\n<a href=\"https:\/\/agora.xtec.cat\/iesguindavols\/wp-content\/uploads\/usu2923\/2023\/06\/Joan-Oro-3-806x1024-1.jpeg\"><\/a><br \/>\nDins del projecte \u201c Coneguem Lleida, coneguem Guind\u00e0vols\u201d els alumnes han pogut con\u00e8ixer l\u2019obra del cient\u00edfic lleidat\u00e0 i han descobert que els seus estudis&hellip;  <a href=\"https:\/\/agora.xtec.cat\/iesguindavols\/general\/joan-oro-i-lalumnat-de-1r-deso\/\" title=\"Read Joan Or\u00f3 i l\u2019alumnat de 1r d\u2019ESO\">Llegeix m\u00e9s\u00bb<\/a><\/p>\n","protected":false},"author":6,"featured_media":68407,"comment_status":"open","ping_status":"closed","sticky":false,"template":"","format":"standard","meta":{"_bbp_topic_count":0,"_bbp_reply_count":0,"_bbp_total_topic_count":0,"_bbp_total_reply_count":0,"_bbp_voice_count":0,"_bbp_anonymous_reply_count":0,"_bbp_topic_count_hidden":0,"_bbp_reply_count_hidden":0,"_bbp_forum_subforum_count":0,"footnotes":""},"categories":[109,107,251,110,1,143,144,29],"tags":[],"class_list":["post-68406","post","type-post","status-publish","format-standard","has-post-thumbnail","hentry","category-activitats","category-centre","category-education-2","category-eso-al-guindavols","category-general","category-noticies","category-novetats","category-portada"],"post_mailing_queue_ids":[],"_links":{"self":[{"href":"https:\/\/agora.xtec.cat\/iesguindavols\/wp-json\/wp\/v2\/posts\/68406","targetHints":{"allow":["GET"]}}],"collection":[{"href":"https:\/\/agora.xtec.cat\/iesguindavols\/wp-json\/wp\/v2\/posts"}],"about":[{"href":"https:\/\/agora.xtec.cat\/iesguindavols\/wp-json\/wp\/v2\/types\/post"}],"author":[{"embeddable":true,"href":"https:\/\/agora.xtec.cat\/iesguindavols\/wp-json\/wp\/v2\/users\/6"}],"replies":[{"embeddable":true,"href":"https:\/\/agora.xtec.cat\/iesguindavols\/wp-json\/wp\/v2\/comments?post=68406"}],"version-history":[{"count":2,"href":"https:\/\/agora.xtec.cat\/iesguindavols\/wp-json\/wp\/v2\/posts\/68406\/revisions"}],"predecessor-version":[{"id":68413,"href":"https:\/\/agora.xtec.cat\/iesguindavols\/wp-json\/wp\/v2\/posts\/68406\/revisions\/68413"}],"wp:featuredmedia":[{"embeddable":true,"href":"https:\/\/agora.xtec.cat\/iesguindavols\/wp-json\/wp\/v2\/media\/68407"}],"wp:attachment":[{"href":"https:\/\/agora.xtec.cat\/iesguindavols\/wp-json\/wp\/v2\/media?parent=68406"}],"wp:term":[{"taxonomy":"category","embeddable":true,"href":"https:\/\/agora.xtec.cat\/iesguindavols\/wp-json\/wp\/v2\/categories?post=68406"},{"taxonomy":"post_tag","embeddable":true,"href":"https:\/\/agora.xtec.cat\/iesguindavols\/wp-json\/wp\/v2\/tags?post=68406"}],"curies":[{"name":"wp","href":"https:\/\/api.w.org\/{rel}","templated":true}]}}