{"id":68393,"date":"2021-11-02T11:56:24","date_gmt":"2021-11-02T10:56:24","guid":{"rendered":"https:\/\/agora.xtec.cat\/iesguindavols\/?p=68393"},"modified":"2023-06-22T11:58:54","modified_gmt":"2023-06-22T09:58:54","slug":"caminada-per-lleida-de-lalumnat-de-1r-deso","status":"publish","type":"post","link":"https:\/\/agora.xtec.cat\/iesguindavols\/general\/caminada-per-lleida-de-lalumnat-de-1r-deso\/","title":{"rendered":"Caminada per Lleida de l\u2019alumnat de 1r d\u2019ESO"},"content":{"rendered":"<p><a href=\"https:\/\/agora.xtec.cat\/iesguindavols\/wp-content\/uploads\/usu2923\/2023\/06\/20211027_090304-2-1200x500_c.jpg\"><img loading=\"lazy\" decoding=\"async\" class=\"alignnone size-full wp-image-68394\" src=\"https:\/\/agora.xtec.cat\/iesguindavols\/wp-content\/uploads\/usu2923\/2023\/06\/20211027_090304-2-1200x500_c.jpg\" alt=\"\" width=\"1200\" height=\"500\" srcset=\"https:\/\/agora.xtec.cat\/iesguindavols\/wp-content\/uploads\/usu2923\/2023\/06\/20211027_090304-2-1200x500_c.jpg 1200w, https:\/\/agora.xtec.cat\/iesguindavols\/wp-content\/uploads\/usu2923\/2023\/06\/20211027_090304-2-1200x500_c-300x125.jpg 300w, https:\/\/agora.xtec.cat\/iesguindavols\/wp-content\/uploads\/usu2923\/2023\/06\/20211027_090304-2-1200x500_c-1024x427.jpg 1024w, https:\/\/agora.xtec.cat\/iesguindavols\/wp-content\/uploads\/usu2923\/2023\/06\/20211027_090304-2-1200x500_c-768x320.jpg 768w\" sizes=\"auto, (max-width: 1200px) 100vw, 1200px\" \/><\/a><\/p>\n<p>El passat dia 27 d\u2019octubre, dins del projecte \u201cConeguem Lleida, coneguem Guind\u00e0vols\u201d, l\u2019alumnat va de 1r d\u2019ESO va realitzar una sortida a peu per tal de con\u00e8ixer diferents indrets de la ciutat: el curs del riu Noguerola, Torre Queralt i el barri del Sec\u00e0 de Sant Pere, els Horts municipals de Pardinyes, comportes del riu, Pla de Gardeny, Tur\u00f3 el Castell dels Templers, entre altres. En total van fer 17 Km. Des d\u2019alguns indrets es van veure unes vistes espectaculars de la ciutat de Lleida i del seu entorn. En aquest\u00a0<a href=\"https:\/\/drive.google.com\/file\/d\/19rXwcfHBncICWbj4JPLYQ30BSPnphhfo\/view?usp=sharing\">enlla\u00e7\u00a0<\/a>hi ha les fotos de la sortida.<\/p>\n<p>&nbsp;<\/p>\n","protected":false},"excerpt":{"rendered":"<p><a href=\"https:\/\/agora.xtec.cat\/iesguindavols\/wp-content\/uploads\/usu2923\/2023\/06\/20211027_090304-2-1200x500_c.jpg\"><\/a><br \/>\nEl passat dia 27 d\u2019octubre, dins del projecte \u201cConeguem Lleida, coneguem Guind\u00e0vols\u201d, l\u2019alumnat va de 1r d\u2019ESO va realitzar una sortida a peu per tal de con\u00e8ixer diferents indrets de la ciutat: el curs del riu Noguerola, Torre Queralt i el barri del Sec\u00e0&hellip;  <a href=\"https:\/\/agora.xtec.cat\/iesguindavols\/general\/caminada-per-lleida-de-lalumnat-de-1r-deso\/\" title=\"Read Caminada per Lleida de l\u2019alumnat de 1r d\u2019ESO\">Llegeix m\u00e9s\u00bb<\/a><\/p>\n","protected":false},"author":6,"featured_media":68394,"comment_status":"open","ping_status":"closed","sticky":false,"template":"","format":"standard","meta":{"_bbp_topic_count":0,"_bbp_reply_count":0,"_bbp_total_topic_count":0,"_bbp_total_reply_count":0,"_bbp_voice_count":0,"_bbp_anonymous_reply_count":0,"_bbp_topic_count_hidden":0,"_bbp_reply_count_hidden":0,"_bbp_forum_subforum_count":0,"footnotes":""},"categories":[109,107,251,110,1,143,144,29],"tags":[],"class_list":["post-68393","post","type-post","status-publish","format-standard","has-post-thumbnail","hentry","category-activitats","category-centre","category-education-2","category-eso-al-guindavols","category-general","category-noticies","category-novetats","category-portada"],"post_mailing_queue_ids":[],"_links":{"self":[{"href":"https:\/\/agora.xtec.cat\/iesguindavols\/wp-json\/wp\/v2\/posts\/68393","targetHints":{"allow":["GET"]}}],"collection":[{"href":"https:\/\/agora.xtec.cat\/iesguindavols\/wp-json\/wp\/v2\/posts"}],"about":[{"href":"https:\/\/agora.xtec.cat\/iesguindavols\/wp-json\/wp\/v2\/types\/post"}],"author":[{"embeddable":true,"href":"https:\/\/agora.xtec.cat\/iesguindavols\/wp-json\/wp\/v2\/users\/6"}],"replies":[{"embeddable":true,"href":"https:\/\/agora.xtec.cat\/iesguindavols\/wp-json\/wp\/v2\/comments?post=68393"}],"version-history":[{"count":2,"href":"https:\/\/agora.xtec.cat\/iesguindavols\/wp-json\/wp\/v2\/posts\/68393\/revisions"}],"predecessor-version":[{"id":68396,"href":"https:\/\/agora.xtec.cat\/iesguindavols\/wp-json\/wp\/v2\/posts\/68393\/revisions\/68396"}],"wp:featuredmedia":[{"embeddable":true,"href":"https:\/\/agora.xtec.cat\/iesguindavols\/wp-json\/wp\/v2\/media\/68394"}],"wp:attachment":[{"href":"https:\/\/agora.xtec.cat\/iesguindavols\/wp-json\/wp\/v2\/media?parent=68393"}],"wp:term":[{"taxonomy":"category","embeddable":true,"href":"https:\/\/agora.xtec.cat\/iesguindavols\/wp-json\/wp\/v2\/categories?post=68393"},{"taxonomy":"post_tag","embeddable":true,"href":"https:\/\/agora.xtec.cat\/iesguindavols\/wp-json\/wp\/v2\/tags?post=68393"}],"curies":[{"name":"wp","href":"https:\/\/api.w.org\/{rel}","templated":true}]}}