{"id":68368,"date":"2021-11-11T11:37:15","date_gmt":"2021-11-11T10:37:15","guid":{"rendered":"https:\/\/agora.xtec.cat\/iesguindavols\/?p=68368"},"modified":"2023-06-22T11:41:32","modified_gmt":"2023-06-22T09:41:32","slug":"reflexionant-sobre-la-nutricio","status":"publish","type":"post","link":"https:\/\/agora.xtec.cat\/iesguindavols\/general\/reflexionant-sobre-la-nutricio\/","title":{"rendered":"Reflexionant sobre la nutrici\u00f3"},"content":{"rendered":"<p><a href=\"https:\/\/agora.xtec.cat\/iesguindavols\/wp-content\/uploads\/usu2923\/2023\/06\/0803CE3E-8C5F-4F7E-8B4E-50D91BC53DD7-1200x500_c.jpeg\"><img loading=\"lazy\" decoding=\"async\" class=\"alignnone size-full wp-image-68369\" src=\"https:\/\/agora.xtec.cat\/iesguindavols\/wp-content\/uploads\/usu2923\/2023\/06\/0803CE3E-8C5F-4F7E-8B4E-50D91BC53DD7-1200x500_c.jpeg\" alt=\"\" width=\"1200\" height=\"500\" srcset=\"https:\/\/agora.xtec.cat\/iesguindavols\/wp-content\/uploads\/usu2923\/2023\/06\/0803CE3E-8C5F-4F7E-8B4E-50D91BC53DD7-1200x500_c.jpeg 1200w, https:\/\/agora.xtec.cat\/iesguindavols\/wp-content\/uploads\/usu2923\/2023\/06\/0803CE3E-8C5F-4F7E-8B4E-50D91BC53DD7-1200x500_c-300x125.jpeg 300w, https:\/\/agora.xtec.cat\/iesguindavols\/wp-content\/uploads\/usu2923\/2023\/06\/0803CE3E-8C5F-4F7E-8B4E-50D91BC53DD7-1200x500_c-1024x427.jpeg 1024w, https:\/\/agora.xtec.cat\/iesguindavols\/wp-content\/uploads\/usu2923\/2023\/06\/0803CE3E-8C5F-4F7E-8B4E-50D91BC53DD7-1200x500_c-768x320.jpeg 768w\" sizes=\"auto, (max-width: 1200px) 100vw, 1200px\" \/><\/a><\/p>\n<p>L\u2019alumnat de 3r d\u2019ESO de l\u2019Institut\u00a0Guind\u00e0vols\u00a0rep la visita de dues nutricionistes, Marta Cam\u00ed i M\u00f3nica\u00a0Carabot,\u00a0per tractar\u00a0la tem\u00e0tica dels\u00a0trastorns de la conducta aliment\u00e0ria (TCA) i la obesitat\u00a0en l\u2019etapa adolescent.<\/p>\n<p><a href=\"https:\/\/agora.xtec.cat\/iesguindavols\/wp-content\/uploads\/usu2923\/2023\/06\/44F2DBE7-7B2C-4F7A-B2E8-7B17483A9A70-1024x768-1.jpeg\"><img loading=\"lazy\" decoding=\"async\" class=\"alignnone size-full wp-image-68370\" src=\"https:\/\/agora.xtec.cat\/iesguindavols\/wp-content\/uploads\/usu2923\/2023\/06\/44F2DBE7-7B2C-4F7A-B2E8-7B17483A9A70-1024x768-1.jpeg\" alt=\"\" width=\"1024\" height=\"768\" srcset=\"https:\/\/agora.xtec.cat\/iesguindavols\/wp-content\/uploads\/usu2923\/2023\/06\/44F2DBE7-7B2C-4F7A-B2E8-7B17483A9A70-1024x768-1.jpeg 1024w, https:\/\/agora.xtec.cat\/iesguindavols\/wp-content\/uploads\/usu2923\/2023\/06\/44F2DBE7-7B2C-4F7A-B2E8-7B17483A9A70-1024x768-1-300x225.jpeg 300w, https:\/\/agora.xtec.cat\/iesguindavols\/wp-content\/uploads\/usu2923\/2023\/06\/44F2DBE7-7B2C-4F7A-B2E8-7B17483A9A70-1024x768-1-768x576.jpeg 768w, https:\/\/agora.xtec.cat\/iesguindavols\/wp-content\/uploads\/usu2923\/2023\/06\/44F2DBE7-7B2C-4F7A-B2E8-7B17483A9A70-1024x768-1-200x150.jpeg 200w\" sizes=\"auto, (max-width: 1024px) 100vw, 1024px\" \/><\/a><\/p>\n<p>S\u2019expliquen les causes i conseq\u00fc\u00e8ncies dels TCA focalitzant l\u2019atenci\u00f3 en les alteracions psicol\u00f2giques que hi ha darrera de molts d\u2019ells per tal d\u2019assenyalar conductes de risc i promoure la prevenci\u00f3. Alhora es parla de l\u2019estigma de l\u2019obesitat i es fa reflexionar l\u2019alumnat sobre els canons de bellesa actual i la pressi\u00f3 social existent per tenir cossos prims en dones i cossos musculats en homes.<\/p>\n<p><a href=\"https:\/\/agora.xtec.cat\/iesguindavols\/wp-content\/uploads\/usu2923\/2023\/06\/82CAD3A9-FFDD-435E-9B9A-CF320ABCDC5E.jpeg\"><img loading=\"lazy\" decoding=\"async\" class=\"alignnone size-full wp-image-68371\" src=\"https:\/\/agora.xtec.cat\/iesguindavols\/wp-content\/uploads\/usu2923\/2023\/06\/82CAD3A9-FFDD-435E-9B9A-CF320ABCDC5E.jpeg\" alt=\"\" width=\"909\" height=\"569\" srcset=\"https:\/\/agora.xtec.cat\/iesguindavols\/wp-content\/uploads\/usu2923\/2023\/06\/82CAD3A9-FFDD-435E-9B9A-CF320ABCDC5E.jpeg 909w, https:\/\/agora.xtec.cat\/iesguindavols\/wp-content\/uploads\/usu2923\/2023\/06\/82CAD3A9-FFDD-435E-9B9A-CF320ABCDC5E-300x188.jpeg 300w, https:\/\/agora.xtec.cat\/iesguindavols\/wp-content\/uploads\/usu2923\/2023\/06\/82CAD3A9-FFDD-435E-9B9A-CF320ABCDC5E-768x481.jpeg 768w\" sizes=\"auto, (max-width: 909px) 100vw, 909px\" \/><\/a><\/p>\n<p>Aquests est\u00e0ndards que assumeix la societat no comporten necess\u00e0riament una alimentaci\u00f3 i h\u00e0bits de vida saludables, i cal que els joves\u00a0aprenguin a tenir sentit cr\u00edtic davant la pressi\u00f3 per tenir una imatge corporal acceptada socialment.<\/p>\n<p><a href=\"https:\/\/agora.xtec.cat\/iesguindavols\/wp-content\/uploads\/usu2923\/2023\/06\/86B29358-842A-4AA1-BACC-83BB1E90EEA0.jpeg\"><img loading=\"lazy\" decoding=\"async\" class=\"alignnone size-full wp-image-68372\" src=\"https:\/\/agora.xtec.cat\/iesguindavols\/wp-content\/uploads\/usu2923\/2023\/06\/86B29358-842A-4AA1-BACC-83BB1E90EEA0.jpeg\" alt=\"\" width=\"493\" height=\"606\" srcset=\"https:\/\/agora.xtec.cat\/iesguindavols\/wp-content\/uploads\/usu2923\/2023\/06\/86B29358-842A-4AA1-BACC-83BB1E90EEA0.jpeg 493w, https:\/\/agora.xtec.cat\/iesguindavols\/wp-content\/uploads\/usu2923\/2023\/06\/86B29358-842A-4AA1-BACC-83BB1E90EEA0-244x300.jpeg 244w\" sizes=\"auto, (max-width: 493px) 100vw, 493px\" \/><\/a><\/p>\n<p><a href=\"https:\/\/agora.xtec.cat\/iesguindavols\/wp-content\/uploads\/usu2923\/2023\/06\/5F3FDD4D-1549-4A56-83FE-231E5B97CBB6.jpeg\"><img loading=\"lazy\" decoding=\"async\" class=\"alignnone size-full wp-image-68373\" src=\"https:\/\/agora.xtec.cat\/iesguindavols\/wp-content\/uploads\/usu2923\/2023\/06\/5F3FDD4D-1549-4A56-83FE-231E5B97CBB6.jpeg\" alt=\"\" width=\"779\" height=\"550\" srcset=\"https:\/\/agora.xtec.cat\/iesguindavols\/wp-content\/uploads\/usu2923\/2023\/06\/5F3FDD4D-1549-4A56-83FE-231E5B97CBB6.jpeg 779w, https:\/\/agora.xtec.cat\/iesguindavols\/wp-content\/uploads\/usu2923\/2023\/06\/5F3FDD4D-1549-4A56-83FE-231E5B97CBB6-300x212.jpeg 300w, https:\/\/agora.xtec.cat\/iesguindavols\/wp-content\/uploads\/usu2923\/2023\/06\/5F3FDD4D-1549-4A56-83FE-231E5B97CBB6-768x542.jpeg 768w\" sizes=\"auto, (max-width: 779px) 100vw, 779px\" \/><\/a><\/p>\n","protected":false},"excerpt":{"rendered":"<p><a href=\"https:\/\/agora.xtec.cat\/iesguindavols\/wp-content\/uploads\/usu2923\/2023\/06\/0803CE3E-8C5F-4F7E-8B4E-50D91BC53DD7-1200x500_c.jpeg\"><\/a><br \/>\nL\u2019alumnat de 3r d\u2019ESO de l\u2019Institut\u00a0Guind\u00e0vols\u00a0rep la visita de dues nutricionistes, Marta Cam\u00ed i M\u00f3nica\u00a0Carabot,\u00a0per tractar\u00a0la tem\u00e0tica dels\u00a0trastorns de la conducta aliment\u00e0ria (TCA) i la obesitat\u00a0en l\u2019etapa adolescent.<br \/>\n<a href=\"https:\/\/agora.xtec.cat\/iesguindavols\/wp-content\/uploads\/usu2923\/2023\/06\/44F2DBE7-7B2C-4F7A-B2E8-7B17483A9A70-1024x768-1.jpeg\"><\/a><br \/>\nS\u2019expliquen les causes i conseq\u00fc\u00e8ncies dels TCA focalitzant l\u2019atenci\u00f3 en les alteracions psicol\u00f2giques que hi ha&hellip;  <a href=\"https:\/\/agora.xtec.cat\/iesguindavols\/general\/reflexionant-sobre-la-nutricio\/\" title=\"Read Reflexionant sobre la nutrici\u00f3\">Llegeix m\u00e9s\u00bb<\/a><\/p>\n","protected":false},"author":6,"featured_media":68369,"comment_status":"open","ping_status":"closed","sticky":false,"template":"","format":"standard","meta":{"_bbp_topic_count":0,"_bbp_reply_count":0,"_bbp_total_topic_count":0,"_bbp_total_reply_count":0,"_bbp_voice_count":0,"_bbp_anonymous_reply_count":0,"_bbp_topic_count_hidden":0,"_bbp_reply_count_hidden":0,"_bbp_forum_subforum_count":0,"footnotes":""},"categories":[109,107,108,251,110,1,143,144,29],"tags":[],"class_list":["post-68368","post","type-post","status-publish","format-standard","has-post-thumbnail","hentry","category-activitats","category-centre","category-ciencies-experimentals","category-education-2","category-eso-al-guindavols","category-general","category-noticies","category-novetats","category-portada"],"post_mailing_queue_ids":[],"_links":{"self":[{"href":"https:\/\/agora.xtec.cat\/iesguindavols\/wp-json\/wp\/v2\/posts\/68368","targetHints":{"allow":["GET"]}}],"collection":[{"href":"https:\/\/agora.xtec.cat\/iesguindavols\/wp-json\/wp\/v2\/posts"}],"about":[{"href":"https:\/\/agora.xtec.cat\/iesguindavols\/wp-json\/wp\/v2\/types\/post"}],"author":[{"embeddable":true,"href":"https:\/\/agora.xtec.cat\/iesguindavols\/wp-json\/wp\/v2\/users\/6"}],"replies":[{"embeddable":true,"href":"https:\/\/agora.xtec.cat\/iesguindavols\/wp-json\/wp\/v2\/comments?post=68368"}],"version-history":[{"count":2,"href":"https:\/\/agora.xtec.cat\/iesguindavols\/wp-json\/wp\/v2\/posts\/68368\/revisions"}],"predecessor-version":[{"id":68375,"href":"https:\/\/agora.xtec.cat\/iesguindavols\/wp-json\/wp\/v2\/posts\/68368\/revisions\/68375"}],"wp:featuredmedia":[{"embeddable":true,"href":"https:\/\/agora.xtec.cat\/iesguindavols\/wp-json\/wp\/v2\/media\/68369"}],"wp:attachment":[{"href":"https:\/\/agora.xtec.cat\/iesguindavols\/wp-json\/wp\/v2\/media?parent=68368"}],"wp:term":[{"taxonomy":"category","embeddable":true,"href":"https:\/\/agora.xtec.cat\/iesguindavols\/wp-json\/wp\/v2\/categories?post=68368"},{"taxonomy":"post_tag","embeddable":true,"href":"https:\/\/agora.xtec.cat\/iesguindavols\/wp-json\/wp\/v2\/tags?post=68368"}],"curies":[{"name":"wp","href":"https:\/\/api.w.org\/{rel}","templated":true}]}}