{"id":68288,"date":"2021-11-22T10:19:38","date_gmt":"2021-11-22T09:19:38","guid":{"rendered":"https:\/\/agora.xtec.cat\/iesguindavols\/?p=68288"},"modified":"2023-06-22T10:22:14","modified_gmt":"2023-06-22T08:22:14","slug":"going-to-space-for-a-better-eartherasmus-smart-mobility","status":"publish","type":"post","link":"https:\/\/agora.xtec.cat\/iesguindavols\/general\/going-to-space-for-a-better-eartherasmus-smart-mobility\/","title":{"rendered":"GOING TO SPACE FOR A BETTER EARTH?ERASMUS+ SMART MOBILITY"},"content":{"rendered":"<p><a href=\"https:\/\/agora.xtec.cat\/iesguindavols\/wp-content\/uploads\/usu2923\/2023\/06\/Conferencia-de-Dalmau-1200x500_c.jpg\"><img loading=\"lazy\" decoding=\"async\" class=\"alignnone size-full wp-image-68289\" src=\"https:\/\/agora.xtec.cat\/iesguindavols\/wp-content\/uploads\/usu2923\/2023\/06\/Conferencia-de-Dalmau-1200x500_c.jpg\" alt=\"\" width=\"1200\" height=\"500\" srcset=\"https:\/\/agora.xtec.cat\/iesguindavols\/wp-content\/uploads\/usu2923\/2023\/06\/Conferencia-de-Dalmau-1200x500_c.jpg 1200w, https:\/\/agora.xtec.cat\/iesguindavols\/wp-content\/uploads\/usu2923\/2023\/06\/Conferencia-de-Dalmau-1200x500_c-300x125.jpg 300w, https:\/\/agora.xtec.cat\/iesguindavols\/wp-content\/uploads\/usu2923\/2023\/06\/Conferencia-de-Dalmau-1200x500_c-1024x427.jpg 1024w, https:\/\/agora.xtec.cat\/iesguindavols\/wp-content\/uploads\/usu2923\/2023\/06\/Conferencia-de-Dalmau-1200x500_c-768x320.jpg 768w\" sizes=\"auto, (max-width: 1200px) 100vw, 1200px\" \/><\/a><\/p>\n<p>El passat 18 de novembre, l\u2019alumnat de 1r de Batxillerat va assistir a la confer\u00e8ncia<em><strong>\u00a0Going to Space for a Better Earth?<\/strong><\/em>\u00a0impartida per\u00a0<strong>Joan de Dalmau Mommertz\u00a0<\/strong>, 6\u00e8 president de la<strong>\u00a0International Space University\u00a0<\/strong>ISU i actualment retirat, en el marc del programa<strong>\u00a0Erasmus+ Smart Mobility,\u00a0<\/strong>coordinat per Rosa Borrell i dins de les activitats de la Setmana de la Ci\u00e8ncia.<\/p>\n<p>Durant la xerrada es van abordar els aven\u00e7os en la conquesta de l\u2019espai i es va explicar el moment actual en qu\u00e8 es troba la cursa cap a la conquesta de l\u2019espai , fent menci\u00f3 als cient\u00edfics en el decurs de la hist\u00f2ria.<\/p>\n<p>Va reflexionar tamb\u00e9 dient que hi ha una infinitat de camps en els quals la gent a la Terra necessita informaci\u00f3 que nom\u00e9s es pot proveir des de l\u2019espai i pel que fa a la mobilitat a fora de la Terra ,va dir que \u00e9s possible que en un futur vegem una base habitada a la Lluna que funcioni com a laboratori, similar a l\u2019Estaci\u00f3 Espacial Internacional , que est\u00e0 en \u00f2rbita terrestre.<\/p>\n<p>L\u2019alumnat va gaudir de la seva saviesa i es va comprometre a fer-li arribar q\u00fcestions sorgides al respecte via email.<\/p>\n<div class=\"addtoany_share_save_container addtoany_content addtoany_content_bottom\">\n<div class=\"a2a_kit a2a_kit_size_16 addtoany_list\" data-a2a-url=\"https:\/\/portal.institutguindavols.cat\/index.php\/2021\/11\/22\/going-to-space-for-a-better-eartherasmus-smart-mobility\/\" data-a2a-title=\"GOING TO SPACE FOR A BETTER EARTH?ERASMUS+ SMART MOBILITY\"><\/div>\n<\/div>\n","protected":false},"excerpt":{"rendered":"<p><a href=\"https:\/\/agora.xtec.cat\/iesguindavols\/wp-content\/uploads\/usu2923\/2023\/06\/Conferencia-de-Dalmau-1200x500_c.jpg\"><\/a><br \/>\nEl passat 18 de novembre, l\u2019alumnat de 1r de Batxillerat va assistir a la confer\u00e8ncia\u00a0Going to Space for a Better Earth?\u00a0impartida per\u00a0Joan de Dalmau Mommertz\u00a0, 6\u00e8 president de la\u00a0International Space University\u00a0ISU i actualment retirat, en el marc del programa\u00a0Erasmus+ Smart Mobility,\u00a0coordinat per Rosa Borrell&hellip;  <a href=\"https:\/\/agora.xtec.cat\/iesguindavols\/general\/going-to-space-for-a-better-eartherasmus-smart-mobility\/\" title=\"Read GOING TO SPACE FOR A BETTER EARTH?ERASMUS+ SMART MOBILITY\">Llegeix m\u00e9s\u00bb<\/a><\/p>\n","protected":false},"author":6,"featured_media":0,"comment_status":"open","ping_status":"closed","sticky":false,"template":"","format":"standard","meta":{"_bbp_topic_count":0,"_bbp_reply_count":0,"_bbp_total_topic_count":0,"_bbp_total_reply_count":0,"_bbp_voice_count":0,"_bbp_anonymous_reply_count":0,"_bbp_topic_count_hidden":0,"_bbp_reply_count_hidden":0,"_bbp_forum_subforum_count":0,"footnotes":""},"categories":[109,164,8,107,251,1,143,144,29],"tags":[],"class_list":["post-68288","post","type-post","status-publish","format-standard","hentry","category-activitats","category-angles","category-batxillerat","category-centre","category-education-2","category-general","category-noticies","category-novetats","category-portada"],"post_mailing_queue_ids":[],"_links":{"self":[{"href":"https:\/\/agora.xtec.cat\/iesguindavols\/wp-json\/wp\/v2\/posts\/68288","targetHints":{"allow":["GET"]}}],"collection":[{"href":"https:\/\/agora.xtec.cat\/iesguindavols\/wp-json\/wp\/v2\/posts"}],"about":[{"href":"https:\/\/agora.xtec.cat\/iesguindavols\/wp-json\/wp\/v2\/types\/post"}],"author":[{"embeddable":true,"href":"https:\/\/agora.xtec.cat\/iesguindavols\/wp-json\/wp\/v2\/users\/6"}],"replies":[{"embeddable":true,"href":"https:\/\/agora.xtec.cat\/iesguindavols\/wp-json\/wp\/v2\/comments?post=68288"}],"version-history":[{"count":2,"href":"https:\/\/agora.xtec.cat\/iesguindavols\/wp-json\/wp\/v2\/posts\/68288\/revisions"}],"predecessor-version":[{"id":68291,"href":"https:\/\/agora.xtec.cat\/iesguindavols\/wp-json\/wp\/v2\/posts\/68288\/revisions\/68291"}],"wp:attachment":[{"href":"https:\/\/agora.xtec.cat\/iesguindavols\/wp-json\/wp\/v2\/media?parent=68288"}],"wp:term":[{"taxonomy":"category","embeddable":true,"href":"https:\/\/agora.xtec.cat\/iesguindavols\/wp-json\/wp\/v2\/categories?post=68288"},{"taxonomy":"post_tag","embeddable":true,"href":"https:\/\/agora.xtec.cat\/iesguindavols\/wp-json\/wp\/v2\/tags?post=68288"}],"curies":[{"name":"wp","href":"https:\/\/api.w.org\/{rel}","templated":true}]}}