{"id":68267,"date":"2021-11-26T10:06:30","date_gmt":"2021-11-26T09:06:30","guid":{"rendered":"https:\/\/agora.xtec.cat\/iesguindavols\/?p=68267"},"modified":"2023-06-22T10:09:24","modified_gmt":"2023-06-22T08:09:24","slug":"estimar-mai-no-fa-mal","status":"publish","type":"post","link":"https:\/\/agora.xtec.cat\/iesguindavols\/general\/estimar-mai-no-fa-mal\/","title":{"rendered":"Estimar mai no fa mal"},"content":{"rendered":"<p><a href=\"https:\/\/agora.xtec.cat\/iesguindavols\/wp-content\/uploads\/usu2923\/2023\/06\/IMG_6654-1200x500_c.jpg\"><img loading=\"lazy\" decoding=\"async\" class=\"alignnone size-full wp-image-68268\" src=\"https:\/\/agora.xtec.cat\/iesguindavols\/wp-content\/uploads\/usu2923\/2023\/06\/IMG_6654-1200x500_c.jpg\" alt=\"\" width=\"1200\" height=\"500\" srcset=\"https:\/\/agora.xtec.cat\/iesguindavols\/wp-content\/uploads\/usu2923\/2023\/06\/IMG_6654-1200x500_c.jpg 1200w, https:\/\/agora.xtec.cat\/iesguindavols\/wp-content\/uploads\/usu2923\/2023\/06\/IMG_6654-1200x500_c-300x125.jpg 300w, https:\/\/agora.xtec.cat\/iesguindavols\/wp-content\/uploads\/usu2923\/2023\/06\/IMG_6654-1200x500_c-1024x427.jpg 1024w, https:\/\/agora.xtec.cat\/iesguindavols\/wp-content\/uploads\/usu2923\/2023\/06\/IMG_6654-1200x500_c-768x320.jpg 768w\" sizes=\"auto, (max-width: 1200px) 100vw, 1200px\" \/><\/a><\/p>\n<p>Ahir, 25 de novembre, dia internacional per a l\u2019eliminaci\u00f3 de la viol\u00e8ncia envers la dona vam recordar que \u201cEstimar mai no fa mal\u201d.<\/p>\n<p>La jornada va estar marcada per un seguit d\u2019activitats reflexives sobre la viol\u00e8ncia i els seus tipus, en les quals va participar tot el centre.<\/p>\n<p>L\u2019alumnat de teatre va introduir l\u2019activitat amb un sketch. Tot seguit vam fer una petita enquesta a l\u2019aula on l\u2019alumnat va reflexionar sobre les seves conductes envers la viol\u00e8ncia de g\u00e8nere i els vam donar a con\u00e8ixer els diferents tipus.<\/p>\n<p>Finalment, es va explicar l\u2019iceberg de la viol\u00e8ncia i vam pensar diferents actuacions-frases on s\u2019empra la viol\u00e8ncia de g\u00e8nere no visible.<\/p>\n<p>En definitiva, vam gaudir d\u2019una bona jornada, plena de debat i reflexi\u00f3.<\/p>\n<p><a href=\"https:\/\/portal.institutguindavols.cat\/index.php\/photos-google\/\">MIREU LES FOTOS DE L\u2019ACTIVITAT<\/a><\/p>\n","protected":false},"excerpt":{"rendered":"<p><a href=\"https:\/\/agora.xtec.cat\/iesguindavols\/wp-content\/uploads\/usu2923\/2023\/06\/IMG_6654-1200x500_c.jpg\"><\/a><br \/>\nAhir, 25 de novembre, dia internacional per a l\u2019eliminaci\u00f3 de la viol\u00e8ncia envers la dona vam recordar que \u201cEstimar mai no fa mal\u201d.<br \/>\nLa jornada va estar marcada per un seguit d\u2019activitats reflexives sobre la viol\u00e8ncia i els seus tipus, en les quals va participar&hellip;  <a href=\"https:\/\/agora.xtec.cat\/iesguindavols\/general\/estimar-mai-no-fa-mal\/\" title=\"Read Estimar mai no fa mal\">Llegeix m\u00e9s\u00bb<\/a><\/p>\n","protected":false},"author":6,"featured_media":0,"comment_status":"open","ping_status":"closed","sticky":false,"template":"","format":"standard","meta":{"_bbp_topic_count":0,"_bbp_reply_count":0,"_bbp_total_topic_count":0,"_bbp_total_reply_count":0,"_bbp_voice_count":0,"_bbp_anonymous_reply_count":0,"_bbp_topic_count_hidden":0,"_bbp_reply_count_hidden":0,"_bbp_forum_subforum_count":0,"footnotes":""},"categories":[109,107,251,110,1,143,144,29],"tags":[],"class_list":["post-68267","post","type-post","status-publish","format-standard","hentry","category-activitats","category-centre","category-education-2","category-eso-al-guindavols","category-general","category-noticies","category-novetats","category-portada"],"post_mailing_queue_ids":[],"_links":{"self":[{"href":"https:\/\/agora.xtec.cat\/iesguindavols\/wp-json\/wp\/v2\/posts\/68267","targetHints":{"allow":["GET"]}}],"collection":[{"href":"https:\/\/agora.xtec.cat\/iesguindavols\/wp-json\/wp\/v2\/posts"}],"about":[{"href":"https:\/\/agora.xtec.cat\/iesguindavols\/wp-json\/wp\/v2\/types\/post"}],"author":[{"embeddable":true,"href":"https:\/\/agora.xtec.cat\/iesguindavols\/wp-json\/wp\/v2\/users\/6"}],"replies":[{"embeddable":true,"href":"https:\/\/agora.xtec.cat\/iesguindavols\/wp-json\/wp\/v2\/comments?post=68267"}],"version-history":[{"count":2,"href":"https:\/\/agora.xtec.cat\/iesguindavols\/wp-json\/wp\/v2\/posts\/68267\/revisions"}],"predecessor-version":[{"id":68270,"href":"https:\/\/agora.xtec.cat\/iesguindavols\/wp-json\/wp\/v2\/posts\/68267\/revisions\/68270"}],"wp:attachment":[{"href":"https:\/\/agora.xtec.cat\/iesguindavols\/wp-json\/wp\/v2\/media?parent=68267"}],"wp:term":[{"taxonomy":"category","embeddable":true,"href":"https:\/\/agora.xtec.cat\/iesguindavols\/wp-json\/wp\/v2\/categories?post=68267"},{"taxonomy":"post_tag","embeddable":true,"href":"https:\/\/agora.xtec.cat\/iesguindavols\/wp-json\/wp\/v2\/tags?post=68267"}],"curies":[{"name":"wp","href":"https:\/\/api.w.org\/{rel}","templated":true}]}}