{"id":68213,"date":"2021-11-30T09:27:37","date_gmt":"2021-11-30T08:27:37","guid":{"rendered":"https:\/\/agora.xtec.cat\/iesguindavols\/?p=68213"},"modified":"2023-06-22T09:31:14","modified_gmt":"2023-06-22T07:31:14","slug":"jornades-formacio-equip-catskills-2021","status":"publish","type":"post","link":"https:\/\/agora.xtec.cat\/iesguindavols\/general\/jornades-formacio-equip-catskills-2021\/","title":{"rendered":"JORNADES FORMACI\u00d3 EQUIP CATSKILLS 2021"},"content":{"rendered":"<p><a href=\"https:\/\/agora.xtec.cat\/iesguindavols\/wp-content\/uploads\/usu2923\/2023\/06\/Jornada_concentracio_equip_catskills_21_alumnes-1200x500_c.jpg\"><img loading=\"lazy\" decoding=\"async\" class=\"alignnone size-full wp-image-68214\" src=\"https:\/\/agora.xtec.cat\/iesguindavols\/wp-content\/uploads\/usu2923\/2023\/06\/Jornada_concentracio_equip_catskills_21_alumnes-1200x500_c.jpg\" alt=\"\" width=\"1200\" height=\"500\" srcset=\"https:\/\/agora.xtec.cat\/iesguindavols\/wp-content\/uploads\/usu2923\/2023\/06\/Jornada_concentracio_equip_catskills_21_alumnes-1200x500_c.jpg 1200w, https:\/\/agora.xtec.cat\/iesguindavols\/wp-content\/uploads\/usu2923\/2023\/06\/Jornada_concentracio_equip_catskills_21_alumnes-1200x500_c-300x125.jpg 300w, https:\/\/agora.xtec.cat\/iesguindavols\/wp-content\/uploads\/usu2923\/2023\/06\/Jornada_concentracio_equip_catskills_21_alumnes-1200x500_c-1024x427.jpg 1024w, https:\/\/agora.xtec.cat\/iesguindavols\/wp-content\/uploads\/usu2923\/2023\/06\/Jornada_concentracio_equip_catskills_21_alumnes-1200x500_c-768x320.jpg 768w\" sizes=\"auto, (max-width: 1200px) 100vw, 1200px\" \/><\/a><\/p>\n<p>El passat dissabte 27 de novembre va tenir lloc la jornada de formaci\u00f3 de l\u2019equip CatSkills 2021 dels membres que viatjaran a Madrid el proper 22 de mar\u00e7 de 2022 per participar als SpainSkills.<\/p>\n<p>Els dos alumnes de l\u2019Institut Guind\u00e0vols Pol Dalmau i Muhammad Ateeq guanyadors de la medalla d\u2019or del Campionat Catskill de l\u2019SKill15.Lampisteria i calefacci\u00f3 i l\u2019Skill.38 Refrigeraci\u00f3 respectivament acompanyats pels seus tutors Joan Castell\u00e0 i Gen\u00eds Anguera van assistir a les jornades de formaci\u00f3 de l\u2019equip Catskills.<\/p>\n<p>Els alumnes que formaran part de l\u2019equip de Catalunya \u00e9s van concentrar durant el cap de setmana a la residencia del campus de Tarragona on van participar en din\u00e0miques de grup, rutines esportives i informacions sobre la competici\u00f3 SpainSkill on participaran els guanyadors de cada comunitat aut\u00f2noma.<\/p>\n<table style=\"border-collapse: collapse; width: 100%;\">\n<tbody>\n<tr>\n<td style=\"width: 33.3333%; border-color: #ffffff;\">\u00a0<a href=\"https:\/\/agora.xtec.cat\/iesguindavols\/wp-content\/uploads\/usu2923\/2023\/06\/Jornada_concentracio_equip_catskills_21_2.jpg\"><img loading=\"lazy\" decoding=\"async\" class=\"alignnone  wp-image-68216\" src=\"https:\/\/agora.xtec.cat\/iesguindavols\/wp-content\/uploads\/usu2923\/2023\/06\/Jornada_concentracio_equip_catskills_21_2.jpg\" alt=\"\" width=\"177\" height=\"172\" srcset=\"https:\/\/agora.xtec.cat\/iesguindavols\/wp-content\/uploads\/usu2923\/2023\/06\/Jornada_concentracio_equip_catskills_21_2.jpg 750w, https:\/\/agora.xtec.cat\/iesguindavols\/wp-content\/uploads\/usu2923\/2023\/06\/Jornada_concentracio_equip_catskills_21_2-300x292.jpg 300w\" sizes=\"auto, (max-width: 177px) 100vw, 177px\" \/><\/a><\/td>\n<td style=\"width: 33.3333%; border-color: #ffffff;\"><a href=\"https:\/\/agora.xtec.cat\/iesguindavols\/wp-content\/uploads\/usu2923\/2023\/06\/Jornada_concentracio_equip_catskills_21_1.jpg\"><img loading=\"lazy\" decoding=\"async\" class=\"alignnone size-full wp-image-68215\" src=\"https:\/\/agora.xtec.cat\/iesguindavols\/wp-content\/uploads\/usu2923\/2023\/06\/Jornada_concentracio_equip_catskills_21_1.jpg\" alt=\"\" width=\"750\" height=\"557\" srcset=\"https:\/\/agora.xtec.cat\/iesguindavols\/wp-content\/uploads\/usu2923\/2023\/06\/Jornada_concentracio_equip_catskills_21_1.jpg 750w, https:\/\/agora.xtec.cat\/iesguindavols\/wp-content\/uploads\/usu2923\/2023\/06\/Jornada_concentracio_equip_catskills_21_1-300x223.jpg 300w, https:\/\/agora.xtec.cat\/iesguindavols\/wp-content\/uploads\/usu2923\/2023\/06\/Jornada_concentracio_equip_catskills_21_1-200x150.jpg 200w\" sizes=\"auto, (max-width: 750px) 100vw, 750px\" \/><\/a><\/td>\n<td style=\"width: 33.3333%; border-color: #ffffff;\"><a href=\"https:\/\/agora.xtec.cat\/iesguindavols\/wp-content\/uploads\/usu2923\/2023\/06\/Jornada_concentracio_equip_catskills_21-1024x768-1.jpg\"><img loading=\"lazy\" decoding=\"async\" class=\"alignnone size-full wp-image-68217\" src=\"https:\/\/agora.xtec.cat\/iesguindavols\/wp-content\/uploads\/usu2923\/2023\/06\/Jornada_concentracio_equip_catskills_21-1024x768-1.jpg\" alt=\"\" width=\"1024\" height=\"768\" srcset=\"https:\/\/agora.xtec.cat\/iesguindavols\/wp-content\/uploads\/usu2923\/2023\/06\/Jornada_concentracio_equip_catskills_21-1024x768-1.jpg 1024w, https:\/\/agora.xtec.cat\/iesguindavols\/wp-content\/uploads\/usu2923\/2023\/06\/Jornada_concentracio_equip_catskills_21-1024x768-1-300x225.jpg 300w, https:\/\/agora.xtec.cat\/iesguindavols\/wp-content\/uploads\/usu2923\/2023\/06\/Jornada_concentracio_equip_catskills_21-1024x768-1-768x576.jpg 768w, https:\/\/agora.xtec.cat\/iesguindavols\/wp-content\/uploads\/usu2923\/2023\/06\/Jornada_concentracio_equip_catskills_21-1024x768-1-200x150.jpg 200w\" sizes=\"auto, (max-width: 1024px) 100vw, 1024px\" \/><\/a><\/td>\n<\/tr>\n<\/tbody>\n<\/table>\n","protected":false},"excerpt":{"rendered":"<p><a href=\"https:\/\/agora.xtec.cat\/iesguindavols\/wp-content\/uploads\/usu2923\/2023\/06\/Jornada_concentracio_equip_catskills_21_alumnes-1200x500_c.jpg\"><\/a><br \/>\nEl passat dissabte 27 de novembre va tenir lloc la jornada de formaci\u00f3 de l\u2019equip CatSkills 2021 dels membres que viatjaran a Madrid el proper 22 de mar\u00e7 de 2022 per participar als SpainSkills.<br \/>\nEls dos alumnes de l\u2019Institut Guind\u00e0vols Pol Dalmau i Muhammad Ateeq&hellip;  <a href=\"https:\/\/agora.xtec.cat\/iesguindavols\/general\/jornades-formacio-equip-catskills-2021\/\" title=\"Read JORNADES FORMACI\u00d3 EQUIP CATSKILLS 2021\">Llegeix m\u00e9s\u00bb<\/a><\/p>\n","protected":false},"author":6,"featured_media":68214,"comment_status":"open","ping_status":"closed","sticky":false,"template":"","format":"standard","meta":{"_bbp_topic_count":0,"_bbp_reply_count":0,"_bbp_total_topic_count":0,"_bbp_total_reply_count":0,"_bbp_voice_count":0,"_bbp_anonymous_reply_count":0,"_bbp_topic_count_hidden":0,"_bbp_reply_count_hidden":0,"_bbp_forum_subforum_count":0,"footnotes":""},"categories":[109,185,107,122,123,30,251,179,180,1,124,125,126,127,128,143,144,29],"tags":[],"class_list":["post-68213","post","type-post","status-publish","format-standard","has-post-thumbnail","hentry","category-activitats","category-campionat-de-formacio-professional","category-centre","category-cf-grau-mitja","category-cf-grau-superior","category-cicles-formatius","category-education-2","category-familia-professional-de-fabricacio-mecanica","category-tecnic-en-mecanitzacio","category-general","category-tecnic-en-manteniment-electromecanic","category-tecnic-en-installacions-de-produccio-de-calor","category-tecnic-en-installacions-frigorifiques-i-de-climatitzacio","category-tecnic-superior-en-manteniment-dinstallacions-termiques-i-de-fluids","category-familia-professional-dinstallacio-i-manteniment","category-noticies","category-novetats","category-portada"],"post_mailing_queue_ids":[],"_links":{"self":[{"href":"https:\/\/agora.xtec.cat\/iesguindavols\/wp-json\/wp\/v2\/posts\/68213","targetHints":{"allow":["GET"]}}],"collection":[{"href":"https:\/\/agora.xtec.cat\/iesguindavols\/wp-json\/wp\/v2\/posts"}],"about":[{"href":"https:\/\/agora.xtec.cat\/iesguindavols\/wp-json\/wp\/v2\/types\/post"}],"author":[{"embeddable":true,"href":"https:\/\/agora.xtec.cat\/iesguindavols\/wp-json\/wp\/v2\/users\/6"}],"replies":[{"embeddable":true,"href":"https:\/\/agora.xtec.cat\/iesguindavols\/wp-json\/wp\/v2\/comments?post=68213"}],"version-history":[{"count":2,"href":"https:\/\/agora.xtec.cat\/iesguindavols\/wp-json\/wp\/v2\/posts\/68213\/revisions"}],"predecessor-version":[{"id":68219,"href":"https:\/\/agora.xtec.cat\/iesguindavols\/wp-json\/wp\/v2\/posts\/68213\/revisions\/68219"}],"wp:featuredmedia":[{"embeddable":true,"href":"https:\/\/agora.xtec.cat\/iesguindavols\/wp-json\/wp\/v2\/media\/68214"}],"wp:attachment":[{"href":"https:\/\/agora.xtec.cat\/iesguindavols\/wp-json\/wp\/v2\/media?parent=68213"}],"wp:term":[{"taxonomy":"category","embeddable":true,"href":"https:\/\/agora.xtec.cat\/iesguindavols\/wp-json\/wp\/v2\/categories?post=68213"},{"taxonomy":"post_tag","embeddable":true,"href":"https:\/\/agora.xtec.cat\/iesguindavols\/wp-json\/wp\/v2\/tags?post=68213"}],"curies":[{"name":"wp","href":"https:\/\/api.w.org\/{rel}","templated":true}]}}