{"id":68163,"date":"2022-01-11T08:58:25","date_gmt":"2022-01-11T07:58:25","guid":{"rendered":"https:\/\/agora.xtec.cat\/iesguindavols\/?p=68163"},"modified":"2023-06-22T09:01:21","modified_gmt":"2023-06-22T07:01:21","slug":"quin-planeta-deixem-als-infants","status":"publish","type":"post","link":"https:\/\/agora.xtec.cat\/iesguindavols\/general\/quin-planeta-deixem-als-infants\/","title":{"rendered":"Quin planeta deixem als infants?"},"content":{"rendered":"<p><a href=\"https:\/\/agora.xtec.cat\/iesguindavols\/wp-content\/uploads\/usu2923\/2023\/06\/IMATGE-DRET-INFANTS-1200x500_c.jpg\"><img loading=\"lazy\" decoding=\"async\" class=\"alignnone size-full wp-image-68164\" src=\"https:\/\/agora.xtec.cat\/iesguindavols\/wp-content\/uploads\/usu2923\/2023\/06\/IMATGE-DRET-INFANTS-1200x500_c.jpg\" alt=\"\" width=\"1200\" height=\"500\" srcset=\"https:\/\/agora.xtec.cat\/iesguindavols\/wp-content\/uploads\/usu2923\/2023\/06\/IMATGE-DRET-INFANTS-1200x500_c.jpg 1200w, https:\/\/agora.xtec.cat\/iesguindavols\/wp-content\/uploads\/usu2923\/2023\/06\/IMATGE-DRET-INFANTS-1200x500_c-300x125.jpg 300w, https:\/\/agora.xtec.cat\/iesguindavols\/wp-content\/uploads\/usu2923\/2023\/06\/IMATGE-DRET-INFANTS-1200x500_c-1024x427.jpg 1024w, https:\/\/agora.xtec.cat\/iesguindavols\/wp-content\/uploads\/usu2923\/2023\/06\/IMATGE-DRET-INFANTS-1200x500_c-768x320.jpg 768w\" sizes=\"auto, (max-width: 1200px) 100vw, 1200px\" \/><\/a><\/p>\n<p>L\u2019alumnat de 4t d\u2019ESO col\u00b7labora amb la Xarxa dels Drets dels Infants i crea una campanya de sensibilitzaci\u00f3 sobre l\u2019impacte del canvi clim\u00e0tic en els m\u00e9s petits.<\/p>\n<p>Els nois i noies de 4t d\u2019ESO, que han assumit el repte plantejat des de l\u2019\u00e0mbit art\u00edstic i social del projecte RCS (Recerca, Creaci\u00f3 i Servei), han treballat al llarg dels dos primers mesos del curs temes relacionats amb el medi ambient i com aquest afecta els m\u00e9s petits.<\/p>\n<p>La tasca realitzada no nom\u00e9s ha consistit en fer recerca sobre el tema, sin\u00f3 que tamb\u00e9 van acceptar la proposta plantejada per la Xarxa dels Drets dels Infants de crear una s\u00e8rie de videorelats que tenen com a objectiu conscienciar la poblaci\u00f3 en general de com el canvi clim\u00e0tic afecta els nens i nenes d\u2019arreu del m\u00f3n.<\/p>\n<p>Dos dels tres videorelats seleccionats que es van poder visionar en el decurs de la Jornada virtual\u00a0<strong><a href=\"https:\/\/youtu.be\/LDFdz4ClTSM\">\u201cPosem-nos drets pels infants i el planeta: quin planeta deixem als infants?<\/a><\/strong><a href=\"http:\/\/www.xarxadretsinfants.cat\/la-xarxa-dels-drets-dels-infants-celebrara-la-jornada-posem-nos-drets-pels-infants-i-el-planeta-quin-planeta-deixem-als-infants\/\"><strong>\u201d<\/strong><\/a>\u00a0que va\u00a0 tenir lloc el proppassat 19 de novembre organitzada per la Xarxa dels Drets dels Infants, van ser realitzats per alumnes del nostre institut. Els felicitem per la feina feta.<\/p>\n<p style=\"text-align: center;\"><a href=\"https:\/\/agora.xtec.cat\/iesguindavols\/wp-content\/uploads\/usu2923\/2023\/06\/Logo-Xarxa-web-fonsblanc3.png\"><img loading=\"lazy\" decoding=\"async\" class=\"alignnone size-full wp-image-68165\" src=\"https:\/\/agora.xtec.cat\/iesguindavols\/wp-content\/uploads\/usu2923\/2023\/06\/Logo-Xarxa-web-fonsblanc3.png\" alt=\"\" width=\"300\" height=\"249\" \/><\/a><\/p>\n<p><a href=\"https:\/\/agora.xtec.cat\/iesguindavols\/wp-content\/uploads\/usu2923\/2023\/06\/IMATGE-DRET-INFANTS-1024x762-1.jpg\"><img loading=\"lazy\" decoding=\"async\" class=\"alignnone size-full wp-image-68166\" src=\"https:\/\/agora.xtec.cat\/iesguindavols\/wp-content\/uploads\/usu2923\/2023\/06\/IMATGE-DRET-INFANTS-1024x762-1.jpg\" alt=\"\" width=\"1024\" height=\"762\" srcset=\"https:\/\/agora.xtec.cat\/iesguindavols\/wp-content\/uploads\/usu2923\/2023\/06\/IMATGE-DRET-INFANTS-1024x762-1.jpg 1024w, https:\/\/agora.xtec.cat\/iesguindavols\/wp-content\/uploads\/usu2923\/2023\/06\/IMATGE-DRET-INFANTS-1024x762-1-300x223.jpg 300w, https:\/\/agora.xtec.cat\/iesguindavols\/wp-content\/uploads\/usu2923\/2023\/06\/IMATGE-DRET-INFANTS-1024x762-1-768x572.jpg 768w, https:\/\/agora.xtec.cat\/iesguindavols\/wp-content\/uploads\/usu2923\/2023\/06\/IMATGE-DRET-INFANTS-1024x762-1-200x150.jpg 200w\" sizes=\"auto, (max-width: 1024px) 100vw, 1024px\" \/><\/a><\/p>\n<p>Alumnes de 4t d\u2019ESO participant en la Jornada virtual.<\/p>\n<p>#programaRCS<\/p>\n<p>#projectesRCS<\/p>\n<p>#competenciesglobals<\/p>\n<p>#innovacioeducativa<\/p>\n<p>#DGCP<\/p>\n<p>#SCSB<\/p>\n","protected":false},"excerpt":{"rendered":"<p><a href=\"https:\/\/agora.xtec.cat\/iesguindavols\/wp-content\/uploads\/usu2923\/2023\/06\/IMATGE-DRET-INFANTS-1200x500_c.jpg\"><\/a><br \/>\nL\u2019alumnat de 4t d\u2019ESO col\u00b7labora amb la Xarxa dels Drets dels Infants i crea una campanya de sensibilitzaci\u00f3 sobre l\u2019impacte del canvi clim\u00e0tic en els m\u00e9s petits.<br \/>\nEls nois i noies de 4t d\u2019ESO, que han assumit el repte plantejat des de l\u2019\u00e0mbit art\u00edstic i&hellip;  <a href=\"https:\/\/agora.xtec.cat\/iesguindavols\/general\/quin-planeta-deixem-als-infants\/\" title=\"Read Quin planeta deixem als infants?\">Llegeix m\u00e9s\u00bb<\/a><\/p>\n","protected":false},"author":6,"featured_media":68164,"comment_status":"open","ping_status":"closed","sticky":false,"template":"","format":"standard","meta":{"_bbp_topic_count":0,"_bbp_reply_count":0,"_bbp_total_topic_count":0,"_bbp_total_reply_count":0,"_bbp_voice_count":0,"_bbp_anonymous_reply_count":0,"_bbp_topic_count_hidden":0,"_bbp_reply_count_hidden":0,"_bbp_forum_subforum_count":0,"footnotes":""},"categories":[109,107,251,110,1,143,144,29],"tags":[],"class_list":["post-68163","post","type-post","status-publish","format-standard","has-post-thumbnail","hentry","category-activitats","category-centre","category-education-2","category-eso-al-guindavols","category-general","category-noticies","category-novetats","category-portada"],"post_mailing_queue_ids":[],"_links":{"self":[{"href":"https:\/\/agora.xtec.cat\/iesguindavols\/wp-json\/wp\/v2\/posts\/68163","targetHints":{"allow":["GET"]}}],"collection":[{"href":"https:\/\/agora.xtec.cat\/iesguindavols\/wp-json\/wp\/v2\/posts"}],"about":[{"href":"https:\/\/agora.xtec.cat\/iesguindavols\/wp-json\/wp\/v2\/types\/post"}],"author":[{"embeddable":true,"href":"https:\/\/agora.xtec.cat\/iesguindavols\/wp-json\/wp\/v2\/users\/6"}],"replies":[{"embeddable":true,"href":"https:\/\/agora.xtec.cat\/iesguindavols\/wp-json\/wp\/v2\/comments?post=68163"}],"version-history":[{"count":1,"href":"https:\/\/agora.xtec.cat\/iesguindavols\/wp-json\/wp\/v2\/posts\/68163\/revisions"}],"predecessor-version":[{"id":68167,"href":"https:\/\/agora.xtec.cat\/iesguindavols\/wp-json\/wp\/v2\/posts\/68163\/revisions\/68167"}],"wp:featuredmedia":[{"embeddable":true,"href":"https:\/\/agora.xtec.cat\/iesguindavols\/wp-json\/wp\/v2\/media\/68164"}],"wp:attachment":[{"href":"https:\/\/agora.xtec.cat\/iesguindavols\/wp-json\/wp\/v2\/media?parent=68163"}],"wp:term":[{"taxonomy":"category","embeddable":true,"href":"https:\/\/agora.xtec.cat\/iesguindavols\/wp-json\/wp\/v2\/categories?post=68163"},{"taxonomy":"post_tag","embeddable":true,"href":"https:\/\/agora.xtec.cat\/iesguindavols\/wp-json\/wp\/v2\/tags?post=68163"}],"curies":[{"name":"wp","href":"https:\/\/api.w.org\/{rel}","templated":true}]}}