{"id":68070,"date":"2022-02-24T12:46:53","date_gmt":"2022-02-24T11:46:53","guid":{"rendered":"https:\/\/agora.xtec.cat\/iesguindavols\/?p=68070"},"modified":"2023-06-21T12:49:48","modified_gmt":"2023-06-21T10:49:48","slug":"taller-de-la-prehistoria-1r-eso","status":"publish","type":"post","link":"https:\/\/agora.xtec.cat\/iesguindavols\/general\/taller-de-la-prehistoria-1r-eso\/","title":{"rendered":"TALLER DE LA PREHIST\u00d2RIA 1r ESO"},"content":{"rendered":"<p><a href=\"https:\/\/agora.xtec.cat\/iesguindavols\/wp-content\/uploads\/usu2923\/2023\/06\/20220221_121222-1200x500_c.jpg\"><img loading=\"lazy\" decoding=\"async\" class=\"alignnone size-full wp-image-68071\" src=\"https:\/\/agora.xtec.cat\/iesguindavols\/wp-content\/uploads\/usu2923\/2023\/06\/20220221_121222-1200x500_c.jpg\" alt=\"\" width=\"1200\" height=\"500\" srcset=\"https:\/\/agora.xtec.cat\/iesguindavols\/wp-content\/uploads\/usu2923\/2023\/06\/20220221_121222-1200x500_c.jpg 1200w, https:\/\/agora.xtec.cat\/iesguindavols\/wp-content\/uploads\/usu2923\/2023\/06\/20220221_121222-1200x500_c-300x125.jpg 300w, https:\/\/agora.xtec.cat\/iesguindavols\/wp-content\/uploads\/usu2923\/2023\/06\/20220221_121222-1200x500_c-1024x427.jpg 1024w, https:\/\/agora.xtec.cat\/iesguindavols\/wp-content\/uploads\/usu2923\/2023\/06\/20220221_121222-1200x500_c-768x320.jpg 768w\" sizes=\"auto, (max-width: 1200px) 100vw, 1200px\" \/><\/a><\/p>\n<p>Els passats dies 21 i 22 de febrer l\u2019alumnat de 1r ESO va visitar el Museu de Lleida, on van poder dur a terme un taller de la Prehist\u00f2ria. En aquest taller els alumnes van poder aprendre trets fonamentals de la Prehist\u00f2ria, tot identificant alguns estris utilitzats pels paleol\u00edtics i neol\u00edtics. Tamb\u00e9 van poder con\u00e8ixer la tecnologia, l\u2019art, l\u2019economia i la societat prehist\u00f2rica. Aquesta sortida s\u2019engloba dins del projecte de la Prehist\u00f2ria.<\/p>\n<p><a href=\"https:\/\/agora.xtec.cat\/iesguindavols\/wp-content\/uploads\/usu2923\/2023\/06\/20220221_125736-1024x768-1.jpg\"><img loading=\"lazy\" decoding=\"async\" class=\"alignnone size-full wp-image-68072\" src=\"https:\/\/agora.xtec.cat\/iesguindavols\/wp-content\/uploads\/usu2923\/2023\/06\/20220221_125736-1024x768-1.jpg\" alt=\"\" width=\"1024\" height=\"768\" srcset=\"https:\/\/agora.xtec.cat\/iesguindavols\/wp-content\/uploads\/usu2923\/2023\/06\/20220221_125736-1024x768-1.jpg 1024w, https:\/\/agora.xtec.cat\/iesguindavols\/wp-content\/uploads\/usu2923\/2023\/06\/20220221_125736-1024x768-1-300x225.jpg 300w, https:\/\/agora.xtec.cat\/iesguindavols\/wp-content\/uploads\/usu2923\/2023\/06\/20220221_125736-1024x768-1-768x576.jpg 768w, https:\/\/agora.xtec.cat\/iesguindavols\/wp-content\/uploads\/usu2923\/2023\/06\/20220221_125736-1024x768-1-200x150.jpg 200w\" sizes=\"auto, (max-width: 1024px) 100vw, 1024px\" \/><\/a><\/p>\n<p><a href=\"https:\/\/agora.xtec.cat\/iesguindavols\/wp-content\/uploads\/usu2923\/2023\/06\/20220221_131242-1024x768-1.jpg\"><img loading=\"lazy\" decoding=\"async\" class=\"alignnone size-full wp-image-68073\" src=\"https:\/\/agora.xtec.cat\/iesguindavols\/wp-content\/uploads\/usu2923\/2023\/06\/20220221_131242-1024x768-1.jpg\" alt=\"\" width=\"1024\" height=\"768\" srcset=\"https:\/\/agora.xtec.cat\/iesguindavols\/wp-content\/uploads\/usu2923\/2023\/06\/20220221_131242-1024x768-1.jpg 1024w, https:\/\/agora.xtec.cat\/iesguindavols\/wp-content\/uploads\/usu2923\/2023\/06\/20220221_131242-1024x768-1-300x225.jpg 300w, https:\/\/agora.xtec.cat\/iesguindavols\/wp-content\/uploads\/usu2923\/2023\/06\/20220221_131242-1024x768-1-768x576.jpg 768w, https:\/\/agora.xtec.cat\/iesguindavols\/wp-content\/uploads\/usu2923\/2023\/06\/20220221_131242-1024x768-1-200x150.jpg 200w\" sizes=\"auto, (max-width: 1024px) 100vw, 1024px\" \/><\/a><\/p>\n","protected":false},"excerpt":{"rendered":"<p><a href=\"https:\/\/agora.xtec.cat\/iesguindavols\/wp-content\/uploads\/usu2923\/2023\/06\/20220221_121222-1200x500_c.jpg\"><\/a><br \/>\nEls passats dies 21 i 22 de febrer l\u2019alumnat de 1r ESO va visitar el Museu de Lleida, on van poder dur a terme un taller de la Prehist\u00f2ria. En aquest taller els alumnes van poder aprendre trets fonamentals de la Prehist\u00f2ria, tot identificant&hellip;  <a href=\"https:\/\/agora.xtec.cat\/iesguindavols\/general\/taller-de-la-prehistoria-1r-eso\/\" title=\"Read TALLER DE LA PREHIST\u00d2RIA 1r ESO\">Llegeix m\u00e9s\u00bb<\/a><\/p>\n","protected":false},"author":6,"featured_media":68071,"comment_status":"open","ping_status":"closed","sticky":false,"template":"","format":"standard","meta":{"_bbp_topic_count":0,"_bbp_reply_count":0,"_bbp_total_topic_count":0,"_bbp_total_reply_count":0,"_bbp_voice_count":0,"_bbp_anonymous_reply_count":0,"_bbp_topic_count_hidden":0,"_bbp_reply_count_hidden":0,"_bbp_forum_subforum_count":0,"footnotes":""},"categories":[109,107,251,110,1,143,144,29],"tags":[],"class_list":["post-68070","post","type-post","status-publish","format-standard","has-post-thumbnail","hentry","category-activitats","category-centre","category-education-2","category-eso-al-guindavols","category-general","category-noticies","category-novetats","category-portada"],"post_mailing_queue_ids":[],"_links":{"self":[{"href":"https:\/\/agora.xtec.cat\/iesguindavols\/wp-json\/wp\/v2\/posts\/68070","targetHints":{"allow":["GET"]}}],"collection":[{"href":"https:\/\/agora.xtec.cat\/iesguindavols\/wp-json\/wp\/v2\/posts"}],"about":[{"href":"https:\/\/agora.xtec.cat\/iesguindavols\/wp-json\/wp\/v2\/types\/post"}],"author":[{"embeddable":true,"href":"https:\/\/agora.xtec.cat\/iesguindavols\/wp-json\/wp\/v2\/users\/6"}],"replies":[{"embeddable":true,"href":"https:\/\/agora.xtec.cat\/iesguindavols\/wp-json\/wp\/v2\/comments?post=68070"}],"version-history":[{"count":3,"href":"https:\/\/agora.xtec.cat\/iesguindavols\/wp-json\/wp\/v2\/posts\/68070\/revisions"}],"predecessor-version":[{"id":68076,"href":"https:\/\/agora.xtec.cat\/iesguindavols\/wp-json\/wp\/v2\/posts\/68070\/revisions\/68076"}],"wp:featuredmedia":[{"embeddable":true,"href":"https:\/\/agora.xtec.cat\/iesguindavols\/wp-json\/wp\/v2\/media\/68071"}],"wp:attachment":[{"href":"https:\/\/agora.xtec.cat\/iesguindavols\/wp-json\/wp\/v2\/media?parent=68070"}],"wp:term":[{"taxonomy":"category","embeddable":true,"href":"https:\/\/agora.xtec.cat\/iesguindavols\/wp-json\/wp\/v2\/categories?post=68070"},{"taxonomy":"post_tag","embeddable":true,"href":"https:\/\/agora.xtec.cat\/iesguindavols\/wp-json\/wp\/v2\/tags?post=68070"}],"curies":[{"name":"wp","href":"https:\/\/api.w.org\/{rel}","templated":true}]}}