{"id":68027,"date":"2022-04-01T12:26:29","date_gmt":"2022-04-01T10:26:29","guid":{"rendered":"https:\/\/agora.xtec.cat\/iesguindavols\/?p=68027"},"modified":"2023-06-21T12:29:25","modified_gmt":"2023-06-21T10:29:25","slug":"spainskills-2022","status":"publish","type":"post","link":"https:\/\/agora.xtec.cat\/iesguindavols\/general\/spainskills-2022\/","title":{"rendered":"SpainSkills 2022"},"content":{"rendered":"<p><a href=\"https:\/\/agora.xtec.cat\/iesguindavols\/wp-content\/uploads\/usu2923\/2023\/06\/1648810822709-1200x500_c.jpg\"><img loading=\"lazy\" decoding=\"async\" class=\"alignnone size-full wp-image-68028\" src=\"https:\/\/agora.xtec.cat\/iesguindavols\/wp-content\/uploads\/usu2923\/2023\/06\/1648810822709-1200x500_c.jpg\" alt=\"\" width=\"1200\" height=\"500\" srcset=\"https:\/\/agora.xtec.cat\/iesguindavols\/wp-content\/uploads\/usu2923\/2023\/06\/1648810822709-1200x500_c.jpg 1200w, https:\/\/agora.xtec.cat\/iesguindavols\/wp-content\/uploads\/usu2923\/2023\/06\/1648810822709-1200x500_c-300x125.jpg 300w, https:\/\/agora.xtec.cat\/iesguindavols\/wp-content\/uploads\/usu2923\/2023\/06\/1648810822709-1200x500_c-1024x427.jpg 1024w, https:\/\/agora.xtec.cat\/iesguindavols\/wp-content\/uploads\/usu2923\/2023\/06\/1648810822709-1200x500_c-768x320.jpg 768w\" sizes=\"auto, (max-width: 1200px) 100vw, 1200px\" \/><\/a><\/p>\n<p>Molt bona actuaci\u00f3 de l\u2019equip Guind\u00e0vols a la competici\u00f3 de formaci\u00f3 professional Spainskills 2022.<\/p>\n<p>Del passat 22 al 26 de mar\u00e7 va tenir lloc a Madrid la competici\u00f3 de formaci\u00f3 professional Spainskills 2022. En aquesta competici\u00f3 hi pod\u00eda participar els alumnes que van obtenir medalla d\u2019or als Campionats de Catalunya d\u2019FP (Catskills 2022).<br \/>\nEls dos competidors han demostrat un alt nivell en cada una de les seves especialitats.<\/p>\n<p>En tot moment han estat competint amb els millors de cada comunitat aut\u00f2noma on ha quedat palesa la seva professionalitat i qualitat humana.<\/p>\n<p>Han aconseguit uns molt bons resultats ja que tots dos han obtingut una medalla.<\/p>\n<p>En Pol Dalmau ha obtingut la medalla d\u2019or a la modalitat de \u201cSkill15.Fontaneria i Calefacci\u00f3\u201d.<\/p>\n<p>En Muhammad Ateek ha obtingut la medalla de plata en la modalitat de \u201cSkill38.Refrigeraci\u00f3\u201d.<\/p>\n<p>Podem estar ben orgullosos del resultat obtingut, l\u2019equip de Catalunya va aconseguir 6 medalles d\u2019or i 7 medalles d\u2019Argent.\u00a0Durant l\u2019acte de reconeixement de Medalles, el pavell\u00f3 municipal d\u2019IFEMA va vibrar d\u2019emoci\u00f3 i alegria quan fins a 13 cops es va sentir el nom de l\u2019alumnat de Catalunya.<\/p>\n<p>Els guanyadors d\u2019Spainskills 2022\u00a0 seran els representant de l\u2019estat en la propera competici\u00f3 Worldskills.<\/p>\n<p>Gr\u00e0cies als patrocinadors que han fet possible aquesta competici\u00f3.<\/p>\n<p><a href=\"https:\/\/agora.xtec.cat\/iesguindavols\/wp-content\/uploads\/usu2923\/2023\/06\/1648810667833.jpg\"><img loading=\"lazy\" decoding=\"async\" class=\"alignnone size-full wp-image-68029\" src=\"https:\/\/agora.xtec.cat\/iesguindavols\/wp-content\/uploads\/usu2923\/2023\/06\/1648810667833.jpg\" alt=\"\" width=\"1024\" height=\"768\" srcset=\"https:\/\/agora.xtec.cat\/iesguindavols\/wp-content\/uploads\/usu2923\/2023\/06\/1648810667833.jpg 1024w, https:\/\/agora.xtec.cat\/iesguindavols\/wp-content\/uploads\/usu2923\/2023\/06\/1648810667833-300x225.jpg 300w, https:\/\/agora.xtec.cat\/iesguindavols\/wp-content\/uploads\/usu2923\/2023\/06\/1648810667833-768x576.jpg 768w, https:\/\/agora.xtec.cat\/iesguindavols\/wp-content\/uploads\/usu2923\/2023\/06\/1648810667833-200x150.jpg 200w\" sizes=\"auto, (max-width: 1024px) 100vw, 1024px\" \/><\/a> <a href=\"https:\/\/agora.xtec.cat\/iesguindavols\/wp-content\/uploads\/usu2923\/2023\/06\/1648810667845.jpg\"><img loading=\"lazy\" decoding=\"async\" class=\"alignnone size-full wp-image-68030\" src=\"https:\/\/agora.xtec.cat\/iesguindavols\/wp-content\/uploads\/usu2923\/2023\/06\/1648810667845.jpg\" alt=\"\" width=\"1024\" height=\"768\" srcset=\"https:\/\/agora.xtec.cat\/iesguindavols\/wp-content\/uploads\/usu2923\/2023\/06\/1648810667845.jpg 1024w, https:\/\/agora.xtec.cat\/iesguindavols\/wp-content\/uploads\/usu2923\/2023\/06\/1648810667845-300x225.jpg 300w, https:\/\/agora.xtec.cat\/iesguindavols\/wp-content\/uploads\/usu2923\/2023\/06\/1648810667845-768x576.jpg 768w, https:\/\/agora.xtec.cat\/iesguindavols\/wp-content\/uploads\/usu2923\/2023\/06\/1648810667845-200x150.jpg 200w\" sizes=\"auto, (max-width: 1024px) 100vw, 1024px\" \/><\/a> <a href=\"https:\/\/agora.xtec.cat\/iesguindavols\/wp-content\/uploads\/usu2923\/2023\/06\/1648810667854.jpg\"><img loading=\"lazy\" decoding=\"async\" class=\"alignnone size-full wp-image-68031\" src=\"https:\/\/agora.xtec.cat\/iesguindavols\/wp-content\/uploads\/usu2923\/2023\/06\/1648810667854.jpg\" alt=\"\" width=\"1024\" height=\"768\" srcset=\"https:\/\/agora.xtec.cat\/iesguindavols\/wp-content\/uploads\/usu2923\/2023\/06\/1648810667854.jpg 1024w, https:\/\/agora.xtec.cat\/iesguindavols\/wp-content\/uploads\/usu2923\/2023\/06\/1648810667854-300x225.jpg 300w, https:\/\/agora.xtec.cat\/iesguindavols\/wp-content\/uploads\/usu2923\/2023\/06\/1648810667854-768x576.jpg 768w, https:\/\/agora.xtec.cat\/iesguindavols\/wp-content\/uploads\/usu2923\/2023\/06\/1648810667854-200x150.jpg 200w\" sizes=\"auto, (max-width: 1024px) 100vw, 1024px\" \/><\/a> <a href=\"https:\/\/agora.xtec.cat\/iesguindavols\/wp-content\/uploads\/usu2923\/2023\/06\/1648811030954-1024x768-1.jpg\"><img loading=\"lazy\" decoding=\"async\" class=\"alignnone size-full wp-image-68032\" src=\"https:\/\/agora.xtec.cat\/iesguindavols\/wp-content\/uploads\/usu2923\/2023\/06\/1648811030954-1024x768-1.jpg\" alt=\"\" width=\"1024\" height=\"768\" srcset=\"https:\/\/agora.xtec.cat\/iesguindavols\/wp-content\/uploads\/usu2923\/2023\/06\/1648811030954-1024x768-1.jpg 1024w, https:\/\/agora.xtec.cat\/iesguindavols\/wp-content\/uploads\/usu2923\/2023\/06\/1648811030954-1024x768-1-300x225.jpg 300w, https:\/\/agora.xtec.cat\/iesguindavols\/wp-content\/uploads\/usu2923\/2023\/06\/1648811030954-1024x768-1-768x576.jpg 768w, https:\/\/agora.xtec.cat\/iesguindavols\/wp-content\/uploads\/usu2923\/2023\/06\/1648811030954-1024x768-1-200x150.jpg 200w\" sizes=\"auto, (max-width: 1024px) 100vw, 1024px\" \/><\/a> <a href=\"https:\/\/agora.xtec.cat\/iesguindavols\/wp-content\/uploads\/usu2923\/2023\/06\/1648811092953-1024x768-1.jpg\"><img loading=\"lazy\" decoding=\"async\" class=\"alignnone size-full wp-image-68033\" src=\"https:\/\/agora.xtec.cat\/iesguindavols\/wp-content\/uploads\/usu2923\/2023\/06\/1648811092953-1024x768-1.jpg\" alt=\"\" width=\"1024\" height=\"768\" srcset=\"https:\/\/agora.xtec.cat\/iesguindavols\/wp-content\/uploads\/usu2923\/2023\/06\/1648811092953-1024x768-1.jpg 1024w, https:\/\/agora.xtec.cat\/iesguindavols\/wp-content\/uploads\/usu2923\/2023\/06\/1648811092953-1024x768-1-300x225.jpg 300w, https:\/\/agora.xtec.cat\/iesguindavols\/wp-content\/uploads\/usu2923\/2023\/06\/1648811092953-1024x768-1-768x576.jpg 768w, https:\/\/agora.xtec.cat\/iesguindavols\/wp-content\/uploads\/usu2923\/2023\/06\/1648811092953-1024x768-1-200x150.jpg 200w\" sizes=\"auto, (max-width: 1024px) 100vw, 1024px\" \/><\/a><\/p>\n","protected":false},"excerpt":{"rendered":"<p><a href=\"https:\/\/agora.xtec.cat\/iesguindavols\/wp-content\/uploads\/usu2923\/2023\/06\/1648810822709-1200x500_c.jpg\"><\/a><br \/>\nMolt bona actuaci\u00f3 de l\u2019equip Guind\u00e0vols a la competici\u00f3 de formaci\u00f3 professional Spainskills 2022.<br \/>\nDel passat 22 al 26 de mar\u00e7 va tenir lloc a Madrid la competici\u00f3 de formaci\u00f3 professional Spainskills 2022. En aquesta competici\u00f3 hi pod\u00eda participar els alumnes que van obtenir medalla&hellip;  <a href=\"https:\/\/agora.xtec.cat\/iesguindavols\/general\/spainskills-2022\/\" title=\"Read SpainSkills 2022\">Llegeix m\u00e9s\u00bb<\/a><\/p>\n","protected":false},"author":6,"featured_media":68028,"comment_status":"open","ping_status":"closed","sticky":false,"template":"","format":"standard","meta":{"_bbp_topic_count":0,"_bbp_reply_count":0,"_bbp_total_topic_count":0,"_bbp_total_reply_count":0,"_bbp_voice_count":0,"_bbp_anonymous_reply_count":0,"_bbp_topic_count_hidden":0,"_bbp_reply_count_hidden":0,"_bbp_forum_subforum_count":0,"footnotes":""},"categories":[109,107,122,123,30,179,180,160,1,124,125,126,127,128,143,144,29],"tags":[],"class_list":["post-68027","post","type-post","status-publish","format-standard","has-post-thumbnail","hentry","category-activitats","category-centre","category-cf-grau-mitja","category-cf-grau-superior","category-cicles-formatius","category-familia-professional-de-fabricacio-mecanica","category-tecnic-en-mecanitzacio","category-tecnic-superior-en-programacio-de-la-produccio-en-fabricacio-mecanica","category-general","category-tecnic-en-manteniment-electromecanic","category-tecnic-en-installacions-de-produccio-de-calor","category-tecnic-en-installacions-frigorifiques-i-de-climatitzacio","category-tecnic-superior-en-manteniment-dinstallacions-termiques-i-de-fluids","category-familia-professional-dinstallacio-i-manteniment","category-noticies","category-novetats","category-portada"],"post_mailing_queue_ids":[],"_links":{"self":[{"href":"https:\/\/agora.xtec.cat\/iesguindavols\/wp-json\/wp\/v2\/posts\/68027","targetHints":{"allow":["GET"]}}],"collection":[{"href":"https:\/\/agora.xtec.cat\/iesguindavols\/wp-json\/wp\/v2\/posts"}],"about":[{"href":"https:\/\/agora.xtec.cat\/iesguindavols\/wp-json\/wp\/v2\/types\/post"}],"author":[{"embeddable":true,"href":"https:\/\/agora.xtec.cat\/iesguindavols\/wp-json\/wp\/v2\/users\/6"}],"replies":[{"embeddable":true,"href":"https:\/\/agora.xtec.cat\/iesguindavols\/wp-json\/wp\/v2\/comments?post=68027"}],"version-history":[{"count":2,"href":"https:\/\/agora.xtec.cat\/iesguindavols\/wp-json\/wp\/v2\/posts\/68027\/revisions"}],"predecessor-version":[{"id":68035,"href":"https:\/\/agora.xtec.cat\/iesguindavols\/wp-json\/wp\/v2\/posts\/68027\/revisions\/68035"}],"wp:featuredmedia":[{"embeddable":true,"href":"https:\/\/agora.xtec.cat\/iesguindavols\/wp-json\/wp\/v2\/media\/68028"}],"wp:attachment":[{"href":"https:\/\/agora.xtec.cat\/iesguindavols\/wp-json\/wp\/v2\/media?parent=68027"}],"wp:term":[{"taxonomy":"category","embeddable":true,"href":"https:\/\/agora.xtec.cat\/iesguindavols\/wp-json\/wp\/v2\/categories?post=68027"},{"taxonomy":"post_tag","embeddable":true,"href":"https:\/\/agora.xtec.cat\/iesguindavols\/wp-json\/wp\/v2\/tags?post=68027"}],"curies":[{"name":"wp","href":"https:\/\/api.w.org\/{rel}","templated":true}]}}