{"id":68015,"date":"2022-04-12T12:15:50","date_gmt":"2022-04-12T10:15:50","guid":{"rendered":"https:\/\/agora.xtec.cat\/iesguindavols\/?p=68015"},"modified":"2023-06-21T12:20:05","modified_gmt":"2023-06-21T10:20:05","slug":"visita-a-la-biblioteca-publica-de-lleida","status":"publish","type":"post","link":"https:\/\/agora.xtec.cat\/iesguindavols\/general\/visita-a-la-biblioteca-publica-de-lleida\/","title":{"rendered":"Visita a la Biblioteca P\u00fablica de Lleida"},"content":{"rendered":"<p><a href=\"https:\/\/agora.xtec.cat\/iesguindavols\/wp-content\/uploads\/usu2923\/2023\/06\/IMG-20220406-WA00061-1200x500_c.jpg\"><img loading=\"lazy\" decoding=\"async\" class=\"alignnone size-full wp-image-68017\" src=\"https:\/\/agora.xtec.cat\/iesguindavols\/wp-content\/uploads\/usu2923\/2023\/06\/IMG-20220406-WA00061-1200x500_c.jpg\" alt=\"\" width=\"1200\" height=\"500\" srcset=\"https:\/\/agora.xtec.cat\/iesguindavols\/wp-content\/uploads\/usu2923\/2023\/06\/IMG-20220406-WA00061-1200x500_c.jpg 1200w, https:\/\/agora.xtec.cat\/iesguindavols\/wp-content\/uploads\/usu2923\/2023\/06\/IMG-20220406-WA00061-1200x500_c-300x125.jpg 300w, https:\/\/agora.xtec.cat\/iesguindavols\/wp-content\/uploads\/usu2923\/2023\/06\/IMG-20220406-WA00061-1200x500_c-1024x427.jpg 1024w, https:\/\/agora.xtec.cat\/iesguindavols\/wp-content\/uploads\/usu2923\/2023\/06\/IMG-20220406-WA00061-1200x500_c-768x320.jpg 768w\" sizes=\"auto, (max-width: 1200px) 100vw, 1200px\" \/><\/a><\/p>\n<p>Els alumnes de primer d\u2019ESO els dies 30 de mar\u00e7 i 4 d\u2019abril van visitar la Biblioteca P\u00fablica de Lleida. Va ser una visita molt interessant, ja que l\u2019alumat va con\u00e8ixer de primera m\u00e0 quina funci\u00f3 desenvolupen les biblioteques p\u00fabliques de Catalunya. Aix\u00ed com, dels avantatges que els hi proporciona fer-se el carnet de la biblioteca p\u00fablica.<\/p>\n<p><a href=\"https:\/\/agora.xtec.cat\/iesguindavols\/wp-content\/uploads\/usu2923\/2023\/06\/IMG-20220406-WA00041-1024x768-1.jpg\"><img loading=\"lazy\" decoding=\"async\" class=\"alignnone size-full wp-image-68016\" src=\"https:\/\/agora.xtec.cat\/iesguindavols\/wp-content\/uploads\/usu2923\/2023\/06\/IMG-20220406-WA00041-1024x768-1.jpg\" alt=\"\" width=\"1024\" height=\"768\" srcset=\"https:\/\/agora.xtec.cat\/iesguindavols\/wp-content\/uploads\/usu2923\/2023\/06\/IMG-20220406-WA00041-1024x768-1.jpg 1024w, https:\/\/agora.xtec.cat\/iesguindavols\/wp-content\/uploads\/usu2923\/2023\/06\/IMG-20220406-WA00041-1024x768-1-300x225.jpg 300w, https:\/\/agora.xtec.cat\/iesguindavols\/wp-content\/uploads\/usu2923\/2023\/06\/IMG-20220406-WA00041-1024x768-1-768x576.jpg 768w, https:\/\/agora.xtec.cat\/iesguindavols\/wp-content\/uploads\/usu2923\/2023\/06\/IMG-20220406-WA00041-1024x768-1-200x150.jpg 200w\" sizes=\"auto, (max-width: 1024px) 100vw, 1024px\" \/><\/a><\/p>\n","protected":false},"excerpt":{"rendered":"<p><a href=\"https:\/\/agora.xtec.cat\/iesguindavols\/wp-content\/uploads\/usu2923\/2023\/06\/IMG-20220406-WA00061-1200x500_c.jpg\"><\/a><br \/>\nEls alumnes de primer d\u2019ESO els dies 30 de mar\u00e7 i 4 d\u2019abril van visitar la Biblioteca P\u00fablica de Lleida. Va ser una visita molt interessant, ja que l\u2019alumat va con\u00e8ixer de primera m\u00e0 quina funci\u00f3 desenvolupen les biblioteques p\u00fabliques de Catalunya. Aix\u00ed com,&hellip;  <a href=\"https:\/\/agora.xtec.cat\/iesguindavols\/general\/visita-a-la-biblioteca-publica-de-lleida\/\" title=\"Read Visita a la Biblioteca P\u00fablica de Lleida\">Llegeix m\u00e9s\u00bb<\/a><\/p>\n","protected":false},"author":6,"featured_media":68017,"comment_status":"open","ping_status":"closed","sticky":false,"template":"","format":"standard","meta":{"_bbp_topic_count":0,"_bbp_reply_count":0,"_bbp_total_topic_count":0,"_bbp_total_reply_count":0,"_bbp_voice_count":0,"_bbp_anonymous_reply_count":0,"_bbp_topic_count_hidden":0,"_bbp_reply_count_hidden":0,"_bbp_forum_subforum_count":0,"footnotes":""},"categories":[109,107,110,1,143,144,29],"tags":[],"class_list":["post-68015","post","type-post","status-publish","format-standard","has-post-thumbnail","hentry","category-activitats","category-centre","category-eso-al-guindavols","category-general","category-noticies","category-novetats","category-portada"],"post_mailing_queue_ids":[],"_links":{"self":[{"href":"https:\/\/agora.xtec.cat\/iesguindavols\/wp-json\/wp\/v2\/posts\/68015","targetHints":{"allow":["GET"]}}],"collection":[{"href":"https:\/\/agora.xtec.cat\/iesguindavols\/wp-json\/wp\/v2\/posts"}],"about":[{"href":"https:\/\/agora.xtec.cat\/iesguindavols\/wp-json\/wp\/v2\/types\/post"}],"author":[{"embeddable":true,"href":"https:\/\/agora.xtec.cat\/iesguindavols\/wp-json\/wp\/v2\/users\/6"}],"replies":[{"embeddable":true,"href":"https:\/\/agora.xtec.cat\/iesguindavols\/wp-json\/wp\/v2\/comments?post=68015"}],"version-history":[{"count":2,"href":"https:\/\/agora.xtec.cat\/iesguindavols\/wp-json\/wp\/v2\/posts\/68015\/revisions"}],"predecessor-version":[{"id":68019,"href":"https:\/\/agora.xtec.cat\/iesguindavols\/wp-json\/wp\/v2\/posts\/68015\/revisions\/68019"}],"wp:featuredmedia":[{"embeddable":true,"href":"https:\/\/agora.xtec.cat\/iesguindavols\/wp-json\/wp\/v2\/media\/68017"}],"wp:attachment":[{"href":"https:\/\/agora.xtec.cat\/iesguindavols\/wp-json\/wp\/v2\/media?parent=68015"}],"wp:term":[{"taxonomy":"category","embeddable":true,"href":"https:\/\/agora.xtec.cat\/iesguindavols\/wp-json\/wp\/v2\/categories?post=68015"},{"taxonomy":"post_tag","embeddable":true,"href":"https:\/\/agora.xtec.cat\/iesguindavols\/wp-json\/wp\/v2\/tags?post=68015"}],"curies":[{"name":"wp","href":"https:\/\/api.w.org\/{rel}","templated":true}]}}