{"id":67942,"date":"2022-05-23T11:37:26","date_gmt":"2022-05-23T09:37:26","guid":{"rendered":"https:\/\/agora.xtec.cat\/iesguindavols\/?p=67942"},"modified":"2023-06-21T11:39:33","modified_gmt":"2023-06-21T09:39:33","slug":"quin-curs-el-2021-22","status":"publish","type":"post","link":"https:\/\/agora.xtec.cat\/iesguindavols\/general\/quin-curs-el-2021-22\/","title":{"rendered":"Quin curs, el 2021-22!"},"content":{"rendered":"<p><a href=\"https:\/\/agora.xtec.cat\/iesguindavols\/wp-content\/uploads\/usu2923\/2023\/06\/collage-1200x500_c.png\"><img loading=\"lazy\" decoding=\"async\" class=\"alignnone size-full wp-image-67943\" src=\"https:\/\/agora.xtec.cat\/iesguindavols\/wp-content\/uploads\/usu2923\/2023\/06\/collage-1200x500_c.png\" alt=\"\" width=\"1200\" height=\"500\" srcset=\"https:\/\/agora.xtec.cat\/iesguindavols\/wp-content\/uploads\/usu2923\/2023\/06\/collage-1200x500_c.png 1200w, https:\/\/agora.xtec.cat\/iesguindavols\/wp-content\/uploads\/usu2923\/2023\/06\/collage-1200x500_c-300x125.png 300w, https:\/\/agora.xtec.cat\/iesguindavols\/wp-content\/uploads\/usu2923\/2023\/06\/collage-1200x500_c-1024x427.png 1024w, https:\/\/agora.xtec.cat\/iesguindavols\/wp-content\/uploads\/usu2923\/2023\/06\/collage-1200x500_c-768x320.png 768w\" sizes=\"auto, (max-width: 1200px) 100vw, 1200px\" \/><\/a><\/p>\n<p>En comen\u00e7ar aquest curs semblava que podia ser com un m\u00e9s de tants que en portem a l\u2019esquena, doncs no: vam comen\u00e7ar amb mascareta i restriccions, prou divertit, no?<\/p>\n<p>L\u2019alumnat mantenint encara grups bombolla, el professorat ben protegit per les vacunes i les FFP2, els contagis ara pujant, ara baixant, i enmig de tot aquest enrenou al departament de Llengua Catalana i Castellana s\u2019hi presentaven novetats!<\/p>\n<p>Tot comen\u00e7ava al setembre quan el\u00a0<strong>Daniel Gil<\/strong>, professor de Llengua i Literatura Castellanes i \u00e0nima del Teatre de Guind\u00e0vols, ens anunciava que es jubilava aquell mateix mes!<\/p>\n<p>Pensant-ho fredament, prou que s\u2019ho havia guanyat, ja que era el 1993 quan hi arribava per ocupar la seva pla\u00e7a de docent que ha mantingut fins a aquest curs. De forma molt creativa, s\u2019ha passat tota una una vida ensenyant a les aules del nostre institut i movent-se per l\u2019escenari amb armilla i barret de copa.<\/p>\n<p>Primer ensurt, per\u00f2 ja diuen que no n\u2019hi ha un sense dos! De molt a prop el va seguir la\u00a0<strong>Marga Latorre<\/strong>, professora de Llengua i Literatura Catalanes, que aquest gener tamb\u00e9 deixava la seva feina de docent.<\/p>\n<p>Companya nostra en diferents moments de la seva carrera professional, com el Daniel, abocada a l\u2019alumnat i a la promoci\u00f3 acad\u00e8mica i personal de les seves tutories. Sempre riallera i alegre, generosa en el treball com la que m\u00e9s, recorrent els passadissos amunt i avall, donant un cop de m\u00e0 sense condicions a qui ho necessit\u00e9s, carregada de papers, exercicis, redaccions\u2026 i algun gomet!<\/p>\n<p>Per\u00f2, quan ja semblava que ens recuper\u00e0vem del segon ensurt, i amb nom\u00e9s una setmana de difer\u00e8ncia, s\u2019acomiada tamb\u00e9 la\u00a0<strong>Sefa Salvador<\/strong>: ja ho diuen que no n\u2019hi ha dos sense tres!<\/p>\n<p>A aquestes al\u00e7ades de la pel\u00b7l\u00edcula (gaireb\u00e9 de terror!) ens pens\u00e0vem que havia arribat una passa que no podr\u00edem deturar! I \u00e9s que la Sefa ja portava un grapat d\u2019anys amb nosaltres. El seu bon tarann\u00e0, el seu car\u00e0cter alegre i la passi\u00f3 per l\u2019ensenyament s\u00f3n la seva carta de presentaci\u00f3; i els llibres i el gust per la lectura els seus pilars. Per\u00f2 com molt b\u00e9 sabem tamb\u00e9 t\u00e9 uns quants cops amagats: les manualitats i la rebosteria. A l\u2019institut n\u2019hem tret profit ben sovint: en moments ben assenyalats, un coc, un arbre florit, un tap\u00eds o una pedra ens han acompanyat.<\/p>\n<p>Aix\u00ed doncs, creiem que \u00e9s l\u00edcit i de bones persones fer extensiu el nostre agra\u00efment cap al nostre amic i les nostres amigues, tot recordant la part del cam\u00ed que hem tingut la sort de compartir. Celebrem la seva mestria que ens ha ajudat a millorar el nostre paper com a docents i persones.<\/p>\n<p>Daniel, Sefa i Marga, tant el nostre departament com la resta del centre, us agra\u00efm la vostra tasca, el vostre saber i coneixement i, tamb\u00e9, la vostra disposici\u00f3 incondicional en favor de la lectura, la llengua i l\u2019amor a la cultura que heu tram\u00e8s a tot el nostre alumnat.<\/p>\n","protected":false},"excerpt":{"rendered":"<p><a href=\"https:\/\/agora.xtec.cat\/iesguindavols\/wp-content\/uploads\/usu2923\/2023\/06\/collage-1200x500_c.png\"><\/a><br \/>\nEn comen\u00e7ar aquest curs semblava que podia ser com un m\u00e9s de tants que en portem a l\u2019esquena, doncs no: vam comen\u00e7ar amb mascareta i restriccions, prou divertit, no?<br \/>\nL\u2019alumnat mantenint encara grups bombolla, el professorat ben protegit per les vacunes i les FFP2, els&hellip;  <a href=\"https:\/\/agora.xtec.cat\/iesguindavols\/general\/quin-curs-el-2021-22\/\" title=\"Read Quin curs, el 2021-22!\">Llegeix m\u00e9s\u00bb<\/a><\/p>\n","protected":false},"author":6,"featured_media":67943,"comment_status":"open","ping_status":"closed","sticky":false,"template":"","format":"standard","meta":{"_bbp_topic_count":0,"_bbp_reply_count":0,"_bbp_total_topic_count":0,"_bbp_total_reply_count":0,"_bbp_voice_count":0,"_bbp_anonymous_reply_count":0,"_bbp_topic_count_hidden":0,"_bbp_reply_count_hidden":0,"_bbp_forum_subforum_count":0,"footnotes":""},"categories":[107,251,1,143,144,29],"tags":[],"class_list":["post-67942","post","type-post","status-publish","format-standard","has-post-thumbnail","hentry","category-centre","category-education-2","category-general","category-noticies","category-novetats","category-portada"],"post_mailing_queue_ids":[],"_links":{"self":[{"href":"https:\/\/agora.xtec.cat\/iesguindavols\/wp-json\/wp\/v2\/posts\/67942","targetHints":{"allow":["GET"]}}],"collection":[{"href":"https:\/\/agora.xtec.cat\/iesguindavols\/wp-json\/wp\/v2\/posts"}],"about":[{"href":"https:\/\/agora.xtec.cat\/iesguindavols\/wp-json\/wp\/v2\/types\/post"}],"author":[{"embeddable":true,"href":"https:\/\/agora.xtec.cat\/iesguindavols\/wp-json\/wp\/v2\/users\/6"}],"replies":[{"embeddable":true,"href":"https:\/\/agora.xtec.cat\/iesguindavols\/wp-json\/wp\/v2\/comments?post=67942"}],"version-history":[{"count":2,"href":"https:\/\/agora.xtec.cat\/iesguindavols\/wp-json\/wp\/v2\/posts\/67942\/revisions"}],"predecessor-version":[{"id":67945,"href":"https:\/\/agora.xtec.cat\/iesguindavols\/wp-json\/wp\/v2\/posts\/67942\/revisions\/67945"}],"wp:featuredmedia":[{"embeddable":true,"href":"https:\/\/agora.xtec.cat\/iesguindavols\/wp-json\/wp\/v2\/media\/67943"}],"wp:attachment":[{"href":"https:\/\/agora.xtec.cat\/iesguindavols\/wp-json\/wp\/v2\/media?parent=67942"}],"wp:term":[{"taxonomy":"category","embeddable":true,"href":"https:\/\/agora.xtec.cat\/iesguindavols\/wp-json\/wp\/v2\/categories?post=67942"},{"taxonomy":"post_tag","embeddable":true,"href":"https:\/\/agora.xtec.cat\/iesguindavols\/wp-json\/wp\/v2\/tags?post=67942"}],"curies":[{"name":"wp","href":"https:\/\/api.w.org\/{rel}","templated":true}]}}