{"id":67913,"date":"2022-06-01T10:55:18","date_gmt":"2022-06-01T08:55:18","guid":{"rendered":"https:\/\/agora.xtec.cat\/iesguindavols\/?p=67913"},"modified":"2023-06-21T10:58:16","modified_gmt":"2023-06-21T08:58:16","slug":"premi-dinnovacio-pel-projecte-daula-en-realitat-virtual-de-refrigeracio-industrial","status":"publish","type":"post","link":"https:\/\/agora.xtec.cat\/iesguindavols\/general\/premi-dinnovacio-pel-projecte-daula-en-realitat-virtual-de-refrigeracio-industrial\/","title":{"rendered":"Premi d\u2019innovaci\u00f3 pel projecte d\u2019aula en realitat virtual de refrigeraci\u00f3 industrial"},"content":{"rendered":"<p><a href=\"https:\/\/agora.xtec.cat\/iesguindavols\/wp-content\/uploads\/usu2923\/2023\/06\/WhatsApp-Image-2022-06-01-at-15.13.01-1200x500_c.jpeg\"><img loading=\"lazy\" decoding=\"async\" class=\"alignnone size-full wp-image-67916\" src=\"https:\/\/agora.xtec.cat\/iesguindavols\/wp-content\/uploads\/usu2923\/2023\/06\/WhatsApp-Image-2022-06-01-at-15.13.01-1200x500_c.jpeg\" alt=\"\" width=\"1200\" height=\"500\" srcset=\"https:\/\/agora.xtec.cat\/iesguindavols\/wp-content\/uploads\/usu2923\/2023\/06\/WhatsApp-Image-2022-06-01-at-15.13.01-1200x500_c.jpeg 1200w, https:\/\/agora.xtec.cat\/iesguindavols\/wp-content\/uploads\/usu2923\/2023\/06\/WhatsApp-Image-2022-06-01-at-15.13.01-1200x500_c-300x125.jpeg 300w, https:\/\/agora.xtec.cat\/iesguindavols\/wp-content\/uploads\/usu2923\/2023\/06\/WhatsApp-Image-2022-06-01-at-15.13.01-1200x500_c-1024x427.jpeg 1024w, https:\/\/agora.xtec.cat\/iesguindavols\/wp-content\/uploads\/usu2923\/2023\/06\/WhatsApp-Image-2022-06-01-at-15.13.01-1200x500_c-768x320.jpeg 768w\" sizes=\"auto, (max-width: 1200px) 100vw, 1200px\" \/><\/a><\/p>\n<p>AEFYT (Asociaci\u00f3n de Empresas del Fr\u00edo y sus Tecnologias) ha otorgat el premi 2021 a la innovaci\u00f3 en el sector de la refrigeraci\u00f3 al projecte \u201cAula de Realitat Virtual per a la formaci\u00f3 en Instal\u00b7lacions de Refrigeraci\u00f3 Industrial amb Amon\u00edac\u201d desenvolupat a l\u2019Institut Guind\u00e0vols.<\/p>\n<p>El premi va ser lliurat el passat 17 de maig a \u201cLa Casa Encendida\u201d de Madrid en el marc de les jornades t\u00e8cniques anuals d\u2019AEFYT.<\/p>\n<p>El projecte, beneficiari de les ajudes a projectes d\u2019innovaci\u00f3 del Ministeri d\u2019Educaci\u00f3 i Formaci\u00f3 Professional i del Fons Social Europeu, ha desenvolupat un entorn en realitat virtual on es pot dur a terme aprenentatges pr\u00e0ctics en sistemes de refrigeraci\u00f3 industrial amb refrigerants naturals de forma segura.<\/p>\n<p><a href=\"https:\/\/agora.xtec.cat\/iesguindavols\/wp-content\/uploads\/usu2923\/2023\/06\/WhatsApp-Image-2022-06-01-at-15.13.01-4.jpeg\"><img loading=\"lazy\" decoding=\"async\" class=\"alignnone size-full wp-image-67915\" src=\"https:\/\/agora.xtec.cat\/iesguindavols\/wp-content\/uploads\/usu2923\/2023\/06\/WhatsApp-Image-2022-06-01-at-15.13.01-4.jpeg\" alt=\"\" width=\"1024\" height=\"768\" srcset=\"https:\/\/agora.xtec.cat\/iesguindavols\/wp-content\/uploads\/usu2923\/2023\/06\/WhatsApp-Image-2022-06-01-at-15.13.01-4.jpeg 1024w, https:\/\/agora.xtec.cat\/iesguindavols\/wp-content\/uploads\/usu2923\/2023\/06\/WhatsApp-Image-2022-06-01-at-15.13.01-4-300x225.jpeg 300w, https:\/\/agora.xtec.cat\/iesguindavols\/wp-content\/uploads\/usu2923\/2023\/06\/WhatsApp-Image-2022-06-01-at-15.13.01-4-768x576.jpeg 768w, https:\/\/agora.xtec.cat\/iesguindavols\/wp-content\/uploads\/usu2923\/2023\/06\/WhatsApp-Image-2022-06-01-at-15.13.01-4-200x150.jpeg 200w\" sizes=\"auto, (max-width: 1024px) 100vw, 1024px\" \/><\/a><\/p>\n<p><a href=\"https:\/\/agora.xtec.cat\/iesguindavols\/wp-content\/uploads\/usu2923\/2023\/06\/WhatsApp-Image-2022-06-01-at-15.13.01-3-1.jpeg\"><img loading=\"lazy\" decoding=\"async\" class=\"alignnone size-full wp-image-67914\" src=\"https:\/\/agora.xtec.cat\/iesguindavols\/wp-content\/uploads\/usu2923\/2023\/06\/WhatsApp-Image-2022-06-01-at-15.13.01-3-1.jpeg\" alt=\"\" width=\"1024\" height=\"768\" srcset=\"https:\/\/agora.xtec.cat\/iesguindavols\/wp-content\/uploads\/usu2923\/2023\/06\/WhatsApp-Image-2022-06-01-at-15.13.01-3-1.jpeg 1024w, https:\/\/agora.xtec.cat\/iesguindavols\/wp-content\/uploads\/usu2923\/2023\/06\/WhatsApp-Image-2022-06-01-at-15.13.01-3-1-300x225.jpeg 300w, https:\/\/agora.xtec.cat\/iesguindavols\/wp-content\/uploads\/usu2923\/2023\/06\/WhatsApp-Image-2022-06-01-at-15.13.01-3-1-768x576.jpeg 768w, https:\/\/agora.xtec.cat\/iesguindavols\/wp-content\/uploads\/usu2923\/2023\/06\/WhatsApp-Image-2022-06-01-at-15.13.01-3-1-200x150.jpeg 200w\" sizes=\"auto, (max-width: 1024px) 100vw, 1024px\" \/><\/a><\/p>\n","protected":false},"excerpt":{"rendered":"<p><a href=\"https:\/\/agora.xtec.cat\/iesguindavols\/wp-content\/uploads\/usu2923\/2023\/06\/WhatsApp-Image-2022-06-01-at-15.13.01-1200x500_c.jpeg\"><\/a><br \/>\nAEFYT (Asociaci\u00f3n de Empresas del Fr\u00edo y sus Tecnologias) ha otorgat el premi 2021 a la innovaci\u00f3 en el sector de la refrigeraci\u00f3 al projecte \u201cAula de Realitat Virtual per a la formaci\u00f3 en Instal\u00b7lacions de Refrigeraci\u00f3 Industrial amb Amon\u00edac\u201d desenvolupat a l\u2019Institut Guind\u00e0vols.<br \/>\nEl&hellip;  <a href=\"https:\/\/agora.xtec.cat\/iesguindavols\/general\/premi-dinnovacio-pel-projecte-daula-en-realitat-virtual-de-refrigeracio-industrial\/\" title=\"Read Premi d\u2019innovaci\u00f3 pel projecte d\u2019aula en realitat virtual de refrigeraci\u00f3 industrial\">Llegeix m\u00e9s\u00bb<\/a><\/p>\n","protected":false},"author":6,"featured_media":67916,"comment_status":"open","ping_status":"closed","sticky":false,"template":"","format":"standard","meta":{"_bbp_topic_count":0,"_bbp_reply_count":0,"_bbp_total_topic_count":0,"_bbp_total_reply_count":0,"_bbp_voice_count":0,"_bbp_anonymous_reply_count":0,"_bbp_topic_count_hidden":0,"_bbp_reply_count_hidden":0,"_bbp_forum_subforum_count":0,"footnotes":""},"categories":[109,107,122,123,30,179,180,160,1,124,125,126,127,128,143,144,29],"tags":[],"class_list":["post-67913","post","type-post","status-publish","format-standard","has-post-thumbnail","hentry","category-activitats","category-centre","category-cf-grau-mitja","category-cf-grau-superior","category-cicles-formatius","category-familia-professional-de-fabricacio-mecanica","category-tecnic-en-mecanitzacio","category-tecnic-superior-en-programacio-de-la-produccio-en-fabricacio-mecanica","category-general","category-tecnic-en-manteniment-electromecanic","category-tecnic-en-installacions-de-produccio-de-calor","category-tecnic-en-installacions-frigorifiques-i-de-climatitzacio","category-tecnic-superior-en-manteniment-dinstallacions-termiques-i-de-fluids","category-familia-professional-dinstallacio-i-manteniment","category-noticies","category-novetats","category-portada"],"post_mailing_queue_ids":[],"_links":{"self":[{"href":"https:\/\/agora.xtec.cat\/iesguindavols\/wp-json\/wp\/v2\/posts\/67913","targetHints":{"allow":["GET"]}}],"collection":[{"href":"https:\/\/agora.xtec.cat\/iesguindavols\/wp-json\/wp\/v2\/posts"}],"about":[{"href":"https:\/\/agora.xtec.cat\/iesguindavols\/wp-json\/wp\/v2\/types\/post"}],"author":[{"embeddable":true,"href":"https:\/\/agora.xtec.cat\/iesguindavols\/wp-json\/wp\/v2\/users\/6"}],"replies":[{"embeddable":true,"href":"https:\/\/agora.xtec.cat\/iesguindavols\/wp-json\/wp\/v2\/comments?post=67913"}],"version-history":[{"count":2,"href":"https:\/\/agora.xtec.cat\/iesguindavols\/wp-json\/wp\/v2\/posts\/67913\/revisions"}],"predecessor-version":[{"id":67918,"href":"https:\/\/agora.xtec.cat\/iesguindavols\/wp-json\/wp\/v2\/posts\/67913\/revisions\/67918"}],"wp:featuredmedia":[{"embeddable":true,"href":"https:\/\/agora.xtec.cat\/iesguindavols\/wp-json\/wp\/v2\/media\/67916"}],"wp:attachment":[{"href":"https:\/\/agora.xtec.cat\/iesguindavols\/wp-json\/wp\/v2\/media?parent=67913"}],"wp:term":[{"taxonomy":"category","embeddable":true,"href":"https:\/\/agora.xtec.cat\/iesguindavols\/wp-json\/wp\/v2\/categories?post=67913"},{"taxonomy":"post_tag","embeddable":true,"href":"https:\/\/agora.xtec.cat\/iesguindavols\/wp-json\/wp\/v2\/tags?post=67913"}],"curies":[{"name":"wp","href":"https:\/\/api.w.org\/{rel}","templated":true}]}}