{"id":67902,"date":"2022-06-02T10:52:07","date_gmt":"2022-06-02T08:52:07","guid":{"rendered":"https:\/\/agora.xtec.cat\/iesguindavols\/?p=67902"},"modified":"2023-06-21T10:54:49","modified_gmt":"2023-06-21T08:54:49","slug":"2n-concurs-dillustracio-de-poemes","status":"publish","type":"post","link":"https:\/\/agora.xtec.cat\/iesguindavols\/general\/2n-concurs-dillustracio-de-poemes\/","title":{"rendered":"2n Concurs d\u2019il\u00b7lustraci\u00f3 de poemes"},"content":{"rendered":"<p><a href=\"https:\/\/agora.xtec.cat\/iesguindavols\/wp-content\/uploads\/usu2923\/2023\/06\/1r-premi_3r-ESO-B-1200x500_c.jpg\"><img loading=\"lazy\" decoding=\"async\" class=\"alignnone size-full wp-image-67905\" src=\"https:\/\/agora.xtec.cat\/iesguindavols\/wp-content\/uploads\/usu2923\/2023\/06\/1r-premi_3r-ESO-B-1200x500_c.jpg\" alt=\"\" width=\"1200\" height=\"500\" srcset=\"https:\/\/agora.xtec.cat\/iesguindavols\/wp-content\/uploads\/usu2923\/2023\/06\/1r-premi_3r-ESO-B-1200x500_c.jpg 1200w, https:\/\/agora.xtec.cat\/iesguindavols\/wp-content\/uploads\/usu2923\/2023\/06\/1r-premi_3r-ESO-B-1200x500_c-300x125.jpg 300w, https:\/\/agora.xtec.cat\/iesguindavols\/wp-content\/uploads\/usu2923\/2023\/06\/1r-premi_3r-ESO-B-1200x500_c-1024x427.jpg 1024w, https:\/\/agora.xtec.cat\/iesguindavols\/wp-content\/uploads\/usu2923\/2023\/06\/1r-premi_3r-ESO-B-1200x500_c-768x320.jpg 768w\" sizes=\"auto, (max-width: 1200px) 100vw, 1200px\" \/><\/a><\/p>\n<p>El dia de Sant Jordi tots els grups de l\u2019ESO van participar en un concurs on posaven a prova la seva sensibilitat. Van comen\u00e7ar amb el treball d\u2019un poema, del qual calia que copsessin el sentit, els matisos literaris que amagava, les met\u00e0fores, els s\u00edmbols amb qu\u00e8 estava creat. A continuaci\u00f3, venia la part pl\u00e0stica, la representaci\u00f3 d\u2019aquest missatge po\u00e8tic gr\u00e0ficament, servint-se de pintures, papers de colors i altres elements que hi volguessin aportar.<\/p>\n<p>Finalment, despr\u00e9s que el jurat emet\u00e9s el seu veredicte, el resultat ha estat el seg\u00fcent:<\/p>\n<p><strong>\u2013 En 1r lloc:\u00a0<\/strong>3r ESO B amb el poema\u00a0<em>Amo l\u2019aroma\u00a0<\/em>de Joan Salvat-Papasseit.<\/p>\n<p>\u2013\u00a0<strong>En 2n lloc:<\/strong>\u00a02n ESO A amb el poema\u00a0<em>Avui, sabeu? les fades i les bruixes s\u2019estimen\u00a0<\/em>de<em>\u00a0<\/em>M. Merc\u00e8 Mar\u00e7al.<\/p>\n<p>\u2013<strong>En 3r lloc:<\/strong>\u00a01r ESO C amb el poema\u00a0<em>Sant Jordi\u00a0<\/em>de Joana Raspall .<\/p>\n<p>&nbsp;<\/p>\n<p>Felicitem tots els grups participants per la bona feina que van fer i tamb\u00e9 el professorat que els va guiar.<\/p>\n<p><a href=\"https:\/\/agora.xtec.cat\/iesguindavols\/wp-content\/uploads\/usu2923\/2023\/06\/2n-premi_2n-ESO-A-1024x497-1.jpg\"><img loading=\"lazy\" decoding=\"async\" class=\"alignnone size-full wp-image-67906\" src=\"https:\/\/agora.xtec.cat\/iesguindavols\/wp-content\/uploads\/usu2923\/2023\/06\/2n-premi_2n-ESO-A-1024x497-1.jpg\" alt=\"\" width=\"1024\" height=\"497\" srcset=\"https:\/\/agora.xtec.cat\/iesguindavols\/wp-content\/uploads\/usu2923\/2023\/06\/2n-premi_2n-ESO-A-1024x497-1.jpg 1024w, https:\/\/agora.xtec.cat\/iesguindavols\/wp-content\/uploads\/usu2923\/2023\/06\/2n-premi_2n-ESO-A-1024x497-1-300x146.jpg 300w, https:\/\/agora.xtec.cat\/iesguindavols\/wp-content\/uploads\/usu2923\/2023\/06\/2n-premi_2n-ESO-A-1024x497-1-768x373.jpg 768w\" sizes=\"auto, (max-width: 1024px) 100vw, 1024px\" \/><\/a><\/p>\n<p><a href=\"https:\/\/agora.xtec.cat\/iesguindavols\/wp-content\/uploads\/usu2923\/2023\/06\/3r-premi_1r-ESO-C-1024x392-1.jpg\"><img loading=\"lazy\" decoding=\"async\" class=\"alignnone size-full wp-image-67907\" src=\"https:\/\/agora.xtec.cat\/iesguindavols\/wp-content\/uploads\/usu2923\/2023\/06\/3r-premi_1r-ESO-C-1024x392-1.jpg\" alt=\"\" width=\"1024\" height=\"392\" srcset=\"https:\/\/agora.xtec.cat\/iesguindavols\/wp-content\/uploads\/usu2923\/2023\/06\/3r-premi_1r-ESO-C-1024x392-1.jpg 1024w, https:\/\/agora.xtec.cat\/iesguindavols\/wp-content\/uploads\/usu2923\/2023\/06\/3r-premi_1r-ESO-C-1024x392-1-300x115.jpg 300w, https:\/\/agora.xtec.cat\/iesguindavols\/wp-content\/uploads\/usu2923\/2023\/06\/3r-premi_1r-ESO-C-1024x392-1-768x294.jpg 768w\" sizes=\"auto, (max-width: 1024px) 100vw, 1024px\" \/><\/a><\/p>\n","protected":false},"excerpt":{"rendered":"<p><a href=\"https:\/\/agora.xtec.cat\/iesguindavols\/wp-content\/uploads\/usu2923\/2023\/06\/1r-premi_3r-ESO-B-1200x500_c.jpg\"><\/a><br \/>\nEl dia de Sant Jordi tots els grups de l\u2019ESO van participar en un concurs on posaven a prova la seva sensibilitat. Van comen\u00e7ar amb el treball d\u2019un poema, del qual calia que copsessin el sentit, els matisos literaris que amagava, les met\u00e0fores, els&hellip;  <a href=\"https:\/\/agora.xtec.cat\/iesguindavols\/general\/2n-concurs-dillustracio-de-poemes\/\" title=\"Read 2n Concurs d\u2019il\u00b7lustraci\u00f3 de poemes\">Llegeix m\u00e9s\u00bb<\/a><\/p>\n","protected":false},"author":6,"featured_media":67905,"comment_status":"open","ping_status":"closed","sticky":false,"template":"","format":"standard","meta":{"_bbp_topic_count":0,"_bbp_reply_count":0,"_bbp_total_topic_count":0,"_bbp_total_reply_count":0,"_bbp_voice_count":0,"_bbp_anonymous_reply_count":0,"_bbp_topic_count_hidden":0,"_bbp_reply_count_hidden":0,"_bbp_forum_subforum_count":0,"footnotes":""},"categories":[109,107,251,110,1,143,144,29],"tags":[],"class_list":["post-67902","post","type-post","status-publish","format-standard","has-post-thumbnail","hentry","category-activitats","category-centre","category-education-2","category-eso-al-guindavols","category-general","category-noticies","category-novetats","category-portada"],"post_mailing_queue_ids":[],"_links":{"self":[{"href":"https:\/\/agora.xtec.cat\/iesguindavols\/wp-json\/wp\/v2\/posts\/67902","targetHints":{"allow":["GET"]}}],"collection":[{"href":"https:\/\/agora.xtec.cat\/iesguindavols\/wp-json\/wp\/v2\/posts"}],"about":[{"href":"https:\/\/agora.xtec.cat\/iesguindavols\/wp-json\/wp\/v2\/types\/post"}],"author":[{"embeddable":true,"href":"https:\/\/agora.xtec.cat\/iesguindavols\/wp-json\/wp\/v2\/users\/6"}],"replies":[{"embeddable":true,"href":"https:\/\/agora.xtec.cat\/iesguindavols\/wp-json\/wp\/v2\/comments?post=67902"}],"version-history":[{"count":3,"href":"https:\/\/agora.xtec.cat\/iesguindavols\/wp-json\/wp\/v2\/posts\/67902\/revisions"}],"predecessor-version":[{"id":67912,"href":"https:\/\/agora.xtec.cat\/iesguindavols\/wp-json\/wp\/v2\/posts\/67902\/revisions\/67912"}],"wp:featuredmedia":[{"embeddable":true,"href":"https:\/\/agora.xtec.cat\/iesguindavols\/wp-json\/wp\/v2\/media\/67905"}],"wp:attachment":[{"href":"https:\/\/agora.xtec.cat\/iesguindavols\/wp-json\/wp\/v2\/media?parent=67902"}],"wp:term":[{"taxonomy":"category","embeddable":true,"href":"https:\/\/agora.xtec.cat\/iesguindavols\/wp-json\/wp\/v2\/categories?post=67902"},{"taxonomy":"post_tag","embeddable":true,"href":"https:\/\/agora.xtec.cat\/iesguindavols\/wp-json\/wp\/v2\/tags?post=67902"}],"curies":[{"name":"wp","href":"https:\/\/api.w.org\/{rel}","templated":true}]}}