{"id":67863,"date":"2022-06-13T10:39:24","date_gmt":"2022-06-13T08:39:24","guid":{"rendered":"https:\/\/agora.xtec.cat\/iesguindavols\/?p=67863"},"modified":"2023-06-21T10:40:38","modified_gmt":"2023-06-21T08:40:38","slug":"visita-a-lleida-radio-ua1","status":"publish","type":"post","link":"https:\/\/agora.xtec.cat\/iesguindavols\/general\/visita-a-lleida-radio-ua1\/","title":{"rendered":"VISITA A LLEIDA R\u00c0DIO UA1"},"content":{"rendered":"<p><a href=\"https:\/\/agora.xtec.cat\/iesguindavols\/wp-content\/uploads\/usu2923\/2023\/06\/IMG_9472-1200x500_c.jpg\"><img loading=\"lazy\" decoding=\"async\" class=\"alignnone size-full wp-image-67864\" src=\"https:\/\/agora.xtec.cat\/iesguindavols\/wp-content\/uploads\/usu2923\/2023\/06\/IMG_9472-1200x500_c.jpg\" alt=\"\" width=\"1200\" height=\"500\" srcset=\"https:\/\/agora.xtec.cat\/iesguindavols\/wp-content\/uploads\/usu2923\/2023\/06\/IMG_9472-1200x500_c.jpg 1200w, https:\/\/agora.xtec.cat\/iesguindavols\/wp-content\/uploads\/usu2923\/2023\/06\/IMG_9472-1200x500_c-300x125.jpg 300w, https:\/\/agora.xtec.cat\/iesguindavols\/wp-content\/uploads\/usu2923\/2023\/06\/IMG_9472-1200x500_c-1024x427.jpg 1024w, https:\/\/agora.xtec.cat\/iesguindavols\/wp-content\/uploads\/usu2923\/2023\/06\/IMG_9472-1200x500_c-768x320.jpg 768w\" sizes=\"auto, (max-width: 1200px) 100vw, 1200px\" \/><\/a><\/p>\n<p>Aquest mat\u00ed hem visitat l\u2019emissora de\u00a0<strong>Lleida R\u00e0dio UA1<\/strong>\u00a0amb l\u2019alumnat de 1r de batxillerat que ha participat en el viatge a Pozzallo (It\u00e0lia) per tal d\u2019explicar el projecte\u00a0<strong>Erasmus+ Smart Mobility 2.0<\/strong>\u201c.<\/p>\n<p>El conductor del programa els ha deixat explicar a la Paula G\u00f3mez, a la Ivet G\u00fcell , al Joan Pardell i a la Rosa Borrell quines han estat les seves impressions del viatge, els seus records i la seva col\u00b7laboraci\u00f3 en el projecte.<\/p>\n<p>El seu treball va comen\u00e7ar amb una investigaci\u00f3 del cl\u00e0ssic Erat\u00f2stenes i el c\u00e0lcul del radi de la Terra i va continuar amb la preindustrialitzaci\u00f3, l\u2019era moderna i el futur a l\u2019espai.<\/p>\n<p>A Pozzallo, v\u00e0rem presentar tots els projectes duts a terme, aix\u00ed com el model de l\u2019 \u201cEuropean Moon House\u201d, possible futur habitatge a la Lluna, i el MetroMinute de la ciutat de Lleida.<\/p>\n<p>Molt bona feina!! Congratulations!!!<\/p>\n\r\n\t<div class=\"slideshow_container slideshow_container_style-light\" style=\"height: 300px; \" data-slideshow-id=\"67866\" data-style-name=\"style-light\" data-style-version=\"2.3.1\" >\r\n\r\n\t\t\t\t\t<div class=\"slideshow_loading_icon\"><\/div>\r\n\t\t\r\n\t\t<div class=\"slideshow_content\" style=\"display: none;\">\r\n\r\n\t\t\t<div class=\"slideshow_view\">\r\n\t\t\t\t<div class=\"slideshow_slide slideshow_slide_image\">\r\n\t\t\t\t\t\t\t\t\t\t\t<img src=\"https:\/\/agora.xtec.cat\/iesguindavols\/wp-content\/uploads\/usu2923\/2023\/06\/IMG_9472.jpg-nggid0521789-ngg0dyn-240x160x100-00f0w010c011r110f110r010t010.jpg\" alt=\"IMG_9472.jpg-nggid0521789-ngg0dyn-240x160x100-00f0w010c011r110f110r010t010\" width=\"240\" height=\"160\" \/>\r\n\t\t\t\t\t\t\t\t\t\t<div class=\"slideshow_description_box slideshow_transparent\">\r\n\t\t\t\t\t\t\t\t\t\t\t\t\t\t\t\t\t<\/div>\r\n\t\t\t\t<\/div>\r\n\r\n\t\t\t\t\t\t<div style=\"clear: both;\"><\/div><\/div><div class=\"slideshow_view\">\r\n\t\t\t\t<div class=\"slideshow_slide slideshow_slide_image\">\r\n\t\t\t\t\t\t\t\t\t\t\t<img src=\"https:\/\/agora.xtec.cat\/iesguindavols\/wp-content\/uploads\/usu2923\/2023\/06\/IMG_9469.jpg-nggid0521788-ngg0dyn-240x160x100-00f0w010c011r110f110r010t010.jpg\" alt=\"IMG_9469.jpg-nggid0521788-ngg0dyn-240x160x100-00f0w010c011r110f110r010t010\" width=\"240\" height=\"160\" \/>\r\n\t\t\t\t\t\t\t\t\t\t<div class=\"slideshow_description_box slideshow_transparent\">\r\n\t\t\t\t\t\t\t\t\t\t\t\t\t\t\t\t\t<\/div>\r\n\t\t\t\t<\/div>\r\n\r\n\t\t\t\t\t\t<div style=\"clear: both;\"><\/div><\/div><div class=\"slideshow_view\">\r\n\t\t\t\t<div class=\"slideshow_slide slideshow_slide_image\">\r\n\t\t\t\t\t\t\t\t\t\t\t<img src=\"https:\/\/agora.xtec.cat\/iesguindavols\/wp-content\/uploads\/usu2923\/2023\/06\/IMG_9468.jpg-nggid0521787-ngg0dyn-240x160x100-00f0w010c011r110f110r010t010.jpg\" alt=\"IMG_9468.jpg-nggid0521787-ngg0dyn-240x160x100-00f0w010c011r110f110r010t010\" width=\"240\" height=\"160\" \/>\r\n\t\t\t\t\t\t\t\t\t\t<div class=\"slideshow_description_box slideshow_transparent\">\r\n\t\t\t\t\t\t\t\t\t\t\t\t\t\t\t\t\t<\/div>\r\n\t\t\t\t<\/div>\r\n\r\n\t\t\t\t\t\t<div style=\"clear: both;\"><\/div><\/div><div class=\"slideshow_view\">\r\n\t\t\t\t<div class=\"slideshow_slide slideshow_slide_image\">\r\n\t\t\t\t\t\t\t\t\t\t\t<img src=\"https:\/\/agora.xtec.cat\/iesguindavols\/wp-content\/uploads\/usu2923\/2023\/06\/IMG_9467.jpg-nggid0521786-ngg0dyn-240x160x100-00f0w010c011r110f110r010t010.jpg\" alt=\"IMG_9467.jpg-nggid0521786-ngg0dyn-240x160x100-00f0w010c011r110f110r010t010\" width=\"240\" height=\"160\" \/>\r\n\t\t\t\t\t\t\t\t\t\t<div class=\"slideshow_description_box slideshow_transparent\">\r\n\t\t\t\t\t\t\t\t\t\t\t\t\t\t\t\t\t<\/div>\r\n\t\t\t\t<\/div>\r\n\r\n\t\t\t\t\t\t<div style=\"clear: both;\"><\/div><\/div><div class=\"slideshow_view\">\r\n\t\t\t\t<div class=\"slideshow_slide slideshow_slide_image\">\r\n\t\t\t\t\t\t\t\t\t\t\t<img src=\"https:\/\/agora.xtec.cat\/iesguindavols\/wp-content\/uploads\/usu2923\/2023\/06\/IMG_9464.jpg-nggid0521785-ngg0dyn-240x160x100-00f0w010c011r110f110r010t010.jpg\" alt=\"IMG_9464.jpg-nggid0521785-ngg0dyn-240x160x100-00f0w010c011r110f110r010t010\" width=\"240\" height=\"160\" \/>\r\n\t\t\t\t\t\t\t\t\t\t<div class=\"slideshow_description_box slideshow_transparent\">\r\n\t\t\t\t\t\t\t\t\t\t\t\t\t\t\t\t\t<\/div>\r\n\t\t\t\t<\/div>\r\n\r\n\t\t\t\t\t\t<div style=\"clear: both;\"><\/div><\/div><div class=\"slideshow_view\">\r\n\t\t\t\t<div class=\"slideshow_slide slideshow_slide_image\">\r\n\t\t\t\t\t\t\t\t\t\t\t<img src=\"https:\/\/agora.xtec.cat\/iesguindavols\/wp-content\/uploads\/usu2923\/2023\/06\/IMG_9463.jpg-nggid0521784-ngg0dyn-240x160x100-00f0w010c011r110f110r010t010.jpg\" alt=\"IMG_9463.jpg-nggid0521784-ngg0dyn-240x160x100-00f0w010c011r110f110r010t010\" width=\"240\" height=\"160\" \/>\r\n\t\t\t\t\t\t\t\t\t\t<div class=\"slideshow_description_box slideshow_transparent\">\r\n\t\t\t\t\t\t\t\t\t\t\t\t\t\t\t\t\t<\/div>\r\n\t\t\t\t<\/div>\r\n\r\n\t\t\t\t\t\t<div style=\"clear: both;\"><\/div><\/div>\r\n\t\t<\/div>\r\n\r\n\t\t<div class=\"slideshow_controlPanel slideshow_transparent\" style=\"display: none;\"><ul><li class=\"slideshow_togglePlay\" data-play-text=\"Visualitza\" data-pause-text=\"Pausa\"><\/li><\/ul><\/div>\r\n\r\n\t\t<div class=\"slideshow_button slideshow_previous slideshow_transparent\" role=\"button\" data-previous-text=\"Anterior\" style=\"display: none;\"><\/div>\r\n\t\t<div class=\"slideshow_button slideshow_next slideshow_transparent\" role=\"button\" data-next-text=\"Seg\u00fcent\" style=\"display: none;\"><\/div>\r\n\r\n\t\t<div class=\"slideshow_pagination\" style=\"display: none;\" data-go-to-text=\"V\u00e9s a la diapositiva\"><div class=\"slideshow_pagination_center\"><\/div><\/div>\r\n\r\n\t\t<!-- WordPress Slideshow Version 2.3.1 -->\r\n\r\n\t\t\t<\/div>\r\n\r\n\n","protected":false},"excerpt":{"rendered":"<p><a href=\"https:\/\/agora.xtec.cat\/iesguindavols\/wp-content\/uploads\/usu2923\/2023\/06\/IMG_9472-1200x500_c.jpg\"><\/a><br \/>\nAquest mat\u00ed hem visitat l\u2019emissora de\u00a0Lleida R\u00e0dio UA1\u00a0amb l\u2019alumnat de 1r de batxillerat que ha participat en el viatge a Pozzallo (It\u00e0lia) per tal d\u2019explicar el projecte\u00a0Erasmus+ Smart Mobility 2.0\u201c.<br \/>\nEl conductor del programa els ha deixat explicar a la Paula G\u00f3mez, a la Ivet&hellip;  <a href=\"https:\/\/agora.xtec.cat\/iesguindavols\/general\/visita-a-lleida-radio-ua1\/\" title=\"Read VISITA A LLEIDA R\u00c0DIO UA1\">Llegeix m\u00e9s\u00bb<\/a><\/p>\n","protected":false},"author":6,"featured_media":67864,"comment_status":"open","ping_status":"closed","sticky":false,"template":"","format":"standard","meta":{"_bbp_topic_count":0,"_bbp_reply_count":0,"_bbp_total_topic_count":0,"_bbp_total_reply_count":0,"_bbp_voice_count":0,"_bbp_anonymous_reply_count":0,"_bbp_topic_count_hidden":0,"_bbp_reply_count_hidden":0,"_bbp_forum_subforum_count":0,"footnotes":""},"categories":[109,164,8,107,281,1,143,144,29],"tags":[],"class_list":["post-67863","post","type-post","status-publish","format-standard","has-post-thumbnail","hentry","category-activitats","category-angles","category-batxillerat","category-centre","category-erasmus","category-general","category-noticies","category-novetats","category-portada"],"post_mailing_queue_ids":[],"_links":{"self":[{"href":"https:\/\/agora.xtec.cat\/iesguindavols\/wp-json\/wp\/v2\/posts\/67863","targetHints":{"allow":["GET"]}}],"collection":[{"href":"https:\/\/agora.xtec.cat\/iesguindavols\/wp-json\/wp\/v2\/posts"}],"about":[{"href":"https:\/\/agora.xtec.cat\/iesguindavols\/wp-json\/wp\/v2\/types\/post"}],"author":[{"embeddable":true,"href":"https:\/\/agora.xtec.cat\/iesguindavols\/wp-json\/wp\/v2\/users\/6"}],"replies":[{"embeddable":true,"href":"https:\/\/agora.xtec.cat\/iesguindavols\/wp-json\/wp\/v2\/comments?post=67863"}],"version-history":[{"count":3,"href":"https:\/\/agora.xtec.cat\/iesguindavols\/wp-json\/wp\/v2\/posts\/67863\/revisions"}],"predecessor-version":[{"id":67874,"href":"https:\/\/agora.xtec.cat\/iesguindavols\/wp-json\/wp\/v2\/posts\/67863\/revisions\/67874"}],"wp:featuredmedia":[{"embeddable":true,"href":"https:\/\/agora.xtec.cat\/iesguindavols\/wp-json\/wp\/v2\/media\/67864"}],"wp:attachment":[{"href":"https:\/\/agora.xtec.cat\/iesguindavols\/wp-json\/wp\/v2\/media?parent=67863"}],"wp:term":[{"taxonomy":"category","embeddable":true,"href":"https:\/\/agora.xtec.cat\/iesguindavols\/wp-json\/wp\/v2\/categories?post=67863"},{"taxonomy":"post_tag","embeddable":true,"href":"https:\/\/agora.xtec.cat\/iesguindavols\/wp-json\/wp\/v2\/tags?post=67863"}],"curies":[{"name":"wp","href":"https:\/\/api.w.org\/{rel}","templated":true}]}}