{"id":67814,"date":"2022-07-01T10:09:01","date_gmt":"2022-07-01T08:09:01","guid":{"rendered":"https:\/\/agora.xtec.cat\/iesguindavols\/?p=67814"},"modified":"2023-06-21T10:16:21","modified_gmt":"2023-06-21T08:16:21","slug":"3-premis-en-les-olimpiades-de-la-udl","status":"publish","type":"post","link":"https:\/\/agora.xtec.cat\/iesguindavols\/general\/3-premis-en-les-olimpiades-de-la-udl\/","title":{"rendered":"3 premis en les Olimp\u00edades de la UdL!"},"content":{"rendered":"<p><a href=\"https:\/\/agora.xtec.cat\/iesguindavols\/wp-content\/uploads\/usu2923\/2023\/06\/C9BDB818-D86B-4241-8357-9D29D41133BD-1200x500_c.jpeg\"><img loading=\"lazy\" decoding=\"async\" class=\"alignnone size-full wp-image-67815\" src=\"https:\/\/agora.xtec.cat\/iesguindavols\/wp-content\/uploads\/usu2923\/2023\/06\/C9BDB818-D86B-4241-8357-9D29D41133BD-1200x500_c.jpeg\" alt=\"\" width=\"1200\" height=\"500\" srcset=\"https:\/\/agora.xtec.cat\/iesguindavols\/wp-content\/uploads\/usu2923\/2023\/06\/C9BDB818-D86B-4241-8357-9D29D41133BD-1200x500_c.jpeg 1200w, https:\/\/agora.xtec.cat\/iesguindavols\/wp-content\/uploads\/usu2923\/2023\/06\/C9BDB818-D86B-4241-8357-9D29D41133BD-1200x500_c-300x125.jpeg 300w, https:\/\/agora.xtec.cat\/iesguindavols\/wp-content\/uploads\/usu2923\/2023\/06\/C9BDB818-D86B-4241-8357-9D29D41133BD-1200x500_c-1024x427.jpeg 1024w, https:\/\/agora.xtec.cat\/iesguindavols\/wp-content\/uploads\/usu2923\/2023\/06\/C9BDB818-D86B-4241-8357-9D29D41133BD-1200x500_c-768x320.jpeg 768w\" sizes=\"auto, (max-width: 1200px) 100vw, 1200px\" \/><\/a><\/p>\n<p>El dilluns 20 de juny de 2022 va tenir lloc l\u2019acte de lliurament de premis de les Olimp\u00edades de la UdL.<\/p>\n<p>Els 2n i 3r premis de Geologia van ser per a Yassin Tanane i J\u00falia Chinch\u00f3, alumnat de CTMA de 1r i 2n de batxillerat. Mentre que el 2n premi de Geografia va ser per Jara Lupi\u00e1\u00f1ez, alumna de 2n de batxillerat. Felicitacions a tots\/es 3!<\/p>\n<p><a href=\"https:\/\/agora.xtec.cat\/iesguindavols\/wp-content\/uploads\/usu2923\/2023\/06\/4A9700E3-252C-4614-8392-BFC4BF1ADBF9-1024x692-1.jpeg\"><img loading=\"lazy\" decoding=\"async\" class=\"alignnone size-full wp-image-67816\" src=\"https:\/\/agora.xtec.cat\/iesguindavols\/wp-content\/uploads\/usu2923\/2023\/06\/4A9700E3-252C-4614-8392-BFC4BF1ADBF9-1024x692-1.jpeg\" alt=\"\" width=\"1024\" height=\"692\" srcset=\"https:\/\/agora.xtec.cat\/iesguindavols\/wp-content\/uploads\/usu2923\/2023\/06\/4A9700E3-252C-4614-8392-BFC4BF1ADBF9-1024x692-1.jpeg 1024w, https:\/\/agora.xtec.cat\/iesguindavols\/wp-content\/uploads\/usu2923\/2023\/06\/4A9700E3-252C-4614-8392-BFC4BF1ADBF9-1024x692-1-300x203.jpeg 300w, https:\/\/agora.xtec.cat\/iesguindavols\/wp-content\/uploads\/usu2923\/2023\/06\/4A9700E3-252C-4614-8392-BFC4BF1ADBF9-1024x692-1-768x519.jpeg 768w\" sizes=\"auto, (max-width: 1024px) 100vw, 1024px\" \/><\/a><\/p>\n<p>D\u2019esquerra a dreta, Josep Benseny (professor de Geografia), Jara Lupi\u00e1\u00f1ez, Yassin Tanane, Merc\u00e8 del Barrio (professora de Ci\u00e8ncies de la Terra i el Medi Ambient, J\u00falia Chinch\u00f3 i Juanjo Gonz\u00e0lez, director del centre.<\/p>\n<table style=\"border-collapse: collapse; width: 100%;\">\n<tbody>\n<tr>\n<td style=\"width: 33.3333%; border-color: #ffffff;\"><a href=\"https:\/\/agora.xtec.cat\/iesguindavols\/wp-content\/uploads\/usu2923\/2023\/06\/A24901DF-6636-4BC0-94CD-CBC27CD9EA11-1024x712-1.jpeg\"><img loading=\"lazy\" decoding=\"async\" class=\"alignnone size-full wp-image-67818\" src=\"https:\/\/agora.xtec.cat\/iesguindavols\/wp-content\/uploads\/usu2923\/2023\/06\/A24901DF-6636-4BC0-94CD-CBC27CD9EA11-1024x712-1.jpeg\" alt=\"\" width=\"1024\" height=\"712\" srcset=\"https:\/\/agora.xtec.cat\/iesguindavols\/wp-content\/uploads\/usu2923\/2023\/06\/A24901DF-6636-4BC0-94CD-CBC27CD9EA11-1024x712-1.jpeg 1024w, https:\/\/agora.xtec.cat\/iesguindavols\/wp-content\/uploads\/usu2923\/2023\/06\/A24901DF-6636-4BC0-94CD-CBC27CD9EA11-1024x712-1-300x209.jpeg 300w, https:\/\/agora.xtec.cat\/iesguindavols\/wp-content\/uploads\/usu2923\/2023\/06\/A24901DF-6636-4BC0-94CD-CBC27CD9EA11-1024x712-1-768x534.jpeg 768w\" sizes=\"auto, (max-width: 1024px) 100vw, 1024px\" \/><\/a><\/td>\n<td style=\"width: 33.3333%; border-color: #ffffff;\"><a href=\"https:\/\/agora.xtec.cat\/iesguindavols\/wp-content\/uploads\/usu2923\/2023\/06\/8A9697EE-8983-4678-AF72-65D859F74E0A-1024x641-2.jpeg\"><img loading=\"lazy\" decoding=\"async\" class=\"alignnone wp-image-67819\" src=\"https:\/\/agora.xtec.cat\/iesguindavols\/wp-content\/uploads\/usu2923\/2023\/06\/8A9697EE-8983-4678-AF72-65D859F74E0A-1024x641-2.jpeg\" alt=\"\" width=\"225\" height=\"141\" srcset=\"https:\/\/agora.xtec.cat\/iesguindavols\/wp-content\/uploads\/usu2923\/2023\/06\/8A9697EE-8983-4678-AF72-65D859F74E0A-1024x641-2.jpeg 1024w, https:\/\/agora.xtec.cat\/iesguindavols\/wp-content\/uploads\/usu2923\/2023\/06\/8A9697EE-8983-4678-AF72-65D859F74E0A-1024x641-2-300x188.jpeg 300w, https:\/\/agora.xtec.cat\/iesguindavols\/wp-content\/uploads\/usu2923\/2023\/06\/8A9697EE-8983-4678-AF72-65D859F74E0A-1024x641-2-768x481.jpeg 768w\" sizes=\"auto, (max-width: 225px) 100vw, 225px\" \/><\/a><\/td>\n<td style=\"width: 33.3333%; border-color: #ffffff;\"><a href=\"https:\/\/agora.xtec.cat\/iesguindavols\/wp-content\/uploads\/usu2923\/2023\/06\/58902BA5-4FC7-4CC2-9C3D-7E3C0C62F215-1024x856-1.jpeg\"><img loading=\"lazy\" decoding=\"async\" class=\"alignnone wp-image-67820\" src=\"https:\/\/agora.xtec.cat\/iesguindavols\/wp-content\/uploads\/usu2923\/2023\/06\/58902BA5-4FC7-4CC2-9C3D-7E3C0C62F215-1024x856-1.jpeg\" alt=\"\" width=\"200\" height=\"167\" srcset=\"https:\/\/agora.xtec.cat\/iesguindavols\/wp-content\/uploads\/usu2923\/2023\/06\/58902BA5-4FC7-4CC2-9C3D-7E3C0C62F215-1024x856-1.jpeg 1024w, https:\/\/agora.xtec.cat\/iesguindavols\/wp-content\/uploads\/usu2923\/2023\/06\/58902BA5-4FC7-4CC2-9C3D-7E3C0C62F215-1024x856-1-300x250.jpeg 300w, https:\/\/agora.xtec.cat\/iesguindavols\/wp-content\/uploads\/usu2923\/2023\/06\/58902BA5-4FC7-4CC2-9C3D-7E3C0C62F215-1024x856-1-768x642.jpeg 768w\" sizes=\"auto, (max-width: 200px) 100vw, 200px\" \/><\/a><\/td>\n<\/tr>\n<\/tbody>\n<\/table>\n<p><iframe loading=\"lazy\" title=\"La UdL lliura els premis al millor estudiantat de les diferents Olimp\u00edades de les Ci\u00e8ncies 2022\" width=\"500\" height=\"281\" src=\"https:\/\/www.youtube.com\/embed\/3vcRLCCRyjw?feature=oembed\" frameborder=\"0\" allow=\"accelerometer; autoplay; clipboard-write; encrypted-media; gyroscope; picture-in-picture; web-share\" referrerpolicy=\"strict-origin-when-cross-origin\" allowfullscreen><\/iframe><\/p>\n<p><a href=\"https:\/\/agora.xtec.cat\/iesguindavols\/wp-content\/uploads\/usu2923\/2023\/06\/0AA79075-1FB0-4B33-8F48-E08E90D9C606.jpeg\"><img loading=\"lazy\" decoding=\"async\" class=\"alignnone size-full wp-image-67821\" src=\"https:\/\/agora.xtec.cat\/iesguindavols\/wp-content\/uploads\/usu2923\/2023\/06\/0AA79075-1FB0-4B33-8F48-E08E90D9C606.jpeg\" alt=\"\" width=\"930\" height=\"620\" srcset=\"https:\/\/agora.xtec.cat\/iesguindavols\/wp-content\/uploads\/usu2923\/2023\/06\/0AA79075-1FB0-4B33-8F48-E08E90D9C606.jpeg 930w, https:\/\/agora.xtec.cat\/iesguindavols\/wp-content\/uploads\/usu2923\/2023\/06\/0AA79075-1FB0-4B33-8F48-E08E90D9C606-300x200.jpeg 300w, https:\/\/agora.xtec.cat\/iesguindavols\/wp-content\/uploads\/usu2923\/2023\/06\/0AA79075-1FB0-4B33-8F48-E08E90D9C606-768x512.jpeg 768w\" sizes=\"auto, (max-width: 930px) 100vw, 930px\" \/><\/a><\/p>\n<p>&nbsp;<\/p>\n","protected":false},"excerpt":{"rendered":"<p><a href=\"https:\/\/agora.xtec.cat\/iesguindavols\/wp-content\/uploads\/usu2923\/2023\/06\/C9BDB818-D86B-4241-8357-9D29D41133BD-1200x500_c.jpeg\"><\/a><br \/>\nEl dilluns 20 de juny de 2022 va tenir lloc l\u2019acte de lliurament de premis de les Olimp\u00edades de la UdL.<br \/>\nEls 2n i 3r premis de Geologia van ser per a Yassin Tanane i J\u00falia Chinch\u00f3, alumnat de CTMA de 1r i 2n de&hellip;  <a href=\"https:\/\/agora.xtec.cat\/iesguindavols\/general\/3-premis-en-les-olimpiades-de-la-udl\/\" title=\"Read 3 premis en les Olimp\u00edades de la UdL!\">Llegeix m\u00e9s\u00bb<\/a><\/p>\n","protected":false},"author":6,"featured_media":67815,"comment_status":"open","ping_status":"closed","sticky":false,"template":"","format":"standard","meta":{"_bbp_topic_count":0,"_bbp_reply_count":0,"_bbp_total_topic_count":0,"_bbp_total_reply_count":0,"_bbp_voice_count":0,"_bbp_anonymous_reply_count":0,"_bbp_topic_count_hidden":0,"_bbp_reply_count_hidden":0,"_bbp_forum_subforum_count":0,"footnotes":""},"categories":[109,8,107,1,143,144,29],"tags":[],"class_list":["post-67814","post","type-post","status-publish","format-standard","has-post-thumbnail","hentry","category-activitats","category-batxillerat","category-centre","category-general","category-noticies","category-novetats","category-portada"],"post_mailing_queue_ids":[],"_links":{"self":[{"href":"https:\/\/agora.xtec.cat\/iesguindavols\/wp-json\/wp\/v2\/posts\/67814","targetHints":{"allow":["GET"]}}],"collection":[{"href":"https:\/\/agora.xtec.cat\/iesguindavols\/wp-json\/wp\/v2\/posts"}],"about":[{"href":"https:\/\/agora.xtec.cat\/iesguindavols\/wp-json\/wp\/v2\/types\/post"}],"author":[{"embeddable":true,"href":"https:\/\/agora.xtec.cat\/iesguindavols\/wp-json\/wp\/v2\/users\/6"}],"replies":[{"embeddable":true,"href":"https:\/\/agora.xtec.cat\/iesguindavols\/wp-json\/wp\/v2\/comments?post=67814"}],"version-history":[{"count":3,"href":"https:\/\/agora.xtec.cat\/iesguindavols\/wp-json\/wp\/v2\/posts\/67814\/revisions"}],"predecessor-version":[{"id":67823,"href":"https:\/\/agora.xtec.cat\/iesguindavols\/wp-json\/wp\/v2\/posts\/67814\/revisions\/67823"}],"wp:featuredmedia":[{"embeddable":true,"href":"https:\/\/agora.xtec.cat\/iesguindavols\/wp-json\/wp\/v2\/media\/67815"}],"wp:attachment":[{"href":"https:\/\/agora.xtec.cat\/iesguindavols\/wp-json\/wp\/v2\/media?parent=67814"}],"wp:term":[{"taxonomy":"category","embeddable":true,"href":"https:\/\/agora.xtec.cat\/iesguindavols\/wp-json\/wp\/v2\/categories?post=67814"},{"taxonomy":"post_tag","embeddable":true,"href":"https:\/\/agora.xtec.cat\/iesguindavols\/wp-json\/wp\/v2\/tags?post=67814"}],"curies":[{"name":"wp","href":"https:\/\/api.w.org\/{rel}","templated":true}]}}