{"id":67796,"date":"2022-07-03T09:52:46","date_gmt":"2022-07-03T07:52:46","guid":{"rendered":"https:\/\/agora.xtec.cat\/iesguindavols\/?p=67796"},"modified":"2023-06-21T10:00:16","modified_gmt":"2023-06-21T08:00:16","slug":"joves-talents-de-catalunya","status":"publish","type":"post","link":"https:\/\/agora.xtec.cat\/iesguindavols\/general\/joves-talents-de-catalunya\/","title":{"rendered":"Joves Talents de Catalunya"},"content":{"rendered":"<p><a href=\"https:\/\/agora.xtec.cat\/iesguindavols\/wp-content\/uploads\/usu2923\/2023\/06\/679825E9-D90B-4C8B-B119-540DA7790B65-1200x500_c.jpeg\"><img loading=\"lazy\" decoding=\"async\" class=\"alignnone size-full wp-image-67802\" src=\"https:\/\/agora.xtec.cat\/iesguindavols\/wp-content\/uploads\/usu2923\/2023\/06\/679825E9-D90B-4C8B-B119-540DA7790B65-1200x500_c.jpeg\" alt=\"\" width=\"1200\" height=\"500\" srcset=\"https:\/\/agora.xtec.cat\/iesguindavols\/wp-content\/uploads\/usu2923\/2023\/06\/679825E9-D90B-4C8B-B119-540DA7790B65-1200x500_c.jpeg 1200w, https:\/\/agora.xtec.cat\/iesguindavols\/wp-content\/uploads\/usu2923\/2023\/06\/679825E9-D90B-4C8B-B119-540DA7790B65-1200x500_c-300x125.jpeg 300w, https:\/\/agora.xtec.cat\/iesguindavols\/wp-content\/uploads\/usu2923\/2023\/06\/679825E9-D90B-4C8B-B119-540DA7790B65-1200x500_c-1024x427.jpeg 1024w, https:\/\/agora.xtec.cat\/iesguindavols\/wp-content\/uploads\/usu2923\/2023\/06\/679825E9-D90B-4C8B-B119-540DA7790B65-1200x500_c-768x320.jpeg 768w\" sizes=\"auto, (max-width: 1200px) 100vw, 1200px\" \/><\/a><\/p>\n<p>Paula Pijuan i Yassin Tanane han estat seleccionats per participar en el F\u00d2RUM de Joves Talents de Catalunya 2022 que s\u2019ha celebrat a Berga, del 29 de juny al 2 de juliol de 2022.<\/p>\n<p><a href=\"https:\/\/agora.xtec.cat\/iesguindavols\/wp-content\/uploads\/usu2923\/2023\/06\/948BF662-B99F-41EC-A929-BA2133E593C3.jpeg\"><img loading=\"lazy\" decoding=\"async\" class=\"alignnone size-full wp-image-67801\" src=\"https:\/\/agora.xtec.cat\/iesguindavols\/wp-content\/uploads\/usu2923\/2023\/06\/948BF662-B99F-41EC-A929-BA2133E593C3.jpeg\" alt=\"\" width=\"961\" height=\"924\" srcset=\"https:\/\/agora.xtec.cat\/iesguindavols\/wp-content\/uploads\/usu2923\/2023\/06\/948BF662-B99F-41EC-A929-BA2133E593C3.jpeg 961w, https:\/\/agora.xtec.cat\/iesguindavols\/wp-content\/uploads\/usu2923\/2023\/06\/948BF662-B99F-41EC-A929-BA2133E593C3-300x288.jpeg 300w, https:\/\/agora.xtec.cat\/iesguindavols\/wp-content\/uploads\/usu2923\/2023\/06\/948BF662-B99F-41EC-A929-BA2133E593C3-768x738.jpeg 768w\" sizes=\"auto, (max-width: 961px) 100vw, 961px\" \/><\/a><\/p>\n<p><a href=\"https:\/\/agora.xtec.cat\/iesguindavols\/wp-content\/uploads\/usu2923\/2023\/06\/687D4A3A-7D15-43E1-B6B4-E6F654CD5C2E.jpeg\"><img loading=\"lazy\" decoding=\"async\" class=\"alignnone size-full wp-image-67800\" src=\"https:\/\/agora.xtec.cat\/iesguindavols\/wp-content\/uploads\/usu2923\/2023\/06\/687D4A3A-7D15-43E1-B6B4-E6F654CD5C2E.jpeg\" alt=\"\" width=\"1187\" height=\"807\" srcset=\"https:\/\/agora.xtec.cat\/iesguindavols\/wp-content\/uploads\/usu2923\/2023\/06\/687D4A3A-7D15-43E1-B6B4-E6F654CD5C2E.jpeg 1187w, https:\/\/agora.xtec.cat\/iesguindavols\/wp-content\/uploads\/usu2923\/2023\/06\/687D4A3A-7D15-43E1-B6B4-E6F654CD5C2E-300x204.jpeg 300w, https:\/\/agora.xtec.cat\/iesguindavols\/wp-content\/uploads\/usu2923\/2023\/06\/687D4A3A-7D15-43E1-B6B4-E6F654CD5C2E-1024x696.jpeg 1024w, https:\/\/agora.xtec.cat\/iesguindavols\/wp-content\/uploads\/usu2923\/2023\/06\/687D4A3A-7D15-43E1-B6B4-E6F654CD5C2E-768x522.jpeg 768w\" sizes=\"auto, (max-width: 1187px) 100vw, 1187px\" \/><\/a><\/p>\n<p><a href=\"https:\/\/agora.xtec.cat\/iesguindavols\/wp-content\/uploads\/usu2923\/2023\/06\/0AB35F25-5251-4070-91FD-3C7BD947297C.jpeg\"><img loading=\"lazy\" decoding=\"async\" class=\"alignnone size-full wp-image-67797\" src=\"https:\/\/agora.xtec.cat\/iesguindavols\/wp-content\/uploads\/usu2923\/2023\/06\/0AB35F25-5251-4070-91FD-3C7BD947297C.jpeg\" alt=\"\" width=\"722\" height=\"730\" srcset=\"https:\/\/agora.xtec.cat\/iesguindavols\/wp-content\/uploads\/usu2923\/2023\/06\/0AB35F25-5251-4070-91FD-3C7BD947297C.jpeg 722w, https:\/\/agora.xtec.cat\/iesguindavols\/wp-content\/uploads\/usu2923\/2023\/06\/0AB35F25-5251-4070-91FD-3C7BD947297C-297x300.jpeg 297w\" sizes=\"auto, (max-width: 722px) 100vw, 722px\" \/><\/a><\/p>\n<p>Segons paraules de la pr\u00f2pia Paula: \u201cLa veritat \u00e9s que m\u2019ha agradat molt\u00edssim aquesta experi\u00e8ncia, ho he disfrutat un munt i he apr\u00e8s molt. He fet amics de tota Catalunya i espero conservar-los. De veritat que no m\u2019ho podria haver passat millor, moltes gr\u00e0cies per donar-me aquesta oportunitat!!!\u201d<\/p>\n<table style=\"border-collapse: collapse; width: 100%;\">\n<tbody>\n<tr>\n<td style=\"width: 50%; border-color: #ffffff;\"><a href=\"https:\/\/agora.xtec.cat\/iesguindavols\/wp-content\/uploads\/usu2923\/2023\/06\/9A93CD7B-4606-4024-B60B-D8F69C13D032.jpeg\"><img loading=\"lazy\" decoding=\"async\" class=\"alignnone size-full wp-image-67798\" src=\"https:\/\/agora.xtec.cat\/iesguindavols\/wp-content\/uploads\/usu2923\/2023\/06\/9A93CD7B-4606-4024-B60B-D8F69C13D032.jpeg\" alt=\"\" width=\"768\" height=\"1024\" srcset=\"https:\/\/agora.xtec.cat\/iesguindavols\/wp-content\/uploads\/usu2923\/2023\/06\/9A93CD7B-4606-4024-B60B-D8F69C13D032.jpeg 768w, https:\/\/agora.xtec.cat\/iesguindavols\/wp-content\/uploads\/usu2923\/2023\/06\/9A93CD7B-4606-4024-B60B-D8F69C13D032-225x300.jpeg 225w\" sizes=\"auto, (max-width: 768px) 100vw, 768px\" \/><\/a><\/td>\n<td style=\"width: 50%; border-color: #ffffff;\"><a href=\"https:\/\/agora.xtec.cat\/iesguindavols\/wp-content\/uploads\/usu2923\/2023\/06\/527F9175-28CF-49F2-9EF8-9EBA58E0275A.jpeg\"><img loading=\"lazy\" decoding=\"async\" class=\"alignnone  wp-image-67799\" src=\"https:\/\/agora.xtec.cat\/iesguindavols\/wp-content\/uploads\/usu2923\/2023\/06\/527F9175-28CF-49F2-9EF8-9EBA58E0275A.jpeg\" alt=\"\" width=\"342\" height=\"329\" srcset=\"https:\/\/agora.xtec.cat\/iesguindavols\/wp-content\/uploads\/usu2923\/2023\/06\/527F9175-28CF-49F2-9EF8-9EBA58E0275A.jpeg 1281w, https:\/\/agora.xtec.cat\/iesguindavols\/wp-content\/uploads\/usu2923\/2023\/06\/527F9175-28CF-49F2-9EF8-9EBA58E0275A-300x288.jpeg 300w, https:\/\/agora.xtec.cat\/iesguindavols\/wp-content\/uploads\/usu2923\/2023\/06\/527F9175-28CF-49F2-9EF8-9EBA58E0275A-1024x984.jpeg 1024w, https:\/\/agora.xtec.cat\/iesguindavols\/wp-content\/uploads\/usu2923\/2023\/06\/527F9175-28CF-49F2-9EF8-9EBA58E0275A-768x738.jpeg 768w\" sizes=\"auto, (max-width: 342px) 100vw, 342px\" \/><\/a><\/td>\n<\/tr>\n<\/tbody>\n<\/table>\n","protected":false},"excerpt":{"rendered":"<p><a href=\"https:\/\/agora.xtec.cat\/iesguindavols\/wp-content\/uploads\/usu2923\/2023\/06\/679825E9-D90B-4C8B-B119-540DA7790B65-1200x500_c.jpeg\"><\/a><br \/>\nPaula Pijuan i Yassin Tanane han estat seleccionats per participar en el F\u00d2RUM de Joves Talents de Catalunya 2022 que s\u2019ha celebrat a Berga, del 29 de juny al 2 de juliol de 2022.<br \/>\n<a href=\"https:\/\/agora.xtec.cat\/iesguindavols\/wp-content\/uploads\/usu2923\/2023\/06\/948BF662-B99F-41EC-A929-BA2133E593C3.jpeg\"><\/a><br \/>\n<a href=\"https:\/\/agora.xtec.cat\/iesguindavols\/wp-content\/uploads\/usu2923\/2023\/06\/687D4A3A-7D15-43E1-B6B4-E6F654CD5C2E.jpeg\"><\/a><br \/>\n<a href=\"https:\/\/agora.xtec.cat\/iesguindavols\/wp-content\/uploads\/usu2923\/2023\/06\/0AB35F25-5251-4070-91FD-3C7BD947297C.jpeg\"><\/a><br \/>\nSegons paraules de la pr\u00f2pia Paula: \u201cLa veritat&hellip;  <a href=\"https:\/\/agora.xtec.cat\/iesguindavols\/general\/joves-talents-de-catalunya\/\" title=\"Read Joves Talents de Catalunya\">Llegeix m\u00e9s\u00bb<\/a><\/p>\n","protected":false},"author":6,"featured_media":67802,"comment_status":"open","ping_status":"closed","sticky":false,"template":"","format":"standard","meta":{"_bbp_topic_count":0,"_bbp_reply_count":0,"_bbp_total_topic_count":0,"_bbp_total_reply_count":0,"_bbp_voice_count":0,"_bbp_anonymous_reply_count":0,"_bbp_topic_count_hidden":0,"_bbp_reply_count_hidden":0,"_bbp_forum_subforum_count":0,"footnotes":""},"categories":[109,8,107,110,1,143,144,29],"tags":[],"class_list":["post-67796","post","type-post","status-publish","format-standard","has-post-thumbnail","hentry","category-activitats","category-batxillerat","category-centre","category-eso-al-guindavols","category-general","category-noticies","category-novetats","category-portada"],"post_mailing_queue_ids":[],"_links":{"self":[{"href":"https:\/\/agora.xtec.cat\/iesguindavols\/wp-json\/wp\/v2\/posts\/67796","targetHints":{"allow":["GET"]}}],"collection":[{"href":"https:\/\/agora.xtec.cat\/iesguindavols\/wp-json\/wp\/v2\/posts"}],"about":[{"href":"https:\/\/agora.xtec.cat\/iesguindavols\/wp-json\/wp\/v2\/types\/post"}],"author":[{"embeddable":true,"href":"https:\/\/agora.xtec.cat\/iesguindavols\/wp-json\/wp\/v2\/users\/6"}],"replies":[{"embeddable":true,"href":"https:\/\/agora.xtec.cat\/iesguindavols\/wp-json\/wp\/v2\/comments?post=67796"}],"version-history":[{"count":2,"href":"https:\/\/agora.xtec.cat\/iesguindavols\/wp-json\/wp\/v2\/posts\/67796\/revisions"}],"predecessor-version":[{"id":67804,"href":"https:\/\/agora.xtec.cat\/iesguindavols\/wp-json\/wp\/v2\/posts\/67796\/revisions\/67804"}],"wp:featuredmedia":[{"embeddable":true,"href":"https:\/\/agora.xtec.cat\/iesguindavols\/wp-json\/wp\/v2\/media\/67802"}],"wp:attachment":[{"href":"https:\/\/agora.xtec.cat\/iesguindavols\/wp-json\/wp\/v2\/media?parent=67796"}],"wp:term":[{"taxonomy":"category","embeddable":true,"href":"https:\/\/agora.xtec.cat\/iesguindavols\/wp-json\/wp\/v2\/categories?post=67796"},{"taxonomy":"post_tag","embeddable":true,"href":"https:\/\/agora.xtec.cat\/iesguindavols\/wp-json\/wp\/v2\/tags?post=67796"}],"curies":[{"name":"wp","href":"https:\/\/api.w.org\/{rel}","templated":true}]}}