{"id":67789,"date":"2022-09-27T09:48:08","date_gmt":"2022-09-27T07:48:08","guid":{"rendered":"https:\/\/agora.xtec.cat\/iesguindavols\/?p=67789"},"modified":"2023-06-21T09:51:46","modified_gmt":"2023-06-21T07:51:46","slug":"lequinocci-de-tardor-a-guindavols","status":"publish","type":"post","link":"https:\/\/agora.xtec.cat\/iesguindavols\/general\/lequinocci-de-tardor-a-guindavols\/","title":{"rendered":"L\u2019Equinocci de tardor a Guind\u00e0vols"},"content":{"rendered":"<p><a href=\"https:\/\/agora.xtec.cat\/iesguindavols\/wp-content\/uploads\/usu2923\/2023\/06\/Equinocci2022-1r-batxillerat-1-e1664312630933-1200x500_c.jpg\"><img loading=\"lazy\" decoding=\"async\" class=\"alignnone size-full wp-image-67792\" src=\"https:\/\/agora.xtec.cat\/iesguindavols\/wp-content\/uploads\/usu2923\/2023\/06\/Equinocci2022-1r-batxillerat-1-e1664312630933-1200x500_c.jpg\" alt=\"\" width=\"1200\" height=\"500\" srcset=\"https:\/\/agora.xtec.cat\/iesguindavols\/wp-content\/uploads\/usu2923\/2023\/06\/Equinocci2022-1r-batxillerat-1-e1664312630933-1200x500_c.jpg 1200w, https:\/\/agora.xtec.cat\/iesguindavols\/wp-content\/uploads\/usu2923\/2023\/06\/Equinocci2022-1r-batxillerat-1-e1664312630933-1200x500_c-300x125.jpg 300w, https:\/\/agora.xtec.cat\/iesguindavols\/wp-content\/uploads\/usu2923\/2023\/06\/Equinocci2022-1r-batxillerat-1-e1664312630933-1200x500_c-1024x427.jpg 1024w, https:\/\/agora.xtec.cat\/iesguindavols\/wp-content\/uploads\/usu2923\/2023\/06\/Equinocci2022-1r-batxillerat-1-e1664312630933-1200x500_c-768x320.jpg 768w\" sizes=\"auto, (max-width: 1200px) 100vw, 1200px\" \/><\/a><\/p>\n<p>Com cada any, nom\u00e9s comen\u00e7ar el curs, celebrem l\u2019 arribada de l\u2019 equinocci de tardor. I tot all\u00f2 que hem fet ha sigut evidenciar d\u2019una manera pr\u00e0ctica el que succeeix, astron\u00f2micament parlant, aquest dia\u2026<br \/>\nHem constatat amb el model de la \u201cTerra paral\u00b7lela\u201d que la l\u00ednia de separaci\u00f3 entre el dia i la nit coincideix amb un meridi\u00e0. A una meitat de la Terra \u00e9s de dia, i a l\u2019altra meitat \u00e9s de nit.<br \/>\nA m\u00e9s, a tots els llocs de l\u2019Equador, l\u2019ombra d\u2019un gn\u00f2mon segueix la direcci\u00f3 del paral\u00b7lel. Aix\u00f2 \u00e9s com a conseq\u00fc\u00e8ncia del fet que el Sol, aquest dia, surt per l\u2019est i es despla\u00e7a per l\u2019Equador celeste fins que es pon per l\u2019oest.<br \/>\nTamb\u00e9 s\u2019ha pogut observar que al migdia solar un gn\u00f2mon no fa ombra a l\u2019Equador perqu\u00e8 el Sol est\u00e0 al zenit.<br \/>\nEn aquesta activitat hi ha participat l\u2019alumnat de 4t d\u2019ESO , 1r de Batxillerat i de cicles de grau mig de Formaci\u00f3 Professional.<br \/>\nAmb un gn\u00f2mon s\u2019 ha calculat l\u2019angle d\u2019 incid\u00e8ncia dels raigs del sol al migdia per poder fer una estimaci\u00f3 de la grand\u00e0ria de la Terra, tal com ho va fer, ja fa 2500 anys, el savi Erat\u00f3stenes..<\/p>\n<p><a href=\"https:\/\/agora.xtec.cat\/iesguindavols\/wp-content\/uploads\/usu2923\/2023\/06\/Equinocci2022.-4tESO.jpg\"><img loading=\"lazy\" decoding=\"async\" class=\"alignnone size-full wp-image-67790\" src=\"https:\/\/agora.xtec.cat\/iesguindavols\/wp-content\/uploads\/usu2923\/2023\/06\/Equinocci2022.-4tESO.jpg\" alt=\"\" width=\"1107\" height=\"830\" srcset=\"https:\/\/agora.xtec.cat\/iesguindavols\/wp-content\/uploads\/usu2923\/2023\/06\/Equinocci2022.-4tESO.jpg 1107w, https:\/\/agora.xtec.cat\/iesguindavols\/wp-content\/uploads\/usu2923\/2023\/06\/Equinocci2022.-4tESO-300x225.jpg 300w, https:\/\/agora.xtec.cat\/iesguindavols\/wp-content\/uploads\/usu2923\/2023\/06\/Equinocci2022.-4tESO-1024x768.jpg 1024w, https:\/\/agora.xtec.cat\/iesguindavols\/wp-content\/uploads\/usu2923\/2023\/06\/Equinocci2022.-4tESO-768x576.jpg 768w, https:\/\/agora.xtec.cat\/iesguindavols\/wp-content\/uploads\/usu2923\/2023\/06\/Equinocci2022.-4tESO-200x150.jpg 200w\" sizes=\"auto, (max-width: 1107px) 100vw, 1107px\" \/><\/a> <a href=\"https:\/\/agora.xtec.cat\/iesguindavols\/wp-content\/uploads\/usu2923\/2023\/06\/Equinocci2022-1r-batxillerat.jpg\"><img loading=\"lazy\" decoding=\"async\" class=\"alignnone size-full wp-image-67791\" src=\"https:\/\/agora.xtec.cat\/iesguindavols\/wp-content\/uploads\/usu2923\/2023\/06\/Equinocci2022-1r-batxillerat.jpg\" alt=\"\" width=\"1204\" height=\"903\" srcset=\"https:\/\/agora.xtec.cat\/iesguindavols\/wp-content\/uploads\/usu2923\/2023\/06\/Equinocci2022-1r-batxillerat.jpg 1204w, https:\/\/agora.xtec.cat\/iesguindavols\/wp-content\/uploads\/usu2923\/2023\/06\/Equinocci2022-1r-batxillerat-300x225.jpg 300w, https:\/\/agora.xtec.cat\/iesguindavols\/wp-content\/uploads\/usu2923\/2023\/06\/Equinocci2022-1r-batxillerat-1024x768.jpg 1024w, https:\/\/agora.xtec.cat\/iesguindavols\/wp-content\/uploads\/usu2923\/2023\/06\/Equinocci2022-1r-batxillerat-768x576.jpg 768w, https:\/\/agora.xtec.cat\/iesguindavols\/wp-content\/uploads\/usu2923\/2023\/06\/Equinocci2022-1r-batxillerat-200x150.jpg 200w\" sizes=\"auto, (max-width: 1204px) 100vw, 1204px\" \/><\/a><\/p>\n","protected":false},"excerpt":{"rendered":"<p><a href=\"https:\/\/agora.xtec.cat\/iesguindavols\/wp-content\/uploads\/usu2923\/2023\/06\/Equinocci2022-1r-batxillerat-1-e1664312630933-1200x500_c.jpg\"><\/a><br \/>\nCom cada any, nom\u00e9s comen\u00e7ar el curs, celebrem l\u2019 arribada de l\u2019 equinocci de tardor. I tot all\u00f2 que hem fet ha sigut evidenciar d\u2019una manera pr\u00e0ctica el que succeeix, astron\u00f2micament parlant, aquest dia\u2026<br \/>\nHem constatat amb el model de la \u201cTerra paral\u00b7lela\u201d que la&hellip;  <a href=\"https:\/\/agora.xtec.cat\/iesguindavols\/general\/lequinocci-de-tardor-a-guindavols\/\" title=\"Read L\u2019Equinocci de tardor a Guind\u00e0vols\">Llegeix m\u00e9s\u00bb<\/a><\/p>\n","protected":false},"author":6,"featured_media":67792,"comment_status":"open","ping_status":"closed","sticky":false,"template":"","format":"standard","meta":{"_bbp_topic_count":0,"_bbp_reply_count":0,"_bbp_total_topic_count":0,"_bbp_total_reply_count":0,"_bbp_voice_count":0,"_bbp_anonymous_reply_count":0,"_bbp_topic_count_hidden":0,"_bbp_reply_count_hidden":0,"_bbp_forum_subforum_count":0,"footnotes":""},"categories":[109,8,107,251,110,1,143,144,29],"tags":[],"class_list":["post-67789","post","type-post","status-publish","format-standard","has-post-thumbnail","hentry","category-activitats","category-batxillerat","category-centre","category-education-2","category-eso-al-guindavols","category-general","category-noticies","category-novetats","category-portada"],"post_mailing_queue_ids":[],"_links":{"self":[{"href":"https:\/\/agora.xtec.cat\/iesguindavols\/wp-json\/wp\/v2\/posts\/67789","targetHints":{"allow":["GET"]}}],"collection":[{"href":"https:\/\/agora.xtec.cat\/iesguindavols\/wp-json\/wp\/v2\/posts"}],"about":[{"href":"https:\/\/agora.xtec.cat\/iesguindavols\/wp-json\/wp\/v2\/types\/post"}],"author":[{"embeddable":true,"href":"https:\/\/agora.xtec.cat\/iesguindavols\/wp-json\/wp\/v2\/users\/6"}],"replies":[{"embeddable":true,"href":"https:\/\/agora.xtec.cat\/iesguindavols\/wp-json\/wp\/v2\/comments?post=67789"}],"version-history":[{"count":2,"href":"https:\/\/agora.xtec.cat\/iesguindavols\/wp-json\/wp\/v2\/posts\/67789\/revisions"}],"predecessor-version":[{"id":67794,"href":"https:\/\/agora.xtec.cat\/iesguindavols\/wp-json\/wp\/v2\/posts\/67789\/revisions\/67794"}],"wp:featuredmedia":[{"embeddable":true,"href":"https:\/\/agora.xtec.cat\/iesguindavols\/wp-json\/wp\/v2\/media\/67792"}],"wp:attachment":[{"href":"https:\/\/agora.xtec.cat\/iesguindavols\/wp-json\/wp\/v2\/media?parent=67789"}],"wp:term":[{"taxonomy":"category","embeddable":true,"href":"https:\/\/agora.xtec.cat\/iesguindavols\/wp-json\/wp\/v2\/categories?post=67789"},{"taxonomy":"post_tag","embeddable":true,"href":"https:\/\/agora.xtec.cat\/iesguindavols\/wp-json\/wp\/v2\/tags?post=67789"}],"curies":[{"name":"wp","href":"https:\/\/api.w.org\/{rel}","templated":true}]}}