{"id":67756,"date":"2022-10-24T09:28:13","date_gmt":"2022-10-24T07:28:13","guid":{"rendered":"https:\/\/agora.xtec.cat\/iesguindavols\/?p=67756"},"modified":"2023-06-21T09:30:43","modified_gmt":"2023-06-21T07:30:43","slug":"com-es-de-gran-la-terra","status":"publish","type":"post","link":"https:\/\/agora.xtec.cat\/iesguindavols\/general\/com-es-de-gran-la-terra\/","title":{"rendered":"COM \u00c9S DE GRAN LA TERRA?"},"content":{"rendered":"<p><a href=\"https:\/\/agora.xtec.cat\/iesguindavols\/wp-content\/uploads\/usu2923\/2023\/06\/IMG_20221007_174415_385-1200x500_c.jpg\"><img loading=\"lazy\" decoding=\"async\" class=\"alignnone size-full wp-image-67758\" src=\"https:\/\/agora.xtec.cat\/iesguindavols\/wp-content\/uploads\/usu2923\/2023\/06\/IMG_20221007_174415_385-1200x500_c.jpg\" alt=\"\" width=\"1200\" height=\"500\" srcset=\"https:\/\/agora.xtec.cat\/iesguindavols\/wp-content\/uploads\/usu2923\/2023\/06\/IMG_20221007_174415_385-1200x500_c.jpg 1200w, https:\/\/agora.xtec.cat\/iesguindavols\/wp-content\/uploads\/usu2923\/2023\/06\/IMG_20221007_174415_385-1200x500_c-300x125.jpg 300w, https:\/\/agora.xtec.cat\/iesguindavols\/wp-content\/uploads\/usu2923\/2023\/06\/IMG_20221007_174415_385-1200x500_c-1024x427.jpg 1024w, https:\/\/agora.xtec.cat\/iesguindavols\/wp-content\/uploads\/usu2923\/2023\/06\/IMG_20221007_174415_385-1200x500_c-768x320.jpg 768w\" sizes=\"auto, (max-width: 1200px) 100vw, 1200px\" \/><\/a><\/p>\n<p>Els dies 7, 8 i 9 d\u2019octubre les alumnes Gemma Cugota, Paula G\u00f3mez i Ivet G\u00fcell van participar a la final del XXIII Concurs \u201c<strong>Ciencia en Acci\u00f3n<\/strong>\u201d que se va celebrar a Viladecans.<br \/>\nEl projecte que varen presentar feia un estudi de diversos fen\u00f2mens astron\u00f2mics que es produeixen als equinoccis i que varen permetre, entre d\u2019altres coses, fer una estimaci\u00f3 de la grand\u00e0ria de la Terra, tal com ja ho va fer el savi Erat\u00f2stenes ja fa m\u00e9s de 2000 anys .<br \/>\nTamb\u00e9 varen determinar experimentalment a latitud de Lleida, i la declinaci\u00f3 del Sol el dia de l\u2019equinocci.<br \/>\nEl projecte va estar tutoritzat per la professora Rosa Borrell i per l\u2019 Anicet Cosialls.<br \/>\n<strong>Ciencia en Acci\u00f3n<\/strong>\u00a0\u00e9s un concurs internacional adre\u00e7at a estudiants, professors, investigadors i divulgadors de la comunitat cient\u00edfica, en qualsevol de les seves disciplines.<br \/>\nEl seu principal objectiu \u00e9s presentar la ci\u00e8ncia d\u2019una manera atractiva i motivadora, de manera que el jovent i el gran p\u00fablic s\u2019 hi interessin i al llarg del concurs gaudeixin<br \/>\nescoltant les confer\u00e8ncies, observant i participant a la fira.<\/p>\n<p><a href=\"https:\/\/agora.xtec.cat\/iesguindavols\/wp-content\/uploads\/usu2923\/2023\/06\/IMG_20221007_174415_385-1024x768-1.jpg\"><img loading=\"lazy\" decoding=\"async\" class=\"alignnone size-full wp-image-67757\" src=\"https:\/\/agora.xtec.cat\/iesguindavols\/wp-content\/uploads\/usu2923\/2023\/06\/IMG_20221007_174415_385-1024x768-1.jpg\" alt=\"\" width=\"1024\" height=\"768\" srcset=\"https:\/\/agora.xtec.cat\/iesguindavols\/wp-content\/uploads\/usu2923\/2023\/06\/IMG_20221007_174415_385-1024x768-1.jpg 1024w, https:\/\/agora.xtec.cat\/iesguindavols\/wp-content\/uploads\/usu2923\/2023\/06\/IMG_20221007_174415_385-1024x768-1-300x225.jpg 300w, https:\/\/agora.xtec.cat\/iesguindavols\/wp-content\/uploads\/usu2923\/2023\/06\/IMG_20221007_174415_385-1024x768-1-768x576.jpg 768w, https:\/\/agora.xtec.cat\/iesguindavols\/wp-content\/uploads\/usu2923\/2023\/06\/IMG_20221007_174415_385-1024x768-1-200x150.jpg 200w\" sizes=\"auto, (max-width: 1024px) 100vw, 1024px\" \/><\/a><\/p>\n","protected":false},"excerpt":{"rendered":"<p><a href=\"https:\/\/agora.xtec.cat\/iesguindavols\/wp-content\/uploads\/usu2923\/2023\/06\/IMG_20221007_174415_385-1200x500_c.jpg\"><\/a><br \/>\nEls dies 7, 8 i 9 d\u2019octubre les alumnes Gemma Cugota, Paula G\u00f3mez i Ivet G\u00fcell van participar a la final del XXIII Concurs \u201cCiencia en Acci\u00f3n\u201d que se va celebrar a Viladecans.<br \/>\nEl projecte que varen presentar feia un estudi de diversos fen\u00f2mens astron\u00f2mics&hellip;  <a href=\"https:\/\/agora.xtec.cat\/iesguindavols\/general\/com-es-de-gran-la-terra\/\" title=\"Read COM \u00c9S DE GRAN LA TERRA?\">Llegeix m\u00e9s\u00bb<\/a><\/p>\n","protected":false},"author":6,"featured_media":67758,"comment_status":"open","ping_status":"closed","sticky":false,"template":"","format":"standard","meta":{"_bbp_topic_count":0,"_bbp_reply_count":0,"_bbp_total_topic_count":0,"_bbp_total_reply_count":0,"_bbp_voice_count":0,"_bbp_anonymous_reply_count":0,"_bbp_topic_count_hidden":0,"_bbp_reply_count_hidden":0,"_bbp_forum_subforum_count":0,"footnotes":""},"categories":[109,8,107,1,143,144,29],"tags":[],"class_list":["post-67756","post","type-post","status-publish","format-standard","has-post-thumbnail","hentry","category-activitats","category-batxillerat","category-centre","category-general","category-noticies","category-novetats","category-portada"],"post_mailing_queue_ids":[],"_links":{"self":[{"href":"https:\/\/agora.xtec.cat\/iesguindavols\/wp-json\/wp\/v2\/posts\/67756","targetHints":{"allow":["GET"]}}],"collection":[{"href":"https:\/\/agora.xtec.cat\/iesguindavols\/wp-json\/wp\/v2\/posts"}],"about":[{"href":"https:\/\/agora.xtec.cat\/iesguindavols\/wp-json\/wp\/v2\/types\/post"}],"author":[{"embeddable":true,"href":"https:\/\/agora.xtec.cat\/iesguindavols\/wp-json\/wp\/v2\/users\/6"}],"replies":[{"embeddable":true,"href":"https:\/\/agora.xtec.cat\/iesguindavols\/wp-json\/wp\/v2\/comments?post=67756"}],"version-history":[{"count":1,"href":"https:\/\/agora.xtec.cat\/iesguindavols\/wp-json\/wp\/v2\/posts\/67756\/revisions"}],"predecessor-version":[{"id":67759,"href":"https:\/\/agora.xtec.cat\/iesguindavols\/wp-json\/wp\/v2\/posts\/67756\/revisions\/67759"}],"wp:featuredmedia":[{"embeddable":true,"href":"https:\/\/agora.xtec.cat\/iesguindavols\/wp-json\/wp\/v2\/media\/67758"}],"wp:attachment":[{"href":"https:\/\/agora.xtec.cat\/iesguindavols\/wp-json\/wp\/v2\/media?parent=67756"}],"wp:term":[{"taxonomy":"category","embeddable":true,"href":"https:\/\/agora.xtec.cat\/iesguindavols\/wp-json\/wp\/v2\/categories?post=67756"},{"taxonomy":"post_tag","embeddable":true,"href":"https:\/\/agora.xtec.cat\/iesguindavols\/wp-json\/wp\/v2\/tags?post=67756"}],"curies":[{"name":"wp","href":"https:\/\/api.w.org\/{rel}","templated":true}]}}