{"id":67746,"date":"2022-10-24T09:22:12","date_gmt":"2022-10-24T07:22:12","guid":{"rendered":"https:\/\/agora.xtec.cat\/iesguindavols\/?p=67746"},"modified":"2023-06-21T09:24:08","modified_gmt":"2023-06-21T07:24:08","slug":"caminada-per-lleida","status":"publish","type":"post","link":"https:\/\/agora.xtec.cat\/iesguindavols\/general\/caminada-per-lleida\/","title":{"rendered":"CAMINADA PER LLEIDA"},"content":{"rendered":"<p><a href=\"https:\/\/agora.xtec.cat\/iesguindavols\/wp-content\/uploads\/usu2923\/2023\/06\/IMG_0025-1200x500_c.jpg\"><img loading=\"lazy\" decoding=\"async\" class=\"alignnone size-full wp-image-67747\" src=\"https:\/\/agora.xtec.cat\/iesguindavols\/wp-content\/uploads\/usu2923\/2023\/06\/IMG_0025-1200x500_c.jpg\" alt=\"\" width=\"1200\" height=\"500\" srcset=\"https:\/\/agora.xtec.cat\/iesguindavols\/wp-content\/uploads\/usu2923\/2023\/06\/IMG_0025-1200x500_c.jpg 1200w, https:\/\/agora.xtec.cat\/iesguindavols\/wp-content\/uploads\/usu2923\/2023\/06\/IMG_0025-1200x500_c-300x125.jpg 300w, https:\/\/agora.xtec.cat\/iesguindavols\/wp-content\/uploads\/usu2923\/2023\/06\/IMG_0025-1200x500_c-1024x427.jpg 1024w, https:\/\/agora.xtec.cat\/iesguindavols\/wp-content\/uploads\/usu2923\/2023\/06\/IMG_0025-1200x500_c-768x320.jpg 768w\" sizes=\"auto, (max-width: 1200px) 100vw, 1200px\" \/><\/a><\/p>\n<p>El passat dilluns 17 d\u2019octubre l\u2019alumnat de 1r d\u2019ESO Dins el projecte \u201cConeguem Lleida, coneguem Guind\u00e0vols\u201d va realitzar una sortida l\u00fadica a peu per tal de con\u00e8ixer diferents indrets de la ciutat de Lleida.<\/p>\n<p>En aquest itinerari van descobrir: el curs del riu Noguerola,\u00a0Torre Queralt i el barri Sec\u00e0 Sant Pere (on es va realitzar una observaci\u00f3 orientativa des del mirador), els Horts municipals de Pardinyes, la col\u00f2nia de cigonyes urbana m\u00e9s gran de Lleida i el Parc de la Mitjana.<\/p>\n<p>Despr\u00e9s de fer una primera parada per esmorzar al Parc de la Mitjana, es va continuar litinerari per visitar el Parc l\u00fadic de Pardinyes, les comportes del riu Segre, el roc\u00f2drom municipal i els gratifis i vam seguir el curs del riu pel marge dret, passant sota els diferents ponts.<\/p>\n<p>I finalment,vam visitar el Castell dels Templers i vam arribar al centre passant per l\u2019Escola Mag\u00ed Morera, l\u2019Institut Castell de Templers i el Centre Obert Calidoscopi.<\/p>\n<p>En total l\u2019alumnat va realitzar una bona caminada al llarg del mat\u00ed, 17 Km.<\/p>\n<p>&nbsp;<\/p>\n","protected":false},"excerpt":{"rendered":"<p><a href=\"https:\/\/agora.xtec.cat\/iesguindavols\/wp-content\/uploads\/usu2923\/2023\/06\/IMG_0025-1200x500_c.jpg\"><\/a><br \/>\nEl passat dilluns 17 d\u2019octubre l\u2019alumnat de 1r d\u2019ESO Dins el projecte \u201cConeguem Lleida, coneguem Guind\u00e0vols\u201d va realitzar una sortida l\u00fadica a peu per tal de con\u00e8ixer diferents indrets de la ciutat de Lleida.<br \/>\nEn aquest itinerari van descobrir: el curs del riu Noguerola,\u00a0Torre Queralt&hellip;  <a href=\"https:\/\/agora.xtec.cat\/iesguindavols\/general\/caminada-per-lleida\/\" title=\"Read CAMINADA PER LLEIDA\">Llegeix m\u00e9s\u00bb<\/a><\/p>\n","protected":false},"author":6,"featured_media":67747,"comment_status":"open","ping_status":"closed","sticky":false,"template":"","format":"standard","meta":{"_bbp_topic_count":0,"_bbp_reply_count":0,"_bbp_total_topic_count":0,"_bbp_total_reply_count":0,"_bbp_voice_count":0,"_bbp_anonymous_reply_count":0,"_bbp_topic_count_hidden":0,"_bbp_reply_count_hidden":0,"_bbp_forum_subforum_count":0,"footnotes":""},"categories":[109,107,251,110,1,143,144,29],"tags":[],"class_list":["post-67746","post","type-post","status-publish","format-standard","has-post-thumbnail","hentry","category-activitats","category-centre","category-education-2","category-eso-al-guindavols","category-general","category-noticies","category-novetats","category-portada"],"post_mailing_queue_ids":[],"_links":{"self":[{"href":"https:\/\/agora.xtec.cat\/iesguindavols\/wp-json\/wp\/v2\/posts\/67746","targetHints":{"allow":["GET"]}}],"collection":[{"href":"https:\/\/agora.xtec.cat\/iesguindavols\/wp-json\/wp\/v2\/posts"}],"about":[{"href":"https:\/\/agora.xtec.cat\/iesguindavols\/wp-json\/wp\/v2\/types\/post"}],"author":[{"embeddable":true,"href":"https:\/\/agora.xtec.cat\/iesguindavols\/wp-json\/wp\/v2\/users\/6"}],"replies":[{"embeddable":true,"href":"https:\/\/agora.xtec.cat\/iesguindavols\/wp-json\/wp\/v2\/comments?post=67746"}],"version-history":[{"count":2,"href":"https:\/\/agora.xtec.cat\/iesguindavols\/wp-json\/wp\/v2\/posts\/67746\/revisions"}],"predecessor-version":[{"id":67749,"href":"https:\/\/agora.xtec.cat\/iesguindavols\/wp-json\/wp\/v2\/posts\/67746\/revisions\/67749"}],"wp:featuredmedia":[{"embeddable":true,"href":"https:\/\/agora.xtec.cat\/iesguindavols\/wp-json\/wp\/v2\/media\/67747"}],"wp:attachment":[{"href":"https:\/\/agora.xtec.cat\/iesguindavols\/wp-json\/wp\/v2\/media?parent=67746"}],"wp:term":[{"taxonomy":"category","embeddable":true,"href":"https:\/\/agora.xtec.cat\/iesguindavols\/wp-json\/wp\/v2\/categories?post=67746"},{"taxonomy":"post_tag","embeddable":true,"href":"https:\/\/agora.xtec.cat\/iesguindavols\/wp-json\/wp\/v2\/tags?post=67746"}],"curies":[{"name":"wp","href":"https:\/\/api.w.org\/{rel}","templated":true}]}}